{"id":40181,"date":"2022-05-18T01:53:47","date_gmt":"2022-05-18T01:53:47","guid":{"rendered":"http:\/\/elterritorialweb.com.ar\/web\/?p=40181"},"modified":"2022-05-18T01:53:48","modified_gmt":"2022-05-18T01:53:48","slug":"zamora-participo-de-la-presentacion-de-la-nueva-camioneta-nissan-frontier","status":"publish","type":"post","link":"https:\/\/elterritorialweb.com.ar\/web\/zamora-participo-de-la-presentacion-de-la-nueva-camioneta-nissan-frontier\/","title":{"rendered":"ZAMORA PARTICIP\u00d3 DE LA PRESENTACI\u00d3N DE LA NUEVA CAMIONETA NISSAN FRONTIER"},"content":{"rendered":"\n<p>Estuvieron tambi\u00e9n la intendenta de la Capital, Norma Fuentes, y miembros de su gabinete, quienes fueron recibidos por el gerente de AG Noa Nissan, Jos\u00e9 Fraguas, y el socio del grupo comercial Javier Jalil.<br>El lanzamiento de esta nueva versi\u00f3n de la marca de origen japon\u00e9s se hizo a trav\u00e9s de un video que detall\u00f3 sus caracter\u00edsticas.<br>Posteriormente, Zamora y Fuentes hicieron el descubrimiento de la camioneta Frontier 2022.<br>Jalil agradeci\u00f3 la presencia del gobernador y manifest\u00f3 su satisfacci\u00f3n por invertir en una provincia que genera condiciones para el desarrollo de la actividad privada.<br>\u00abAdmiro a la gente que se preocupa en generar trabajo genuino, por lo que seguiremos apostando a esta provincia y pronto estaremos inaugurando una nueva sucursal en la Capital\u00bb, anunci\u00f3.<\/p>\n","protected":false},"excerpt":{"rendered":"<p>El gobernador Gerardo Zamora particip\u00f3 este martes por la noche de la presentaci\u00f3n de la nueva camioneta Nissan Frontier, organizada por la empresa AG Noa en el sal\u00f3n de ventas ubicado en el Centro de ciudad Capital.<\/p>\n","protected":false},"author":2,"featured_media":40182,"comment_status":"open","ping_status":"open","sticky":false,"template":"","format":"standard","meta":{"om_disable_all_campaigns":false,"_monsterinsights_skip_tracking":false,"_monsterinsights_sitenote_active":false,"_monsterinsights_sitenote_note":"","_monsterinsights_sitenote_category":0,"_uf_show_specific_survey":0,"_uf_disable_surveys":false,"jetpack_post_was_ever_published":false,"_jetpack_newsletter_access":"","_jetpack_dont_email_post_to_subs":false,"_jetpack_newsletter_tier_id":0,"_jetpack_memberships_contains_paywalled_content":false,"_jetpack_memberships_contains_paid_content":false,"footnotes":"","jetpack_publicize_message":"","jetpack_publicize_feature_enabled":true,"jetpack_social_post_already_shared":false,"jetpack_social_options":{"image_generator_settings":{"template":"highway","default_image_id":0,"font":"","enabled":false},"version":2}},"categories":[21],"tags":[],"class_list":["post-40181","post","type-post","status-publish","format-standard","has-post-thumbnail","hentry","category-locales"],"aioseo_notices":[],"views":8,"jetpack_publicize_connections":[],"jetpack_featured_media_url":"https:\/\/i0.wp.com\/elterritorialweb.com.ar\/web\/wp-content\/uploads\/2022\/05\/IMG-20220517-WA0033.jpg?fit=1280%2C853&ssl=1","jetpack_sharing_enabled":true,"_links":{"self":[{"href":"https:\/\/elterritorialweb.com.ar\/web\/wp-json\/wp\/v2\/posts\/40181","targetHints":{"allow":["GET"]}}],"collection":[{"href":"https:\/\/elterritorialweb.com.ar\/web\/wp-json\/wp\/v2\/posts"}],"about":[{"href":"https:\/\/elterritorialweb.com.ar\/web\/wp-json\/wp\/v2\/types\/post"}],"author":[{"embeddable":true,"href":"https:\/\/elterritorialweb.com.ar\/web\/wp-json\/wp\/v2\/users\/2"}],"replies":[{"embeddable":true,"href":"https:\/\/elterritorialweb.com.ar\/web\/wp-json\/wp\/v2\/comments?post=40181"}],"version-history":[{"count":1,"href":"https:\/\/elterritorialweb.com.ar\/web\/wp-json\/wp\/v2\/posts\/40181\/revisions"}],"predecessor-version":[{"id":40183,"href":"https:\/\/elterritorialweb.com.ar\/web\/wp-json\/wp\/v2\/posts\/40181\/revisions\/40183"}],"wp:featuredmedia":[{"embeddable":true,"href":"https:\/\/elterritorialweb.com.ar\/web\/wp-json\/wp\/v2\/media\/40182"}],"wp:attachment":[{"href":"https:\/\/elterritorialweb.com.ar\/web\/wp-json\/wp\/v2\/media?parent=40181"}],"wp:term":[{"taxonomy":"category","embeddable":true,"href":"https:\/\/elterritorialweb.com.ar\/web\/wp-json\/wp\/v2\/categories?post=40181"},{"taxonomy":"post_tag","embeddable":true,"href":"https:\/\/elterritorialweb.com.ar\/web\/wp-json\/wp\/v2\/tags?post=40181"}],"curies":[{"name":"wp","href":"https:\/\/api.w.org\/{rel}","templated":true}]}}