{"id":40185,"date":"2022-05-18T14:43:27","date_gmt":"2022-05-18T14:43:27","guid":{"rendered":"http:\/\/elterritorialweb.com.ar\/web\/?p=40185"},"modified":"2022-05-18T14:43:28","modified_gmt":"2022-05-18T14:43:28","slug":"fuentes-recorrio-el-avance-de-la-obra-del-parque-ecologico-en-el-barrio-lomas-del-golf","status":"publish","type":"post","link":"https:\/\/elterritorialweb.com.ar\/web\/fuentes-recorrio-el-avance-de-la-obra-del-parque-ecologico-en-el-barrio-lomas-del-golf\/","title":{"rendered":"FUENTES RECORRI\u00d3 EL AVANCE DE LA OBRA DEL PARQUE ECOL\u00d3GICO EN EL BARRIO LOMAS DEL GOLF"},"content":{"rendered":"\n<p>El recorrido de la jefa comunal se hizo en el marco de las habituales supervisiones de avances de obras que lleva adelante el municipio. En esta oportunidad, fue recibida por el luthier santiague\u00f1o, el \u201cIndio\u00bb Froil\u00e1n Gonz\u00e1lez, Teresa Castronuovo de la Fundaci\u00f3n \u201cIndio Froil\u00e1n\u201d y un grupo de vecinos que se acercaron para dialogar sobre los trabajos.<br>\u201cEs una satisfacci\u00f3n enorme ver el crecimiento de este espacio que es una reserva natural de cuatro hect\u00e1reas que conserva la flora aut\u00f3ctona, donde predominan diferentes especies de \u00e1rboles y el respeto por la naturaleza. El objetivo es que la gente pueda disfrutar de un momento de recreaci\u00f3n en este espacio y crear un importante lugar tur\u00edstico\u201d, expres\u00f3 la Ing. Fuentes.<br>La titular del Departamento Ejecutivo recorri\u00f3 la obra que incluye el cerrado perimetral, con dos accesos con p\u00f3rticos, caminer\u00eda e iluminaci\u00f3n, adem\u00e1s de nuevos servicios y equipamientos.<br>En tanto, sobre el sector externo, se dispondr\u00e1 de veredas para peatonales, rampas y estacionamiento vehicular.<br>Por su parte, Castronuovo agradeci\u00f3 a la Municipalidad por hacer posible este espacio de conservaci\u00f3n de la naturaleza, por el respeto a los \u00e1rboles y augur\u00f3 que se \u201cconvertir\u00e1 en un importante centro tur\u00edstico del norte argentino porque es una reserva maravillosa\u201d.<br>El parque ecol\u00f3gico est\u00e1 ubicado en la zona del acceso norte a la ciudad, en cercan\u00edas de la comunidad Tonocot\u00e9s y del \u201cPatio del Indio Froil\u00e1n\u201d.<\/p>\n","protected":false},"excerpt":{"rendered":"<p>La intendente de la Capital, Ing. Norma Fuentes, visit\u00f3 la obra del \u201cParque Ecol\u00f3gico Lomas del Golf\u201d, ubicada en el barrio del mismo nombre, que busca preservar una muestra del monte aut\u00f3ctono santiague\u00f1o, a la vez incorporar nuevo equipamiento urbano y obras art\u00edsticas referidas a la m\u00fasica folcl\u00f3rica.<\/p>\n","protected":false},"author":2,"featured_media":40186,"comment_status":"open","ping_status":"open","sticky":false,"template":"","format":"standard","meta":{"om_disable_all_campaigns":false,"_monsterinsights_skip_tracking":false,"_monsterinsights_sitenote_active":false,"_monsterinsights_sitenote_note":"","_monsterinsights_sitenote_category":0,"_uf_show_specific_survey":0,"_uf_disable_surveys":false,"jetpack_post_was_ever_published":false,"_jetpack_newsletter_access":"","_jetpack_dont_email_post_to_subs":false,"_jetpack_newsletter_tier_id":0,"_jetpack_memberships_contains_paywalled_content":false,"_jetpack_memberships_contains_paid_content":false,"footnotes":"","jetpack_publicize_message":"","jetpack_publicize_feature_enabled":true,"jetpack_social_post_already_shared":false,"jetpack_social_options":{"image_generator_settings":{"template":"highway","default_image_id":0,"font":"","enabled":false},"version":2}},"categories":[21],"tags":[],"class_list":["post-40185","post","type-post","status-publish","format-standard","has-post-thumbnail","hentry","category-locales"],"aioseo_notices":[],"views":5,"jetpack_publicize_connections":[],"jetpack_featured_media_url":"https:\/\/i0.wp.com\/elterritorialweb.com.ar\/web\/wp-content\/uploads\/2022\/05\/FB_IMG_1652884716226.jpg?fit=720%2C480&ssl=1","jetpack_sharing_enabled":true,"_links":{"self":[{"href":"https:\/\/elterritorialweb.com.ar\/web\/wp-json\/wp\/v2\/posts\/40185","targetHints":{"allow":["GET"]}}],"collection":[{"href":"https:\/\/elterritorialweb.com.ar\/web\/wp-json\/wp\/v2\/posts"}],"about":[{"href":"https:\/\/elterritorialweb.com.ar\/web\/wp-json\/wp\/v2\/types\/post"}],"author":[{"embeddable":true,"href":"https:\/\/elterritorialweb.com.ar\/web\/wp-json\/wp\/v2\/users\/2"}],"replies":[{"embeddable":true,"href":"https:\/\/elterritorialweb.com.ar\/web\/wp-json\/wp\/v2\/comments?post=40185"}],"version-history":[{"count":1,"href":"https:\/\/elterritorialweb.com.ar\/web\/wp-json\/wp\/v2\/posts\/40185\/revisions"}],"predecessor-version":[{"id":40187,"href":"https:\/\/elterritorialweb.com.ar\/web\/wp-json\/wp\/v2\/posts\/40185\/revisions\/40187"}],"wp:featuredmedia":[{"embeddable":true,"href":"https:\/\/elterritorialweb.com.ar\/web\/wp-json\/wp\/v2\/media\/40186"}],"wp:attachment":[{"href":"https:\/\/elterritorialweb.com.ar\/web\/wp-json\/wp\/v2\/media?parent=40185"}],"wp:term":[{"taxonomy":"category","embeddable":true,"href":"https:\/\/elterritorialweb.com.ar\/web\/wp-json\/wp\/v2\/categories?post=40185"},{"taxonomy":"post_tag","embeddable":true,"href":"https:\/\/elterritorialweb.com.ar\/web\/wp-json\/wp\/v2\/tags?post=40185"}],"curies":[{"name":"wp","href":"https:\/\/api.w.org\/{rel}","templated":true}]}}