{"id":40189,"date":"2022-05-18T20:45:11","date_gmt":"2022-05-18T20:45:11","guid":{"rendered":"http:\/\/elterritorialweb.com.ar\/web\/?p=40189"},"modified":"2022-05-18T21:16:49","modified_gmt":"2022-05-18T21:16:49","slug":"la-etapa-final-del-censo-nacional-2022-comenzo-con-el-relevamiento-presencial-casa-por-casa","status":"publish","type":"post","link":"https:\/\/elterritorialweb.com.ar\/web\/la-etapa-final-del-censo-nacional-2022-comenzo-con-el-relevamiento-presencial-casa-por-casa\/","title":{"rendered":"LA ETAPA FINAL DEL CENSO NACIONAL 2022 COMENZ\u00d3 CON EL RELEVAMIENTO PRESENCIAL CASA POR CASA"},"content":{"rendered":"\n<p>La etapa final del Censo Nacional 2022 comenz\u00f3 este mi\u00e9rcoles a las 8, con el inicio del&nbsp;<strong>relevamiento presencial casa por casa<\/strong>&nbsp;en todo el pa\u00eds a cargo de m\u00e1s de 600 mil personas, entre censistas urbanos y rurales y coordinadores nacionales y provinciales, en el marco de una jornada que fue declarada feriado nacional, luego de que concluyera la modalidad digital, que estuvo habilitada durante dos meses.<\/p>\n\n\n\n<p>El tradicional operativo presencial, que&nbsp;<strong>se extender\u00e1 hasta las 18<\/strong>, abarcar\u00e1&nbsp;<strong>15 millones de viviendas<\/strong>&nbsp;en todo el pa\u00eds y cada censista llevar\u00e1 una pechera con el n\u00famero 0800-345-2022, donde durante todo el d\u00eda se podr\u00e1n realizar consultas y denuncias; una credencial identificatoria con su nombre, apellido y n\u00famero documento, un c\u00f3digo QR y una bolsa con el logo oficial del Censo 2022.<\/p>\n\n\n\n<p>El censo&nbsp;<strong>arrojar\u00e1 datos estad\u00edsticos<\/strong>&nbsp;sobre el n\u00famero de habitantes de la Argentina, las condiciones de infraestructura de sus viviendas, sus niveles educativos, su identidad de g\u00e9nero autopercibida y si se reconocen ind\u00edgenas o descendientes de pueblos originarios o afrodescendientes o de antepasados negros o africanos, entre otras informaciones.<\/p>\n\n\n\n<p>El Censo 2010,&nbsp;<strong>la \u00faltima edici\u00f3n hecha en el pa\u00eds<\/strong>, hace doce a\u00f1os, hab\u00eda reportado un total de 40.117.096 habitantes.<\/p>\n\n\n\n<p>En esta ocasi\u00f3n, la estructura censal, en n\u00fameros, se desdoblar\u00e1 en 458.000 censistas de viviendas particulares, 60.000 jefas o jefes de radio, 50.000 agentes de viviendas colectivas y 18.000 asistentes de jefa o jefe de fracci\u00f3n.<\/p>\n\n\n\n<p>El&nbsp;<strong>objetivo&nbsp;<\/strong>es censar a m\u00e1s de 15 millones de viviendas y a m\u00e1s de 45 millones de personas, seg\u00fan se indic\u00f3.<\/p>\n\n\n\n<p>\u00abRepartimos m\u00e1s de 300 mil kits censales en todo el pa\u00eds, toda la organizaci\u00f3n e inversi\u00f3n es muy grande en torno de poder tener esta informaci\u00f3n esencial\u00bb, precis\u00f3 el director del Indec, Marco Lavagna.<\/p>\n\n\n\n<p>De este modo, este mi\u00e9rcoles, decretado&nbsp;<strong>feriado nacional<\/strong>, tendr\u00e1 lugar el operativo en las viviendas particulares en las \u00e1reas urbanas de todo el territorio argentino, donde las personas censistas realizar\u00e1n las entrevistas presenciales a quienes no hayan completado el cuestionario digital o solicitar\u00e1n los comprobantes de finalizaci\u00f3n del Censo digital, en los casos que corresponda.<\/p>\n\n\n\n<p>El Censo consta de&nbsp;<strong>cuatro operativos<\/strong>: viviendas rurales, viviendas colectivas (c\u00e1rceles, hospitales, geri\u00e1tricos o bases navales), personas en situaci\u00f3n de calle y viviendas urbanas que ser\u00e1n censadas este mi\u00e9rcoles entre las 8 y las 18 horas.<\/p>\n\n\n\n<p>El Censo Nacional de Viviendas Colectivas del Servicio Penitenciario 2022 se realiz\u00f3 en forma coordinada entre el Indec, los ministerios de Econom\u00eda y de Justicia y Derechos Humanos de la provincia de Buenos Aires, y el Servicio Penitenciario Bonaerense (SPB).<\/p>\n\n\n\n<p>El operativo, que arranc\u00f3 el mi\u00e9rcoles 11 de mayo y culmin\u00f3 la noche del martes, involucr\u00f3 a 258 censistas pertenecientes al SPB, que censaron a personas privadas de su libertad alojadas en 57 c\u00e1rceles y 9 alcaid\u00edas pertenecientes a la provincia de Buenos Aires.<\/p>\n\n\n\n<p>Durante el operativo tradicional, el Censo 2022 contar\u00e1 con\u00a0estrategias de accesibilidad para facilitar el registro de las personas con discapacidad, como parte de un plan de accesibilidad desarrollado por el Indec junto a la Agencia Nacional de Discapacidad (Andis).<\/p>\n\n\n\n<figure class=\"wp-block-image\"><img data-recalc-dims=\"1\" decoding=\"async\" data-src=\"https:\/\/i0.wp.com\/media.puntal.com.ar\/p\/85020e9b87eee2f772a5c983cc50ba67\/adjuntos\/270\/imagenes\/001\/504\/0001504675\/1200x0\/smart\/censo-1jpg.jpg?w=640&#038;ssl=1\" alt=\"Comenz\u00f3 el Censo 2022 en todos los hogares del pa\u00eds\" src=\"data:image\/svg+xml;base64,PHN2ZyB3aWR0aD0iMSIgaGVpZ2h0PSIxIiB4bWxucz0iaHR0cDovL3d3dy53My5vcmcvMjAwMC9zdmciPjwvc3ZnPg==\" class=\"lazyload\" \/><\/figure>\n\n\n\n<p>De esta manera, tanto las y los censistas como las personas a censar podr\u00e1n consultar al WhatsApp de ANDIS (011-2478-4746) sobre estrategias de accesibilidad, solicitar asesoramiento puntual y tambi\u00e9n apoyos.<\/p>\n\n\n\n<p>Adem\u00e1s, las personas usuarias de Lengua de Se\u00f1as Argentina (LSA) podr\u00e1n solicitar un servicio de interpretaci\u00f3n por videollamada.<\/p>\n\n\n\n<p>En todos los operativos,&nbsp;las personas censistas llevar\u00e1n una pechera con la imagen del Censo 2022&nbsp;y el n\u00famero telef\u00f3nico de la mesa de ayuda (0800-345-2022), adem\u00e1s de una credencial con sus datos personales (nombre, apellido y DNI).<\/p>\n\n\n\n<p>Quienes no respondan o mientan sobre los datos, deber\u00e1n pagar una multa m\u00ednima de $1.076,36, mientras que la penalidad m\u00e1xima puede alcanzar los $106.799,35.<\/p>\n\n\n\n<p>El Censo 2010, la \u00faltima edici\u00f3n hecha en Argentina, report\u00f3 40.117.096 habitantes y el operativo previsto para 2020 debi\u00f3 postergarse dos a\u00f1os por la pandemia de coronavirus.<\/p>\n","protected":false},"excerpt":{"rendered":"<p>El operativo presencial comenz\u00f3 a las 8 y se extender\u00e1 hasta las 18. La modalidad digital se realiz\u00f3 desde el 16 de marzo y fue completada por m\u00e1s del 40 por ciento de la poblaci\u00f3n.<\/p>\n","protected":false},"author":2,"featured_media":40191,"comment_status":"open","ping_status":"open","sticky":false,"template":"","format":"standard","meta":{"om_disable_all_campaigns":false,"_monsterinsights_skip_tracking":false,"_monsterinsights_sitenote_active":false,"_monsterinsights_sitenote_note":"","_monsterinsights_sitenote_category":0,"_uf_show_specific_survey":0,"_uf_disable_surveys":false,"jetpack_post_was_ever_published":false,"_jetpack_newsletter_access":"","_jetpack_dont_email_post_to_subs":false,"_jetpack_newsletter_tier_id":0,"_jetpack_memberships_contains_paywalled_content":false,"_jetpack_memberships_contains_paid_content":false,"footnotes":"","jetpack_publicize_message":"","jetpack_publicize_feature_enabled":true,"jetpack_social_post_already_shared":false,"jetpack_social_options":{"image_generator_settings":{"template":"highway","default_image_id":0,"font":"","enabled":false},"version":2}},"categories":[31,4],"tags":[],"class_list":["post-40189","post","type-post","status-publish","format-standard","has-post-thumbnail","hentry","category-censo-nacional","category-destacadas"],"aioseo_notices":[],"views":23,"jetpack_publicize_connections":[],"jetpack_featured_media_url":"https:\/\/i0.wp.com\/elterritorialweb.com.ar\/web\/wp-content\/uploads\/2022\/05\/censo.jpg?fit=1040%2C780&ssl=1","jetpack_sharing_enabled":true,"_links":{"self":[{"href":"https:\/\/elterritorialweb.com.ar\/web\/wp-json\/wp\/v2\/posts\/40189","targetHints":{"allow":["GET"]}}],"collection":[{"href":"https:\/\/elterritorialweb.com.ar\/web\/wp-json\/wp\/v2\/posts"}],"about":[{"href":"https:\/\/elterritorialweb.com.ar\/web\/wp-json\/wp\/v2\/types\/post"}],"author":[{"embeddable":true,"href":"https:\/\/elterritorialweb.com.ar\/web\/wp-json\/wp\/v2\/users\/2"}],"replies":[{"embeddable":true,"href":"https:\/\/elterritorialweb.com.ar\/web\/wp-json\/wp\/v2\/comments?post=40189"}],"version-history":[{"count":1,"href":"https:\/\/elterritorialweb.com.ar\/web\/wp-json\/wp\/v2\/posts\/40189\/revisions"}],"predecessor-version":[{"id":40193,"href":"https:\/\/elterritorialweb.com.ar\/web\/wp-json\/wp\/v2\/posts\/40189\/revisions\/40193"}],"wp:featuredmedia":[{"embeddable":true,"href":"https:\/\/elterritorialweb.com.ar\/web\/wp-json\/wp\/v2\/media\/40191"}],"wp:attachment":[{"href":"https:\/\/elterritorialweb.com.ar\/web\/wp-json\/wp\/v2\/media?parent=40189"}],"wp:term":[{"taxonomy":"category","embeddable":true,"href":"https:\/\/elterritorialweb.com.ar\/web\/wp-json\/wp\/v2\/categories?post=40189"},{"taxonomy":"post_tag","embeddable":true,"href":"https:\/\/elterritorialweb.com.ar\/web\/wp-json\/wp\/v2\/tags?post=40189"}],"curies":[{"name":"wp","href":"https:\/\/api.w.org\/{rel}","templated":true}]}}