{"id":40194,"date":"2022-05-18T20:53:09","date_gmt":"2022-05-18T20:53:09","guid":{"rendered":"http:\/\/elterritorialweb.com.ar\/web\/?p=40194"},"modified":"2022-05-18T21:16:31","modified_gmt":"2022-05-18T21:16:31","slug":"lavagna-destaco-la-calidad-y-rapidez-del-operativo-del-censo-nacional-2022","status":"publish","type":"post","link":"https:\/\/elterritorialweb.com.ar\/web\/lavagna-destaco-la-calidad-y-rapidez-del-operativo-del-censo-nacional-2022\/","title":{"rendered":"LAVAGNA DESTAC\u00d3 LA CALIDAD Y RAPIDEZ DEL OPERATIVO DEL CENSO NACIONAL 2022"},"content":{"rendered":"\n<p>El director del Instituto Nacional de Estad\u00edstica y Censos (Indec), Marco Lavagna,&nbsp;<strong>destac\u00f3 la calidad y rapidez del operativo del Censo Nacional 2022<\/strong>, pidi\u00f3 \u00abpaciencia\u00bb y solicit\u00f3 a la poblaci\u00f3n que \u00abesperen en sus viviendas a los censistas para darles el c\u00f3digo\u00bb.<\/p>\n\n\n\n<p>Asimismo, reiter\u00f3 que&nbsp;<strong>m\u00e1s de 23,8 millones de personas completaron el formulario digital<\/strong>&nbsp;del Censo, lo que implica que aproximadamente uno de cada dos habitantes del pa\u00eds eligieron esta modalidad para realizar el tr\u00e1mite censal.<\/p>\n\n\n\n<p>En una alocuci\u00f3n desde las oficinas del Indec, a metros de Plaza de Mayo, Lavagna destac\u00f3 \u00abla calidad del operativo que estamos teniendo hasta ahora, en t\u00e9rminos generales el operativo est\u00e1 siendo muy exitoso y seguramente terminaremos antes\u00bb.<\/p>\n\n\n\n<p>\u00abEn la pr\u00e1ctica se est\u00e1 viendo que el operativo se est\u00e1 haciendo muy r\u00e1pido, y eso nos pone muy contentos\u00bb, explic\u00f3.<\/p>\n\n\n\n<p>Respecto a este tema, agreg\u00f3 un pedido para la gente, y dijo que \u00abespere en sus viviendas para darles a los censistas el c\u00f3digo. Hay que tener un poco m\u00e1s de paciencia. Pedimos la colaboraci\u00f3n adicional y agradecemos a todos por c\u00f3mo est\u00e1n recibiendo a los censistas\u00bb.<\/p>\n\n\n\n<p>Asimismo,<strong>&nbsp;Lavagna destac\u00f3 la presencia de observadores internacionales&nbsp;<\/strong>en el desarrollo de la jornada censal.<\/p>\n\n\n\n<p>\u00abTenemos colegas que est\u00e1n siendo observadores del censo. Tenemos gente de Ecuador, de Paraguay, de Per\u00fa, de Uruguay, de la Cepal. de la Celade de Naciones Unidas. Ellos est\u00e1n haciendo un recorrido para ver c\u00f3mo se est\u00e1 haciendo la experiencia censal porque este a\u00f1o se desarrollar\u00e1n otras en el continente\u00bb, asever\u00f3.<\/p>\n\n\n\n<p>Luego el funcionario reconoci\u00f3 que \u00abno sab\u00edamos c\u00f3mo se iba a recepcionar el censo digital, pero super\u00f3 todas las expectativas que ten\u00edamos y eso permitir\u00e1 que el operativo de campo sea mucho m\u00e1s r\u00e1pido\u00bb, sostuvo previamente durante una rueda de prensa matinal.<\/p>\n\n\n\n<h3 class=\"wp-block-heading\">El Censo Digital<\/h3>\n\n\n\n<p>Lavagna precis\u00f3 que 23.813.773 personas completaron el formulario digital, lo que involucra a 8.615.318 viviendas, lo que en principio representa m\u00e1s del 50 por ciento de la poblaci\u00f3n.<\/p>\n\n\n\n<p>\u00abEn las \u00faltimas 72 horas completaron el censo digital 2.023.869 viviendas\u00bb, a\u00f1adi\u00f3.<\/p>\n\n\n\n<p>Esa modalidad se puso en marcha el 16 de marzo y concluy\u00f3 este mi\u00e9rcoles a las 8, antes de iniciarse el relevamiento territorial tradicional.<\/p>\n\n\n\n<h3 class=\"wp-block-heading\">Colaboraci\u00f3n<\/h3>\n\n\n\n<p>Asimismo, Lavagna&nbsp;<strong>pidi\u00f3 a la poblaci\u00f3n colaborar con las personas censistas&nbsp;<\/strong>que recorrer\u00e1n unas 17 millones de viviendas durante el operativo, que comenz\u00f3 a las 8 en todo el pa\u00eds y est\u00e1 previsto que concluya a las 18.<\/p>\n\n\n\n<p>\u00abLe pido a la poblaci\u00f3n que colabore con los censistas, por favor colaboren; tratemos de hacer un censo lo m\u00e1s r\u00e1pido que podamos\u00bb, exhort\u00f3 el director del Indec, quien inform\u00f3 que 652.000 personas participan del operativo y record\u00f3 que para chequear informaci\u00f3n de los censistas se puede llamar al 0800-345-2022.<\/p>\n\n\n\n<h3 class=\"wp-block-heading\">\u00abLa foto exacta de qui\u00e9nes somos\u00bb<\/h3>\n\n\n\n<p>\u00abEl censo es la foto exacta de qui\u00e9nes somos\u00bb, reiter\u00f3 por la ma\u00f1ana el director del Indec en la conferencia de prensa que ofreci\u00f3 a poco de iniciarse el tradicional operativo censal, despu\u00e9s de casi doce a\u00f1os del \u00faltimo que se realizara, en el 2010.<\/p>\n\n\n\n<p>En este sentido, el funcionario nacional confirm\u00f3 que&nbsp;<strong>el n\u00famero aproximado de habitantes en todo el pa\u00eds, desglosado por sexo, se conocer\u00e1 en la noche del mi\u00e9rcoles o el jueves&nbsp;<\/strong>a primera hora, y que \u00abel dato final se conocer\u00e1 a los tres meses, que a los ocho estar\u00e1 el dato definitivo, para luego obtener toda la muestra completa\u00bb.<\/p>\n\n\n\n<p>\u00abHasta ahora tenemos que Tierra del Fuego y Santiago del Estero son dos de las provincias que tiene un alto nivel de censados\u00bb, afirm\u00f3 Lavagna y estim\u00f3 que una familia tipo tarda unos 20 minutos en responder las preguntas de las personas censistas, y que no deber\u00eda ser m\u00e1s de un minuto para quienes entregan el c\u00f3digo del censo digital.<\/p>\n\n\n\n<p>Adem\u00e1s, Marco Lavagna afirm\u00f3 que el Censo Nacional 2022 marca \u00abun punto de inflexi\u00f3n\u00bb en la historia de este tipo de relevamientos al incorporar la opci\u00f3n de responderlo de manera digital, y sostuvo que inicia de esa manera \u00abun camino de transici\u00f3n\u00bb que continuar\u00e1.<\/p>\n\n\n\n<p>Por \u00faltimo, Lavagna record\u00f3 que&nbsp;<strong>el Censo 2020 incluye cuatro operativos<\/strong>, el de viviendas rurales, viviendas colectivas y personas en situaci\u00f3n de calle, tres que ya se realizaron, y el presencial que se llevar\u00e1 a cabo en todas las viviendas del pa\u00eds como \u00abmecanismo de validaci\u00f3n\u00bb para cotejar los datos obtenidos sobre habitantes y personas a trav\u00e9s del censo digital.<\/p>\n\n\n\n<p>El censo arrojar\u00e1 datos estad\u00edsticos sobre el n\u00famero de habitantes de la Argentina, las condiciones de infraestructura de sus viviendas, sus niveles educativos, su identidad de g\u00e9nero autopercibida y si se reconocen ind\u00edgenas o descendientes de pueblos originarios o afrodescendientes o de antepasados negros o africanos, entre otras informaciones.<\/p>\n\n\n\n<p>El Censo 2010, la \u00faltima edici\u00f3n hecha en el pa\u00eds,&nbsp;<strong>hace doce a\u00f1os, hab\u00eda reportado un total de 40.117.096 habitantes.<\/strong><\/p>\n","protected":false},"excerpt":{"rendered":"<p>El titular del Indec asegur\u00f3 que la etapa online del relevamiento poblacional \u00absuper\u00f3 todas las expectativas\u00bb y permitir\u00e1 que el operativo de campo se haga mucho m\u00e1s r\u00e1pido. Uno de cada dos habitantes eligi\u00f3 la modalidad virtual.<\/p>\n","protected":false},"author":2,"featured_media":40195,"comment_status":"open","ping_status":"open","sticky":false,"template":"","format":"standard","meta":{"om_disable_all_campaigns":false,"_monsterinsights_skip_tracking":false,"_monsterinsights_sitenote_active":false,"_monsterinsights_sitenote_note":"","_monsterinsights_sitenote_category":0,"_uf_show_specific_survey":0,"_uf_disable_surveys":false,"jetpack_post_was_ever_published":false,"_jetpack_newsletter_access":"","_jetpack_dont_email_post_to_subs":false,"_jetpack_newsletter_tier_id":0,"_jetpack_memberships_contains_paywalled_content":false,"_jetpack_memberships_contains_paid_content":false,"footnotes":"","jetpack_publicize_message":"","jetpack_publicize_feature_enabled":true,"jetpack_social_post_already_shared":false,"jetpack_social_options":{"image_generator_settings":{"template":"highway","default_image_id":0,"font":"","enabled":false},"version":2}},"categories":[31,4],"tags":[],"class_list":["post-40194","post","type-post","status-publish","format-standard","has-post-thumbnail","hentry","category-censo-nacional","category-destacadas"],"aioseo_notices":[],"views":27,"jetpack_publicize_connections":[],"jetpack_featured_media_url":"https:\/\/i0.wp.com\/elterritorialweb.com.ar\/web\/wp-content\/uploads\/2022\/05\/MARCO-LAVAGNA.jpg?fit=760%2C485&ssl=1","jetpack_sharing_enabled":true,"_links":{"self":[{"href":"https:\/\/elterritorialweb.com.ar\/web\/wp-json\/wp\/v2\/posts\/40194","targetHints":{"allow":["GET"]}}],"collection":[{"href":"https:\/\/elterritorialweb.com.ar\/web\/wp-json\/wp\/v2\/posts"}],"about":[{"href":"https:\/\/elterritorialweb.com.ar\/web\/wp-json\/wp\/v2\/types\/post"}],"author":[{"embeddable":true,"href":"https:\/\/elterritorialweb.com.ar\/web\/wp-json\/wp\/v2\/users\/2"}],"replies":[{"embeddable":true,"href":"https:\/\/elterritorialweb.com.ar\/web\/wp-json\/wp\/v2\/comments?post=40194"}],"version-history":[{"count":1,"href":"https:\/\/elterritorialweb.com.ar\/web\/wp-json\/wp\/v2\/posts\/40194\/revisions"}],"predecessor-version":[{"id":40196,"href":"https:\/\/elterritorialweb.com.ar\/web\/wp-json\/wp\/v2\/posts\/40194\/revisions\/40196"}],"wp:featuredmedia":[{"embeddable":true,"href":"https:\/\/elterritorialweb.com.ar\/web\/wp-json\/wp\/v2\/media\/40195"}],"wp:attachment":[{"href":"https:\/\/elterritorialweb.com.ar\/web\/wp-json\/wp\/v2\/media?parent=40194"}],"wp:term":[{"taxonomy":"category","embeddable":true,"href":"https:\/\/elterritorialweb.com.ar\/web\/wp-json\/wp\/v2\/categories?post=40194"},{"taxonomy":"post_tag","embeddable":true,"href":"https:\/\/elterritorialweb.com.ar\/web\/wp-json\/wp\/v2\/tags?post=40194"}],"curies":[{"name":"wp","href":"https:\/\/api.w.org\/{rel}","templated":true}]}}