{"id":40197,"date":"2022-05-18T21:11:32","date_gmt":"2022-05-18T21:11:32","guid":{"rendered":"http:\/\/elterritorialweb.com.ar\/web\/?p=40197"},"modified":"2022-05-18T21:11:32","modified_gmt":"2022-05-18T21:11:32","slug":"mas-turistas-brasilenos-llegan-a-termas","status":"publish","type":"post","link":"https:\/\/elterritorialweb.com.ar\/web\/mas-turistas-brasilenos-llegan-a-termas\/","title":{"rendered":"M\u00c1S TURISTAS BRASILE\u00d1OS LLEGAN A TERMAS"},"content":{"rendered":"\n<p>Se trata de turistas brasile\u00f1os procedentes del\u00a0<strong>Estado de Rio Grande Do Sul<\/strong>, en el sur de Brasil, que llegaron para recorrer el norte argentino y desde hace poco tiempo se incluy\u00f3 a\u00a0<strong>Termas de R\u00edo Hondo<\/strong>\u00a0como parte de este itinerario. En representaci\u00f3n de Sosa, fueron recibidos por el\u00a0<strong>Director del Museo del Autom\u00f3vil en el aut\u00f3dromo, Ra\u00fal Jalo Cano<\/strong>, quien adem\u00e1s les realiz\u00f3 un tour por las instalaciones, para luego entregarles obsequios recordatorios.<\/p>\n\n\n\n<figure class=\"wp-block-image size-full is-resized\"><a href=\"https:\/\/i0.wp.com\/elterritorialweb.com.ar\/web\/wp-content\/uploads\/2022\/05\/BRASILENOS-TERMAS-2022-.jpg\"><img data-recalc-dims=\"1\" decoding=\"async\" data-src=\"https:\/\/i0.wp.com\/elterritorialweb.com.ar\/web\/wp-content\/uploads\/2022\/05\/BRASILENOS-TERMAS-2022-.jpg?resize=640%2C853\" alt=\"\" class=\"wp-image-40199 lazyload\" width=\"640\" height=\"853\" data-srcset=\"https:\/\/i0.wp.com\/elterritorialweb.com.ar\/web\/wp-content\/uploads\/2022\/05\/BRASILENOS-TERMAS-2022-.jpg?w=612&amp;ssl=1 612w, https:\/\/i0.wp.com\/elterritorialweb.com.ar\/web\/wp-content\/uploads\/2022\/05\/BRASILENOS-TERMAS-2022-.jpg?resize=225%2C300&amp;ssl=1 225w\" data-sizes=\"(max-width: 640px) 100vw, 640px\" src=\"data:image\/svg+xml;base64,PHN2ZyB3aWR0aD0iMSIgaGVpZ2h0PSIxIiB4bWxucz0iaHR0cDovL3d3dy53My5vcmcvMjAwMC9zdmciPjwvc3ZnPg==\" style=\"--smush-placeholder-width: 640px; --smush-placeholder-aspect-ratio: 640\/853;\" \/><\/a><\/figure>\n\n\n\n<p>Sosa remarc\u00f3 que\u00a0<em>\u201cson turistas brasile\u00f1os que llegaron a trav\u00e9s de la empresa Alban Turismo, desde el Inprotur hemos venido dialogando con ellos en reiteradas ocasiones coordinando acciones de promoci\u00f3n de nuestra provincia en esa regi\u00f3n del sur de Brasil, la empresa ya tuvo una experiencia de traer turistas brasile\u00f1os hace algunos meses y tenemos contacto desde hace algunos a\u00f1os, por lo que estamos muy reconfortados de que ya hayan insertado a Termas de R\u00edo Hondo en el cat\u00e1logo de sus paquetes tur\u00edsticos, tal como venimos trabajando con el\u00a0 Gobernador, Gerardo Zamora\u201d<\/em>.<\/p>\n\n\n\n<figure class=\"wp-block-image size-large\"><a href=\"https:\/\/i0.wp.com\/elterritorialweb.com.ar\/web\/wp-content\/uploads\/2022\/05\/BRASILENOS-TERMAS-2022-1-1.jpg\"><img data-recalc-dims=\"1\" decoding=\"async\" width=\"640\" height=\"289\" data-src=\"https:\/\/i0.wp.com\/elterritorialweb.com.ar\/web\/wp-content\/uploads\/2022\/05\/BRASILENOS-TERMAS-2022-1-1.jpg?resize=640%2C289\" alt=\"\" class=\"wp-image-40200 lazyload\" data-srcset=\"https:\/\/i0.wp.com\/elterritorialweb.com.ar\/web\/wp-content\/uploads\/2022\/05\/BRASILENOS-TERMAS-2022-1-1.jpg?resize=1024%2C462&amp;ssl=1 1024w, https:\/\/i0.wp.com\/elterritorialweb.com.ar\/web\/wp-content\/uploads\/2022\/05\/BRASILENOS-TERMAS-2022-1-1.jpg?resize=300%2C135&amp;ssl=1 300w, https:\/\/i0.wp.com\/elterritorialweb.com.ar\/web\/wp-content\/uploads\/2022\/05\/BRASILENOS-TERMAS-2022-1-1.jpg?resize=768%2C346&amp;ssl=1 768w, https:\/\/i0.wp.com\/elterritorialweb.com.ar\/web\/wp-content\/uploads\/2022\/05\/BRASILENOS-TERMAS-2022-1-1.jpg?w=1156&amp;ssl=1 1156w\" data-sizes=\"(max-width: 640px) 100vw, 640px\" src=\"data:image\/svg+xml;base64,PHN2ZyB3aWR0aD0iMSIgaGVpZ2h0PSIxIiB4bWxucz0iaHR0cDovL3d3dy53My5vcmcvMjAwMC9zdmciPjwvc3ZnPg==\" style=\"--smush-placeholder-width: 640px; --smush-placeholder-aspect-ratio: 640\/289;\" \/><\/a><\/figure>\n\n\n\n<p>Los turistas brasile\u00f1os adem\u00e1s conocieron la&nbsp;<strong>isla Tara Inti, el Campo de Golf y disfrutaron de las aguas termales<\/strong>&nbsp;en uno de los hoteles cinco estrellas que tiene la ciudad.<\/p>\n","protected":false},"excerpt":{"rendered":"<p>El Secretario Ejecutivo del INPROTUR, Ricardo Sosa, inform\u00f3 que un nuevo contingente de turistas brasile\u00f1os llegaron a Termas de R\u00edo Hondo para disfrutar de las bondades de las aguas termales y conocer los diferentes productos de turismo deportivo que tiene la ciudad.<\/p>\n","protected":false},"author":2,"featured_media":40198,"comment_status":"open","ping_status":"open","sticky":false,"template":"","format":"standard","meta":{"om_disable_all_campaigns":false,"_monsterinsights_skip_tracking":false,"_monsterinsights_sitenote_active":false,"_monsterinsights_sitenote_note":"","_monsterinsights_sitenote_category":0,"_uf_show_specific_survey":0,"_uf_disable_surveys":false,"jetpack_post_was_ever_published":false,"_jetpack_newsletter_access":"","_jetpack_dont_email_post_to_subs":false,"_jetpack_newsletter_tier_id":0,"_jetpack_memberships_contains_paywalled_content":false,"_jetpack_memberships_contains_paid_content":false,"footnotes":"","jetpack_publicize_message":"","jetpack_publicize_feature_enabled":true,"jetpack_social_post_already_shared":false,"jetpack_social_options":{"image_generator_settings":{"template":"highway","default_image_id":0,"font":"","enabled":false},"version":2}},"categories":[29],"tags":[],"class_list":["post-40197","post","type-post","status-publish","format-standard","has-post-thumbnail","hentry","category-turismo"],"aioseo_notices":[],"views":10,"jetpack_publicize_connections":[],"jetpack_featured_media_url":"https:\/\/i0.wp.com\/elterritorialweb.com.ar\/web\/wp-content\/uploads\/2022\/05\/BRASILENOS-TERMAS-2022.jpg?fit=1156%2C521&ssl=1","jetpack_sharing_enabled":true,"_links":{"self":[{"href":"https:\/\/elterritorialweb.com.ar\/web\/wp-json\/wp\/v2\/posts\/40197","targetHints":{"allow":["GET"]}}],"collection":[{"href":"https:\/\/elterritorialweb.com.ar\/web\/wp-json\/wp\/v2\/posts"}],"about":[{"href":"https:\/\/elterritorialweb.com.ar\/web\/wp-json\/wp\/v2\/types\/post"}],"author":[{"embeddable":true,"href":"https:\/\/elterritorialweb.com.ar\/web\/wp-json\/wp\/v2\/users\/2"}],"replies":[{"embeddable":true,"href":"https:\/\/elterritorialweb.com.ar\/web\/wp-json\/wp\/v2\/comments?post=40197"}],"version-history":[{"count":1,"href":"https:\/\/elterritorialweb.com.ar\/web\/wp-json\/wp\/v2\/posts\/40197\/revisions"}],"predecessor-version":[{"id":40201,"href":"https:\/\/elterritorialweb.com.ar\/web\/wp-json\/wp\/v2\/posts\/40197\/revisions\/40201"}],"wp:featuredmedia":[{"embeddable":true,"href":"https:\/\/elterritorialweb.com.ar\/web\/wp-json\/wp\/v2\/media\/40198"}],"wp:attachment":[{"href":"https:\/\/elterritorialweb.com.ar\/web\/wp-json\/wp\/v2\/media?parent=40197"}],"wp:term":[{"taxonomy":"category","embeddable":true,"href":"https:\/\/elterritorialweb.com.ar\/web\/wp-json\/wp\/v2\/categories?post=40197"},{"taxonomy":"post_tag","embeddable":true,"href":"https:\/\/elterritorialweb.com.ar\/web\/wp-json\/wp\/v2\/tags?post=40197"}],"curies":[{"name":"wp","href":"https:\/\/api.w.org\/{rel}","templated":true}]}}