{"id":40202,"date":"2022-05-18T21:20:31","date_gmt":"2022-05-18T21:20:31","guid":{"rendered":"http:\/\/elterritorialweb.com.ar\/web\/?p=40202"},"modified":"2022-05-18T21:20:32","modified_gmt":"2022-05-18T21:20:32","slug":"con-apoyo-del-inprotur-por-primera-vez-se-realizo-lacte-en-argentina","status":"publish","type":"post","link":"https:\/\/elterritorialweb.com.ar\/web\/con-apoyo-del-inprotur-por-primera-vez-se-realizo-lacte-en-argentina\/","title":{"rendered":"CON APOYO DEL INPROTUR, POR PRIMERA VEZ SE REALIZ\u00d3 LACTE EN ARGENTINA"},"content":{"rendered":"\n<p>Previo a la pandemia, Argentina hab\u00eda alcanzado el liderazgo en Am\u00e9rica Latina dentro del&nbsp;<strong>Turismo MICE<\/strong>. Sus variadas propuestas, destinos preparados con infraestructura de calidad y un servicio altamente profesional fueron algunas de las razones por las cuales el pa\u00eds logr\u00f3 tama\u00f1a posici\u00f3n, que la distingue en el universo de los negocios tur\u00edsticos.<\/p>\n\n\n\n<p>Con el objetivo de mantener este logro y en el marco del camino de la recuperaci\u00f3n del turismo, el&nbsp;<strong>Instituto Nacional de Promoci\u00f3n Tur\u00edstica (INPROTUR) se hizo presente en LACTE BUENOS AIRES 2022<\/strong>, importante encuentro que re\u00fane al sector corporativo, durante el d\u00eda de ayer&nbsp;en la Ciudad Aut\u00f3noma de Buenos Aires. Cabe destacar que el evento cont\u00f3 tambien con el&nbsp;<strong>apoyo de Aerol\u00edneas Argentinas<\/strong>.<\/p>\n\n\n\n<p>Es importante tambi\u00e9n se\u00f1alar que el evento, organizado por la Associa\u00e7\u00e3o Latino Americana de Gest\u00e3o de Eventos e Viagens Corporativas (ALAGEV) de Brasil,&nbsp;<strong>fue la primera vez que se desarroll\u00f3 en nuestro pa\u00eds<\/strong>. Sin dudas, este hecho marca el inter\u00e9s del sector MICE internacional en organizar citas de prestigio en Argentina.<\/p>\n\n\n\n<p>La jornada cont\u00f3 con un gran contenido educativo, con una propuesta innovadora que se bas\u00f3 en paneles paralelos enfocados en dos grandes ejes: eventos corporativos y viajes corporativos.<\/p>\n\n\n\n<p>Adem\u00e1s, la delegaci\u00f3n de INPROTUR tuvo la posibilidad de contactarse con&nbsp;<strong>m\u00e1s de 60 meeting planners<\/strong>&nbsp;y empresas del sector corporativo de la regi\u00f3n en b\u00fasqueda de nuevas acciones para el Turismo de Reuniones del pa\u00eds.&nbsp;<\/p>\n","protected":false},"excerpt":{"rendered":"<p>El evento corporativo, que desde hace 17 a\u00f1os organiza la Associa\u00e7\u00e3o Latino Americana de Gest\u00e3o de Eventos e Viagens Corporativas (ALAGEV) de Brasil, se llev\u00f3 adelante por primera vez en Buenos Aires con la participaci\u00f3n de distintas empresas de la regi\u00f3n, que destacaron la recuperaci\u00f3n tur\u00edstica de Argentina.<\/p>\n","protected":false},"author":2,"featured_media":40203,"comment_status":"open","ping_status":"open","sticky":false,"template":"","format":"standard","meta":{"om_disable_all_campaigns":false,"_monsterinsights_skip_tracking":false,"_monsterinsights_sitenote_active":false,"_monsterinsights_sitenote_note":"","_monsterinsights_sitenote_category":0,"_uf_show_specific_survey":0,"_uf_disable_surveys":false,"jetpack_post_was_ever_published":false,"_jetpack_newsletter_access":"","_jetpack_dont_email_post_to_subs":false,"_jetpack_newsletter_tier_id":0,"_jetpack_memberships_contains_paywalled_content":false,"_jetpack_memberships_contains_paid_content":false,"footnotes":"","jetpack_publicize_message":"","jetpack_publicize_feature_enabled":true,"jetpack_social_post_already_shared":false,"jetpack_social_options":{"image_generator_settings":{"template":"highway","default_image_id":0,"font":"","enabled":false},"version":2}},"categories":[29],"tags":[],"class_list":["post-40202","post","type-post","status-publish","format-standard","has-post-thumbnail","hentry","category-turismo"],"aioseo_notices":[],"views":5,"jetpack_publicize_connections":[],"jetpack_featured_media_url":"https:\/\/i0.wp.com\/elterritorialweb.com.ar\/web\/wp-content\/uploads\/2022\/05\/unnamed-2.jpg?fit=668%2C405&ssl=1","jetpack_sharing_enabled":true,"_links":{"self":[{"href":"https:\/\/elterritorialweb.com.ar\/web\/wp-json\/wp\/v2\/posts\/40202","targetHints":{"allow":["GET"]}}],"collection":[{"href":"https:\/\/elterritorialweb.com.ar\/web\/wp-json\/wp\/v2\/posts"}],"about":[{"href":"https:\/\/elterritorialweb.com.ar\/web\/wp-json\/wp\/v2\/types\/post"}],"author":[{"embeddable":true,"href":"https:\/\/elterritorialweb.com.ar\/web\/wp-json\/wp\/v2\/users\/2"}],"replies":[{"embeddable":true,"href":"https:\/\/elterritorialweb.com.ar\/web\/wp-json\/wp\/v2\/comments?post=40202"}],"version-history":[{"count":1,"href":"https:\/\/elterritorialweb.com.ar\/web\/wp-json\/wp\/v2\/posts\/40202\/revisions"}],"predecessor-version":[{"id":40204,"href":"https:\/\/elterritorialweb.com.ar\/web\/wp-json\/wp\/v2\/posts\/40202\/revisions\/40204"}],"wp:featuredmedia":[{"embeddable":true,"href":"https:\/\/elterritorialweb.com.ar\/web\/wp-json\/wp\/v2\/media\/40203"}],"wp:attachment":[{"href":"https:\/\/elterritorialweb.com.ar\/web\/wp-json\/wp\/v2\/media?parent=40202"}],"wp:term":[{"taxonomy":"category","embeddable":true,"href":"https:\/\/elterritorialweb.com.ar\/web\/wp-json\/wp\/v2\/categories?post=40202"},{"taxonomy":"post_tag","embeddable":true,"href":"https:\/\/elterritorialweb.com.ar\/web\/wp-json\/wp\/v2\/tags?post=40202"}],"curies":[{"name":"wp","href":"https:\/\/api.w.org\/{rel}","templated":true}]}}