{"id":40205,"date":"2022-05-18T21:31:06","date_gmt":"2022-05-18T21:31:06","guid":{"rendered":"http:\/\/elterritorialweb.com.ar\/web\/?p=40205"},"modified":"2022-05-18T21:31:07","modified_gmt":"2022-05-18T21:31:07","slug":"nediani-camino-en-el-barrio-independencia-y-entrego-indumentaria-deportiva-y-herramientas-de-trabajo","status":"publish","type":"post","link":"https:\/\/elterritorialweb.com.ar\/web\/nediani-camino-en-el-barrio-independencia-y-entrego-indumentaria-deportiva-y-herramientas-de-trabajo\/","title":{"rendered":"NEDIANI CAMIN\u00d3 EN EL BARRIO INDEPENDENCIA Y ENTREG\u00d3 INDUMENTARIA DEPORTIVA Y HERRAMIENTAS DE TRABAJO"},"content":{"rendered":"\n<p>Durante la misma, recibi\u00f3 pedidos de iluminaci\u00f3n, desmalezamiento y rastrado, entre otros. As\u00ed mismo hizo entrega de camisetas y pelotas de f\u00fatbol para seis equipos de diferentes categor\u00edas: 20, 34 y 45.<br>De igual manera, hizo entrega de herramientas como carretillas, palas anchas, palas de punta, cepillos y rastrillos al Movimiento Popular La Resistencia de dicho barrio, a cargo de Soledad Arias para que contin\u00faen trabajando en la limpieza de la ciudad.<br>En esta oportunidad, Nediani manifest\u00f3: \u201cMuy contento de tener la posibilidad conversar, escuchar las sugerencias y necesidades de los vecinos. Si bien es cierto que es un barrio que hemos trabajado mucho en urbanizaci\u00f3n y lo hemos mejorado notablemente todav\u00eda falta mejorar obras y servicios\u201d.<br>\u201cEsta posibilidad de tener, esta cercan\u00eda con el vecino, nos permite conocer la problem\u00e1tica del barrio y trabajar en forma conjunta para darle soluci\u00f3n\u201d.<\/p>\n\n\n\n<figure class=\"wp-block-image size-large\"><a href=\"https:\/\/i0.wp.com\/elterritorialweb.com.ar\/web\/wp-content\/uploads\/2022\/05\/NEDIANI-CAMINO-1.jpeg\"><img data-recalc-dims=\"1\" decoding=\"async\" width=\"640\" height=\"351\" data-src=\"https:\/\/i0.wp.com\/elterritorialweb.com.ar\/web\/wp-content\/uploads\/2022\/05\/NEDIANI-CAMINO-1.jpeg?resize=640%2C351\" alt=\"\" class=\"wp-image-40207 lazyload\" data-srcset=\"https:\/\/i0.wp.com\/elterritorialweb.com.ar\/web\/wp-content\/uploads\/2022\/05\/NEDIANI-CAMINO-1.jpeg?resize=1024%2C561&amp;ssl=1 1024w, https:\/\/i0.wp.com\/elterritorialweb.com.ar\/web\/wp-content\/uploads\/2022\/05\/NEDIANI-CAMINO-1.jpeg?resize=300%2C164&amp;ssl=1 300w, https:\/\/i0.wp.com\/elterritorialweb.com.ar\/web\/wp-content\/uploads\/2022\/05\/NEDIANI-CAMINO-1.jpeg?resize=768%2C421&amp;ssl=1 768w, https:\/\/i0.wp.com\/elterritorialweb.com.ar\/web\/wp-content\/uploads\/2022\/05\/NEDIANI-CAMINO-1.jpeg?w=1280&amp;ssl=1 1280w\" data-sizes=\"(max-width: 640px) 100vw, 640px\" src=\"data:image\/svg+xml;base64,PHN2ZyB3aWR0aD0iMSIgaGVpZ2h0PSIxIiB4bWxucz0iaHR0cDovL3d3dy53My5vcmcvMjAwMC9zdmciPjwvc3ZnPg==\" style=\"--smush-placeholder-width: 640px; --smush-placeholder-aspect-ratio: 640\/351;\" \/><\/a><\/figure>\n\n\n\n<p>Y agreg\u00f3: \u201cQuiero agradecer al Movimiento Popular La Resistencia, una organizaci\u00f3n social muy importante; coordinamos con las autoridades del movimiento y el Secretario de Servicios P\u00fablicos, la entrega de herramientas para que ellos comiencen a trabajar en forma coordinada y organizada con el \u00e1rea de Servicios P\u00fablicos de la Municipalidad de La Banda\u201d.<br>Por su parte, Soledad Arias agradeci\u00f3 la visita del intendente Nediani, por las herramientas que les brind\u00f3 porque: \u201cSi no fuese por \u00e9l, no tendr\u00edamos con qu\u00e9 trabajar; hace d\u00edas que venimos en la lucha pero no nos alcanzaba para comprar. Espero que la gente nos acompa\u00f1e en la limpieza para trabajar d\u00eda a d\u00eda\u201d.<\/p>\n","protected":false},"excerpt":{"rendered":"<p>En la tarde del martes, el intendente de la Ciudad de La Banda, Roger Nediani realiz\u00f3 una caminata por la calle Dalmiro Coronel Lugones del barrio Independencia, dialogando con los vecinos para conocer las problem\u00e1ticas y necesidades del lugar.<\/p>\n","protected":false},"author":2,"featured_media":40206,"comment_status":"open","ping_status":"open","sticky":false,"template":"","format":"standard","meta":{"om_disable_all_campaigns":false,"_monsterinsights_skip_tracking":false,"_monsterinsights_sitenote_active":false,"_monsterinsights_sitenote_note":"","_monsterinsights_sitenote_category":0,"_uf_show_specific_survey":0,"_uf_disable_surveys":false,"jetpack_post_was_ever_published":false,"_jetpack_newsletter_access":"","_jetpack_dont_email_post_to_subs":false,"_jetpack_newsletter_tier_id":0,"_jetpack_memberships_contains_paywalled_content":false,"_jetpack_memberships_contains_paid_content":false,"footnotes":"","jetpack_publicize_message":"","jetpack_publicize_feature_enabled":true,"jetpack_social_post_already_shared":false,"jetpack_social_options":{"image_generator_settings":{"template":"highway","default_image_id":0,"font":"","enabled":false},"version":2}},"categories":[21],"tags":[],"class_list":["post-40205","post","type-post","status-publish","format-standard","has-post-thumbnail","hentry","category-locales"],"aioseo_notices":[],"views":10,"jetpack_publicize_connections":[],"jetpack_featured_media_url":"https:\/\/i0.wp.com\/elterritorialweb.com.ar\/web\/wp-content\/uploads\/2022\/05\/NEDIANI-CAMINO.jpeg?fit=1280%2C716&ssl=1","jetpack_sharing_enabled":true,"_links":{"self":[{"href":"https:\/\/elterritorialweb.com.ar\/web\/wp-json\/wp\/v2\/posts\/40205","targetHints":{"allow":["GET"]}}],"collection":[{"href":"https:\/\/elterritorialweb.com.ar\/web\/wp-json\/wp\/v2\/posts"}],"about":[{"href":"https:\/\/elterritorialweb.com.ar\/web\/wp-json\/wp\/v2\/types\/post"}],"author":[{"embeddable":true,"href":"https:\/\/elterritorialweb.com.ar\/web\/wp-json\/wp\/v2\/users\/2"}],"replies":[{"embeddable":true,"href":"https:\/\/elterritorialweb.com.ar\/web\/wp-json\/wp\/v2\/comments?post=40205"}],"version-history":[{"count":1,"href":"https:\/\/elterritorialweb.com.ar\/web\/wp-json\/wp\/v2\/posts\/40205\/revisions"}],"predecessor-version":[{"id":40208,"href":"https:\/\/elterritorialweb.com.ar\/web\/wp-json\/wp\/v2\/posts\/40205\/revisions\/40208"}],"wp:featuredmedia":[{"embeddable":true,"href":"https:\/\/elterritorialweb.com.ar\/web\/wp-json\/wp\/v2\/media\/40206"}],"wp:attachment":[{"href":"https:\/\/elterritorialweb.com.ar\/web\/wp-json\/wp\/v2\/media?parent=40205"}],"wp:term":[{"taxonomy":"category","embeddable":true,"href":"https:\/\/elterritorialweb.com.ar\/web\/wp-json\/wp\/v2\/categories?post=40205"},{"taxonomy":"post_tag","embeddable":true,"href":"https:\/\/elterritorialweb.com.ar\/web\/wp-json\/wp\/v2\/tags?post=40205"}],"curies":[{"name":"wp","href":"https:\/\/api.w.org\/{rel}","templated":true}]}}