{"id":40209,"date":"2022-05-18T21:34:51","date_gmt":"2022-05-18T21:34:51","guid":{"rendered":"http:\/\/elterritorialweb.com.ar\/web\/?p=40209"},"modified":"2022-05-18T21:34:51","modified_gmt":"2022-05-18T21:34:51","slug":"inscripciones-abiertas-para-adherirse-al-programa-jovenes-con-mas-y-mejor-trabajo","status":"publish","type":"post","link":"https:\/\/elterritorialweb.com.ar\/web\/inscripciones-abiertas-para-adherirse-al-programa-jovenes-con-mas-y-mejor-trabajo\/","title":{"rendered":"INSCRIPCIONES ABIERTAS PARA ADHERIRSE AL PROGRAMA \u00abJ\u00d3VENES CON M\u00c1S Y MEJOR TRABAJO\u00bb"},"content":{"rendered":"\n<p>Desde el \u00e1rea dependiente de la Secretar\u00eda de Desarrollo Humano explicaron que los interesados en adherirse a este programa nacional pueden dirigirse a la oficina situada en S\u00e1enz Pe\u00f1a N\u00b054 de lunes a viernes de 8 a 13.<br>\u00abJ\u00f3venes con M\u00e1s y Mejor Trabajo\u00bb es un programa destinado a brindar un conjunto de prestaciones integradas de apoyo a la construcci\u00f3n e implementaci\u00f3n de un proyecto formativo y ocupacional para los j\u00f3venes cuyo objetivo es generar oportunidades de inclusi\u00f3n social y laboral, a trav\u00e9s de acciones integradas, que les permitan construir el perfil profesional en el cual deseen desempe\u00f1arse, finalizar su escolaridad obligatoria, realizar experiencias de formaci\u00f3n y pr\u00e1cticas calificantes\u00a0\u00a0en ambientes de trabajo, iniciar una actividad productiva de manera independiente o insertarse en un empleo.<br>Los requisitos para ingresar a este programa son tener entre 18 y 24 a\u00f1os de edad; residir permanente en el pa\u00eds; no haber completado el nivel primario y\/o secundario de escolaridad y estar desempleado.<\/p>\n","protected":false},"excerpt":{"rendered":"<p>La Oficina de Empleo de la Municipalidad de La Banda convoca a j\u00f3venes bande\u00f1os de entre 18 y 24 a\u00f1os a sumarse como beneficiarios del programa \u00abJ\u00f3venes con M\u00e1s y Mejor Trabajo\u00bb cuyas inscripciones estar\u00e1n abiertas hasta el lunes 23.<\/p>\n","protected":false},"author":2,"featured_media":40210,"comment_status":"open","ping_status":"open","sticky":false,"template":"","format":"standard","meta":{"om_disable_all_campaigns":false,"_monsterinsights_skip_tracking":false,"_monsterinsights_sitenote_active":false,"_monsterinsights_sitenote_note":"","_monsterinsights_sitenote_category":0,"_uf_show_specific_survey":0,"_uf_disable_surveys":false,"jetpack_post_was_ever_published":false,"_jetpack_newsletter_access":"","_jetpack_dont_email_post_to_subs":false,"_jetpack_newsletter_tier_id":0,"_jetpack_memberships_contains_paywalled_content":false,"_jetpack_memberships_contains_paid_content":false,"footnotes":"","jetpack_publicize_message":"","jetpack_publicize_feature_enabled":true,"jetpack_social_post_already_shared":false,"jetpack_social_options":{"image_generator_settings":{"template":"highway","default_image_id":0,"font":"","enabled":false},"version":2}},"categories":[21],"tags":[],"class_list":["post-40209","post","type-post","status-publish","format-standard","has-post-thumbnail","hentry","category-locales"],"aioseo_notices":[],"views":10,"jetpack_publicize_connections":[],"jetpack_featured_media_url":"https:\/\/i0.wp.com\/elterritorialweb.com.ar\/web\/wp-content\/uploads\/2022\/05\/OFICINA-DE-EMPLEO-LA-BANDA-1.jpeg?fit=1280%2C960&ssl=1","jetpack_sharing_enabled":true,"_links":{"self":[{"href":"https:\/\/elterritorialweb.com.ar\/web\/wp-json\/wp\/v2\/posts\/40209","targetHints":{"allow":["GET"]}}],"collection":[{"href":"https:\/\/elterritorialweb.com.ar\/web\/wp-json\/wp\/v2\/posts"}],"about":[{"href":"https:\/\/elterritorialweb.com.ar\/web\/wp-json\/wp\/v2\/types\/post"}],"author":[{"embeddable":true,"href":"https:\/\/elterritorialweb.com.ar\/web\/wp-json\/wp\/v2\/users\/2"}],"replies":[{"embeddable":true,"href":"https:\/\/elterritorialweb.com.ar\/web\/wp-json\/wp\/v2\/comments?post=40209"}],"version-history":[{"count":1,"href":"https:\/\/elterritorialweb.com.ar\/web\/wp-json\/wp\/v2\/posts\/40209\/revisions"}],"predecessor-version":[{"id":40211,"href":"https:\/\/elterritorialweb.com.ar\/web\/wp-json\/wp\/v2\/posts\/40209\/revisions\/40211"}],"wp:featuredmedia":[{"embeddable":true,"href":"https:\/\/elterritorialweb.com.ar\/web\/wp-json\/wp\/v2\/media\/40210"}],"wp:attachment":[{"href":"https:\/\/elterritorialweb.com.ar\/web\/wp-json\/wp\/v2\/media?parent=40209"}],"wp:term":[{"taxonomy":"category","embeddable":true,"href":"https:\/\/elterritorialweb.com.ar\/web\/wp-json\/wp\/v2\/categories?post=40209"},{"taxonomy":"post_tag","embeddable":true,"href":"https:\/\/elterritorialweb.com.ar\/web\/wp-json\/wp\/v2\/tags?post=40209"}],"curies":[{"name":"wp","href":"https:\/\/api.w.org\/{rel}","templated":true}]}}