{"id":40212,"date":"2022-05-18T23:12:49","date_gmt":"2022-05-18T23:12:49","guid":{"rendered":"http:\/\/elterritorialweb.com.ar\/web\/?p=40212"},"modified":"2022-05-18T23:12:50","modified_gmt":"2022-05-18T23:12:50","slug":"nediani-recibio-un-fuerte-apoyo-de-los-bandenos-en-un-plenario-renovador","status":"publish","type":"post","link":"https:\/\/elterritorialweb.com.ar\/web\/nediani-recibio-un-fuerte-apoyo-de-los-bandenos-en-un-plenario-renovador\/","title":{"rendered":"NEDIANI RECIBI\u00d3 UN FUERTE APOYO DE LOS BANDE\u00d1OS EN UN PLENARIO RENOVADOR"},"content":{"rendered":"\n<p>El candidato estuvo acompa\u00f1ado por miembros de su equipo de trabajo como Julio C\u00e9sar Scabuzzo, Stella Mirolo, Ramiro Barrera y Gaston Torres entre otros como as\u00ed tambi\u00e9n el presidente del Partido Renovador, Guillermo Mirolo y el presidente de la Junta Departamental Banda del Partido ParTe, Miguel \u00c1ngel Montenegro.<br>Durante el plenario, los dirigentes bande\u00f1os escucharon atentamente los proyectos a favor de la ciudad, de igual manera, mostraron su ferviente apoyo para Nediani en las pr\u00f3ximas elecciones.<br>En la oportunidad, Nediani expres\u00f3: \u201cAgradezco al Dr. Scabuzzo por este multitudinario plenario, donde tuvimos la posibilidad de estar con los compa\u00f1eros y compa\u00f1eras. Es un placer compartir con ellos porque el trabajo que han desempe\u00f1ado durante estos dos a\u00f1os y medio de pandemia, realmente ha sido tit\u00e1nico y lo seguir\u00e1n haciendo porque son personas que siempre han estado comprometidas, no solamente con la gesti\u00f3n sino fundamentalmente con el vecino de la ciudad de La Banda y eso es muy valorable y seguramente vamos a seguir trabajando juntos por la salud de nuestra ciudad\u201d.<br>Por su parte, el Dr. Scabuzzo, expres\u00f3: \u201cEstamos muy contentos y agradecidos por la presencia de compa\u00f1eros, no deja de ser un acto de amigos, significativo no solamente por la cantidad de personas sino tambi\u00e9n por la calidad y por lo que transmite cada uno de ellos todos los d\u00edas en su lugar de trabajo y en la forma en que se desempe\u00f1an\u201d.<br>\u201cEstamos compenetrados con la acci\u00f3n de gobierno, venimos trabajando desde el inicio de esta gesti\u00f3n, es la continuidad que dej\u00f3 mi amigo Pablo Guillermo (Mirolo) y seguro ser\u00e1 la continuidad de Roger Elias (Nediani); estamos comprometidos en la gesti\u00f3n, en la forma de hacer pol\u00edtica y en la forma de llevar adelante la gesti\u00f3n que tiene el municipio\u201d, concluy\u00f3 Scabuzzo.<\/p>\n","protected":false},"excerpt":{"rendered":"<p>El candidato a intendente por la Ciudad de La Banda del Frente Renovador y Progresista, Roger Nediani, presidi\u00f3 un importante plenario en el Gimnasio Municipal, el martes en horas de la tarde.<\/p>\n","protected":false},"author":2,"featured_media":40213,"comment_status":"open","ping_status":"open","sticky":false,"template":"","format":"standard","meta":{"om_disable_all_campaigns":false,"_monsterinsights_skip_tracking":false,"_monsterinsights_sitenote_active":false,"_monsterinsights_sitenote_note":"","_monsterinsights_sitenote_category":0,"_uf_show_specific_survey":0,"_uf_disable_surveys":false,"jetpack_post_was_ever_published":false,"_jetpack_newsletter_access":"","_jetpack_dont_email_post_to_subs":false,"_jetpack_newsletter_tier_id":0,"_jetpack_memberships_contains_paywalled_content":false,"_jetpack_memberships_contains_paid_content":false,"footnotes":"","jetpack_publicize_message":"","jetpack_publicize_feature_enabled":true,"jetpack_social_post_already_shared":false,"jetpack_social_options":{"image_generator_settings":{"template":"highway","default_image_id":0,"font":"","enabled":false},"version":2}},"categories":[18],"tags":[],"class_list":["post-40212","post","type-post","status-publish","format-standard","has-post-thumbnail","hentry","category-politica"],"aioseo_notices":[],"views":7,"jetpack_publicize_connections":[],"jetpack_featured_media_url":"https:\/\/i0.wp.com\/elterritorialweb.com.ar\/web\/wp-content\/uploads\/2022\/05\/nediani-plenario.jpeg?fit=1280%2C704&ssl=1","jetpack_sharing_enabled":true,"_links":{"self":[{"href":"https:\/\/elterritorialweb.com.ar\/web\/wp-json\/wp\/v2\/posts\/40212","targetHints":{"allow":["GET"]}}],"collection":[{"href":"https:\/\/elterritorialweb.com.ar\/web\/wp-json\/wp\/v2\/posts"}],"about":[{"href":"https:\/\/elterritorialweb.com.ar\/web\/wp-json\/wp\/v2\/types\/post"}],"author":[{"embeddable":true,"href":"https:\/\/elterritorialweb.com.ar\/web\/wp-json\/wp\/v2\/users\/2"}],"replies":[{"embeddable":true,"href":"https:\/\/elterritorialweb.com.ar\/web\/wp-json\/wp\/v2\/comments?post=40212"}],"version-history":[{"count":1,"href":"https:\/\/elterritorialweb.com.ar\/web\/wp-json\/wp\/v2\/posts\/40212\/revisions"}],"predecessor-version":[{"id":40214,"href":"https:\/\/elterritorialweb.com.ar\/web\/wp-json\/wp\/v2\/posts\/40212\/revisions\/40214"}],"wp:featuredmedia":[{"embeddable":true,"href":"https:\/\/elterritorialweb.com.ar\/web\/wp-json\/wp\/v2\/media\/40213"}],"wp:attachment":[{"href":"https:\/\/elterritorialweb.com.ar\/web\/wp-json\/wp\/v2\/media?parent=40212"}],"wp:term":[{"taxonomy":"category","embeddable":true,"href":"https:\/\/elterritorialweb.com.ar\/web\/wp-json\/wp\/v2\/categories?post=40212"},{"taxonomy":"post_tag","embeddable":true,"href":"https:\/\/elterritorialweb.com.ar\/web\/wp-json\/wp\/v2\/tags?post=40212"}],"curies":[{"name":"wp","href":"https:\/\/api.w.org\/{rel}","templated":true}]}}