{"id":40215,"date":"2022-05-18T23:30:25","date_gmt":"2022-05-18T23:30:25","guid":{"rendered":"http:\/\/elterritorialweb.com.ar\/web\/?p=40215"},"modified":"2022-05-18T23:30:26","modified_gmt":"2022-05-18T23:30:26","slug":"finalizo-el-operativo-del-censo-nacional-2022-a-la-espera-de-los-datos-provisorios","status":"publish","type":"post","link":"https:\/\/elterritorialweb.com.ar\/web\/finalizo-el-operativo-del-censo-nacional-2022-a-la-espera-de-los-datos-provisorios\/","title":{"rendered":"FINALIZ\u00d3 EL OPERATIVO DEL CENSO NACIONAL 2022 A LA ESPERA DE LOS DATOS PROVISORIOS"},"content":{"rendered":"\n<p>El director del Indec, Marco Lavagna, anunci\u00f3 el cierre del operativo del Censo Nacional 2022, al que calific\u00f3 como \u00abmuy normal\u00bb, y adelant\u00f3 que habr\u00e1 una semana para recuperar\u00a0datos de las viviendas que quedaron pendientes.<\/p>\n\n\n\n<p>\u00abAtenderemos las viviendas que quedaron sin censar\u00bb, agreg\u00f3 el funcionario al ser consultado por las casas que no pudieron ser censadas durante la jornada del Censo nacional 2022.<\/p>\n\n\n\n<p><strong>\u00abVamos a utilizar distintos mecanismos para verificar las viviendas que no han sido censadas.<\/strong>&nbsp;Hasta ahora hemos tenido algunos llamados y algunos mails,&nbsp;<strong>es una porci\u00f3n chica y la vamos a atender\u00bb<\/strong>, explic\u00f3.<\/p>\n\n\n\n<p>Estos mecanismos estar\u00e1n publicados en la p\u00e1gina oficial https:\/\/www.censo.gob.ar\/.<\/p>\n\n\n\n<p>Lavagna catalog\u00f3 a la jornada como \u00abun operativo muy normal, no tuvimos grandes inconvenientes\u00bb.<\/p>\n\n\n\n<p><strong>\u00abEstamos muy contentos, sabemos que todav\u00eda nos puede quedar alguna vivienda sin censar<\/strong>. S\u00e9 que puede pasar y estamos viendo cu\u00e1les son los mecanismos en la semana que tenemos en la que atenderemos los casos de viviendas que quedaron sin censar\u00bb, explic\u00f3.<\/p>\n\n\n\n<p>Luego aclar\u00f3 que aunque no hayan recibido la visita de un censista, de \u00ablos que hicieron el censo digital, los datos los tenemos. Los tomamos como un dato de censo v\u00e1lido y los vamos a estar utilizando\u00bb.<\/p>\n\n\n\n<p>Lavagna explic\u00f3 que \u00abhasta ahora\u00bb, han \u00abtenido algunos llamados y algunos mails\u00bb.<\/p>\n\n\n\n<p>Respecto a las viviendas no censadas, consider\u00f3 que \u00abes una porci\u00f3n chica y los vamos a atender\u00bb, y respecto a quienes realizaron el censo digital y luego no fueron visitados, asever\u00f3 que sus respuestas \u00abya est\u00e1n registradas\u00bb.<\/p>\n\n\n\n<p>Lavagna fue consultado por la prensa acerca de si se emitir\u00e1n resultados parciales del Censo Nacional 2022.<\/p>\n\n\n\n<p>\u00abEsto no es una elecci\u00f3n,&nbsp;<strong>no podemos dar datos parciales, as\u00ed que les pido paciencia\u00bb<\/strong>, respondi\u00f3.<\/p>\n\n\n\n<p>M\u00e1s tarde\u00a0<strong>resalt\u00f3 la importancia del censo digital, a lo que catalog\u00f3 como \u00abun cambio de paradigma\u00bb, que fue valorado por los\u00a0observadores internacionales.<\/strong><\/p>\n\n\n\n<p>Por \u00faltimo,&nbsp;<strong>el funcionario agradeci\u00f3 a la dirigencia pol\u00edtica, \u00aba todas las provincias y municipios m\u00e1s all\u00e1 del color pol\u00edtico\u00bb.<\/strong><\/p>\n\n\n\n<p>\u00abHemos visto todo el d\u00eda im\u00e1genes y testimonios que iba dando la gente que nos ponen muy contentos\u00bb, dijo, y adjudic\u00f3 la calidad de la tarea a \u00abtodo el personal del Indec\u00bb y a la dedicaci\u00f3n de los censistas.<\/p>\n","protected":false},"excerpt":{"rendered":"<p>\u00abVamos a utilizar distintos mecanismos para verificar las viviendas que no han sido censadas. Hasta ahora hemos tenido algunos llamados y algunos mails, es una porci\u00f3n chica y la vamos a atender\u00bb, explic\u00f3 el director del Indec.<\/p>\n","protected":false},"author":2,"featured_media":40216,"comment_status":"open","ping_status":"open","sticky":false,"template":"","format":"standard","meta":{"om_disable_all_campaigns":false,"_monsterinsights_skip_tracking":false,"_monsterinsights_sitenote_active":false,"_monsterinsights_sitenote_note":"","_monsterinsights_sitenote_category":0,"_uf_show_specific_survey":0,"_uf_disable_surveys":false,"jetpack_post_was_ever_published":false,"_jetpack_newsletter_access":"","_jetpack_dont_email_post_to_subs":false,"_jetpack_newsletter_tier_id":0,"_jetpack_memberships_contains_paywalled_content":false,"_jetpack_memberships_contains_paid_content":false,"footnotes":"","jetpack_publicize_message":"","jetpack_publicize_feature_enabled":true,"jetpack_social_post_already_shared":false,"jetpack_social_options":{"image_generator_settings":{"template":"highway","default_image_id":0,"font":"","enabled":false},"version":2}},"categories":[31],"tags":[],"class_list":["post-40215","post","type-post","status-publish","format-standard","has-post-thumbnail","hentry","category-censo-nacional"],"aioseo_notices":[],"views":29,"jetpack_publicize_connections":[],"jetpack_featured_media_url":"https:\/\/i0.wp.com\/elterritorialweb.com.ar\/web\/wp-content\/uploads\/2022\/05\/CERRO-EL-CENSO-1.jpg?fit=760%2C514&ssl=1","jetpack_sharing_enabled":true,"_links":{"self":[{"href":"https:\/\/elterritorialweb.com.ar\/web\/wp-json\/wp\/v2\/posts\/40215","targetHints":{"allow":["GET"]}}],"collection":[{"href":"https:\/\/elterritorialweb.com.ar\/web\/wp-json\/wp\/v2\/posts"}],"about":[{"href":"https:\/\/elterritorialweb.com.ar\/web\/wp-json\/wp\/v2\/types\/post"}],"author":[{"embeddable":true,"href":"https:\/\/elterritorialweb.com.ar\/web\/wp-json\/wp\/v2\/users\/2"}],"replies":[{"embeddable":true,"href":"https:\/\/elterritorialweb.com.ar\/web\/wp-json\/wp\/v2\/comments?post=40215"}],"version-history":[{"count":1,"href":"https:\/\/elterritorialweb.com.ar\/web\/wp-json\/wp\/v2\/posts\/40215\/revisions"}],"predecessor-version":[{"id":40217,"href":"https:\/\/elterritorialweb.com.ar\/web\/wp-json\/wp\/v2\/posts\/40215\/revisions\/40217"}],"wp:featuredmedia":[{"embeddable":true,"href":"https:\/\/elterritorialweb.com.ar\/web\/wp-json\/wp\/v2\/media\/40216"}],"wp:attachment":[{"href":"https:\/\/elterritorialweb.com.ar\/web\/wp-json\/wp\/v2\/media?parent=40215"}],"wp:term":[{"taxonomy":"category","embeddable":true,"href":"https:\/\/elterritorialweb.com.ar\/web\/wp-json\/wp\/v2\/categories?post=40215"},{"taxonomy":"post_tag","embeddable":true,"href":"https:\/\/elterritorialweb.com.ar\/web\/wp-json\/wp\/v2\/tags?post=40215"}],"curies":[{"name":"wp","href":"https:\/\/api.w.org\/{rel}","templated":true}]}}