{"id":40221,"date":"2022-05-19T00:27:47","date_gmt":"2022-05-19T00:27:47","guid":{"rendered":"http:\/\/elterritorialweb.com.ar\/web\/?p=40221"},"modified":"2022-05-19T00:42:17","modified_gmt":"2022-05-19T00:42:17","slug":"de-la-mano-de-rafael-santos-borre-el-frankfurt-se-consagro-campeon-de-la-europa-league","status":"publish","type":"post","link":"https:\/\/elterritorialweb.com.ar\/web\/de-la-mano-de-rafael-santos-borre-el-frankfurt-se-consagro-campeon-de-la-europa-league\/","title":{"rendered":"DE LA MANO DE RAFAEL SANTOS BORR\u00c9, EL FRANKFURT SE CONSAGR\u00d3 CAMPE\u00d3N DE LA EUROPA LEAGUE"},"content":{"rendered":"\n<p>Eintracht Frankfurt hizo historia: venci\u00f3 por penales al Rangers de Escocia, tras igualar por 1-1 en los 120 minutos en la final en Sevilla, y se coron\u00f3 campe\u00f3n de la Europa League. Un torneo inolvidable para el conjunto alem\u00e1n y\u00a0<strong>tambi\u00e9n para Rafael Santos Borr\u00e9, el gran h\u00e9roe.<\/strong><\/p>\n\n\n\n<p>El delantero colombiano disput\u00f3 los 13 encuentros del equipo en el certamen continental y fue clave en la recta final:&nbsp;<strong>anot\u00f3 goles en cuartos de final (un golazo contra el Barcelona, en el Camp Nou) y en la semifinal frente a West Ham, nada menos.<\/strong><\/p>\n\n\n\n<p>A su vez, fue uno de los grandes protagonistas en la final por el t\u00edtulo:<strong>\u00a0anot\u00f3 el gol del empate parcial y luego anot\u00f3 el gol en el penal decisivo para festejar la coronaci\u00f3n en la Europa League.<\/strong>\u00a0Una jornada a pura emoci\u00f3n en el estadio Ram\u00f3n S\u00e1nchez-Pizju\u00e1n de Sevilla.<\/p>\n\n\n\n<iframe width=\"640\" height=\"360\" data-src=\"http:\/\/www.espn.com\/core\/video\/iframe?id=10391769&#038;endcard=false\" allowfullscreen frameborder=\"0\" src=\"data:image\/svg+xml;base64,PHN2ZyB3aWR0aD0iMSIgaGVpZ2h0PSIxIiB4bWxucz0iaHR0cDovL3d3dy53My5vcmcvMjAwMC9zdmciPjwvc3ZnPg==\" class=\"lazyload\" data-load-mode=\"1\"><\/iframe>\n\n\n\n<h3 class=\"wp-block-heading\">La alegr\u00eda de Borr\u00e9 tras ser h\u00e9roe del Frankfurt campe\u00f3n de la Europa League<\/h3>\n\n\n\n<p><strong>\u00abSiento mucha felicidad y emoci\u00f3n. Hab\u00eda so\u00f1ado con una noche hist\u00f3rica para el club y para m\u00ed.<\/strong>&nbsp;Es mi primer t\u00edtulo europeo y me llena de felicidad haber podido ayudar al equipo\u00bb, declar\u00f3 el delantero colombiano a<em>&nbsp;Movistar<\/em>, luego de ser la figura en la gran final de la Europa League.<\/p>\n\n\n\n<p>El goleador de Barranquilla recalc\u00f3 que \u00abes algo muy lindo\u00bb, un recuerdo que conservar\u00e1 para siempre, y a\u00f1adi\u00f3:&nbsp;<strong>\u00abOjal\u00e1 mis hijos tambi\u00e9n se acuerden de esto toda la vida\u00bb.<\/strong><\/p>\n\n\n\n<figure class=\"wp-block-image size-full is-resized\"><a href=\"https:\/\/i0.wp.com\/elterritorialweb.com.ar\/web\/wp-content\/uploads\/2022\/05\/BORRE-1.jpg\"><img data-recalc-dims=\"1\" decoding=\"async\" data-src=\"https:\/\/i0.wp.com\/elterritorialweb.com.ar\/web\/wp-content\/uploads\/2022\/05\/BORRE-1.jpg?resize=640%2C427\" alt=\"\" class=\"wp-image-40228 lazyload\" width=\"640\" height=\"427\" data-srcset=\"https:\/\/i0.wp.com\/elterritorialweb.com.ar\/web\/wp-content\/uploads\/2022\/05\/BORRE-1.jpg?w=680&amp;ssl=1 680w, https:\/\/i0.wp.com\/elterritorialweb.com.ar\/web\/wp-content\/uploads\/2022\/05\/BORRE-1.jpg?resize=300%2C200&amp;ssl=1 300w\" data-sizes=\"(max-width: 640px) 100vw, 640px\" src=\"data:image\/svg+xml;base64,PHN2ZyB3aWR0aD0iMSIgaGVpZ2h0PSIxIiB4bWxucz0iaHR0cDovL3d3dy53My5vcmcvMjAwMC9zdmciPjwvc3ZnPg==\" style=\"--smush-placeholder-width: 640px; --smush-placeholder-aspect-ratio: 640\/427;\" \/><\/a><\/figure>\n\n\n\n<p><strong>\u00abNos hemos enfrentado a grand\u00edsimos equipos, ha sido una final dificil\u00edsima y no imaginaba esto, pero sab\u00eda que con mi experiencia,<\/strong>&nbsp;y en estas competiciones que me gustan, pod\u00eda ayudar al equipo. Hoy se me dio y ahora a disfrutar\u00bb, asever\u00f3 el delantero del Frankfurt.<\/p>\n","protected":false},"excerpt":{"rendered":"<p>El delantero colombiano marc\u00f3 tantos en cuartos, semis y en la final, donde tambi\u00e9n anot\u00f3 el penal del triunfo frente a Rangers. \u00abSiento mucha felicidad y emoci\u00f3n\u00bb, expres\u00f3.<\/p>\n","protected":false},"author":2,"featured_media":40226,"comment_status":"open","ping_status":"open","sticky":false,"template":"","format":"standard","meta":{"om_disable_all_campaigns":false,"_monsterinsights_skip_tracking":false,"_monsterinsights_sitenote_active":false,"_monsterinsights_sitenote_note":"","_monsterinsights_sitenote_category":0,"_uf_show_specific_survey":0,"_uf_disable_surveys":false,"jetpack_post_was_ever_published":false,"_jetpack_newsletter_access":"","_jetpack_dont_email_post_to_subs":false,"_jetpack_newsletter_tier_id":0,"_jetpack_memberships_contains_paywalled_content":false,"_jetpack_memberships_contains_paid_content":false,"footnotes":"","jetpack_publicize_message":"","jetpack_publicize_feature_enabled":true,"jetpack_social_post_already_shared":false,"jetpack_social_options":{"image_generator_settings":{"template":"highway","default_image_id":0,"font":"","enabled":false},"version":2}},"categories":[6],"tags":[],"class_list":["post-40221","post","type-post","status-publish","format-standard","has-post-thumbnail","hentry","category-deportes"],"aioseo_notices":[],"views":11,"jetpack_publicize_connections":[],"jetpack_featured_media_url":"https:\/\/i0.wp.com\/elterritorialweb.com.ar\/web\/wp-content\/uploads\/2022\/05\/BORRE-3.jpg?fit=680%2C454&ssl=1","jetpack_sharing_enabled":true,"_links":{"self":[{"href":"https:\/\/elterritorialweb.com.ar\/web\/wp-json\/wp\/v2\/posts\/40221","targetHints":{"allow":["GET"]}}],"collection":[{"href":"https:\/\/elterritorialweb.com.ar\/web\/wp-json\/wp\/v2\/posts"}],"about":[{"href":"https:\/\/elterritorialweb.com.ar\/web\/wp-json\/wp\/v2\/types\/post"}],"author":[{"embeddable":true,"href":"https:\/\/elterritorialweb.com.ar\/web\/wp-json\/wp\/v2\/users\/2"}],"replies":[{"embeddable":true,"href":"https:\/\/elterritorialweb.com.ar\/web\/wp-json\/wp\/v2\/comments?post=40221"}],"version-history":[{"count":3,"href":"https:\/\/elterritorialweb.com.ar\/web\/wp-json\/wp\/v2\/posts\/40221\/revisions"}],"predecessor-version":[{"id":40229,"href":"https:\/\/elterritorialweb.com.ar\/web\/wp-json\/wp\/v2\/posts\/40221\/revisions\/40229"}],"wp:featuredmedia":[{"embeddable":true,"href":"https:\/\/elterritorialweb.com.ar\/web\/wp-json\/wp\/v2\/media\/40226"}],"wp:attachment":[{"href":"https:\/\/elterritorialweb.com.ar\/web\/wp-json\/wp\/v2\/media?parent=40221"}],"wp:term":[{"taxonomy":"category","embeddable":true,"href":"https:\/\/elterritorialweb.com.ar\/web\/wp-json\/wp\/v2\/categories?post=40221"},{"taxonomy":"post_tag","embeddable":true,"href":"https:\/\/elterritorialweb.com.ar\/web\/wp-json\/wp\/v2\/tags?post=40221"}],"curies":[{"name":"wp","href":"https:\/\/api.w.org\/{rel}","templated":true}]}}