{"id":40230,"date":"2022-05-19T00:49:02","date_gmt":"2022-05-19T00:49:02","guid":{"rendered":"http:\/\/elterritorialweb.com.ar\/web\/?p=40230"},"modified":"2022-05-19T00:53:02","modified_gmt":"2022-05-19T00:53:02","slug":"la-uta-llego-a-un-acuerdo-y-levanto-el-paro-de-transporte-en-santiago-del-estero","status":"publish","type":"post","link":"https:\/\/elterritorialweb.com.ar\/web\/la-uta-llego-a-un-acuerdo-y-levanto-el-paro-de-transporte-en-santiago-del-estero\/","title":{"rendered":"LA UTA LLEG\u00d3 A UN ACUERDO Y LEVANT\u00d3 EL PARO DE TRANSPORTE EN SANTIAGO DEL ESTERO"},"content":{"rendered":"\n<p>La Uni\u00f3n Tranviarios Automotor (UTA) inform\u00f3 que se lleg\u00f3 a un acuerdo paritario que permitir\u00e1 levantar el paro nacional que afecta el transporte p\u00fablico del interior del pa\u00eds.&nbsp;<\/p>\n\n\n\n<p>Mediante un comunicado de prensa, el gremio de choferes inform\u00f3: \u201cPonemos en conocimiento de los trabajadores, los usuarios y la opini\u00f3n p\u00fablica en general, que se ha logrado un principio de acuerdo con la representaci\u00f3n de la Fatap\u201d. Se trata de la entidad empresaria que representa a la patronal.<\/p>\n\n\n\n<p>UTA y Fatap acordaron reunirse este mi\u00e9rcoles \u201cpara suscribir el acuerdo salarial y presentarlo en la cartera laboral\u201d.<\/p>\n\n\n\n<p>El gremio remarc\u00f3: \u201cDe resultar as\u00ed, se anunciar\u00e1 el dejar sin efecto la medida de acci\u00f3n gremial dispuesta para los d\u00edas jueves y viernes\u201d.<\/p>\n\n\n\n<p>En otro fragmento del comunicado, UTA anunci\u00f3 que convocar\u00e1 a una marcha federal al Congreso de la Naci\u00f3n, para pedir el dictado de una ley federal de transporte que contemple la problem\u00e1tica del transporte de pasajeros del interior del pa\u00eds.<\/p>\n","protected":false},"excerpt":{"rendered":"<p>El gremio que nuclea a los choferes de colectivos anunci\u00f3 que la medida de fuerza que afectaba al transporte urbano se levanta.<\/p>\n","protected":false},"author":2,"featured_media":19076,"comment_status":"open","ping_status":"open","sticky":false,"template":"","format":"standard","meta":{"om_disable_all_campaigns":false,"_monsterinsights_skip_tracking":false,"_monsterinsights_sitenote_active":false,"_monsterinsights_sitenote_note":"","_monsterinsights_sitenote_category":0,"_uf_show_specific_survey":0,"_uf_disable_surveys":false,"jetpack_post_was_ever_published":false,"_jetpack_newsletter_access":"","_jetpack_dont_email_post_to_subs":false,"_jetpack_newsletter_tier_id":0,"_jetpack_memberships_contains_paywalled_content":false,"_jetpack_memberships_contains_paid_content":false,"footnotes":"","jetpack_publicize_message":"","jetpack_publicize_feature_enabled":true,"jetpack_social_post_already_shared":false,"jetpack_social_options":{"image_generator_settings":{"template":"highway","default_image_id":0,"font":"","enabled":false},"version":2}},"categories":[21],"tags":[],"class_list":["post-40230","post","type-post","status-publish","format-standard","has-post-thumbnail","hentry","category-locales"],"aioseo_notices":[],"views":11,"jetpack_publicize_connections":[],"jetpack_featured_media_url":"https:\/\/i0.wp.com\/elterritorialweb.com.ar\/web\/wp-content\/uploads\/2021\/03\/TRANSPORTE.jpg?fit=680%2C382&ssl=1","jetpack_sharing_enabled":true,"_links":{"self":[{"href":"https:\/\/elterritorialweb.com.ar\/web\/wp-json\/wp\/v2\/posts\/40230","targetHints":{"allow":["GET"]}}],"collection":[{"href":"https:\/\/elterritorialweb.com.ar\/web\/wp-json\/wp\/v2\/posts"}],"about":[{"href":"https:\/\/elterritorialweb.com.ar\/web\/wp-json\/wp\/v2\/types\/post"}],"author":[{"embeddable":true,"href":"https:\/\/elterritorialweb.com.ar\/web\/wp-json\/wp\/v2\/users\/2"}],"replies":[{"embeddable":true,"href":"https:\/\/elterritorialweb.com.ar\/web\/wp-json\/wp\/v2\/comments?post=40230"}],"version-history":[{"count":2,"href":"https:\/\/elterritorialweb.com.ar\/web\/wp-json\/wp\/v2\/posts\/40230\/revisions"}],"predecessor-version":[{"id":40233,"href":"https:\/\/elterritorialweb.com.ar\/web\/wp-json\/wp\/v2\/posts\/40230\/revisions\/40233"}],"wp:featuredmedia":[{"embeddable":true,"href":"https:\/\/elterritorialweb.com.ar\/web\/wp-json\/wp\/v2\/media\/19076"}],"wp:attachment":[{"href":"https:\/\/elterritorialweb.com.ar\/web\/wp-json\/wp\/v2\/media?parent=40230"}],"wp:term":[{"taxonomy":"category","embeddable":true,"href":"https:\/\/elterritorialweb.com.ar\/web\/wp-json\/wp\/v2\/categories?post=40230"},{"taxonomy":"post_tag","embeddable":true,"href":"https:\/\/elterritorialweb.com.ar\/web\/wp-json\/wp\/v2\/tags?post=40230"}],"curies":[{"name":"wp","href":"https:\/\/api.w.org\/{rel}","templated":true}]}}