{"id":40235,"date":"2022-05-19T02:36:28","date_gmt":"2022-05-19T02:36:28","guid":{"rendered":"http:\/\/elterritorialweb.com.ar\/web\/?p=40235"},"modified":"2022-05-19T02:57:36","modified_gmt":"2022-05-19T02:57:36","slug":"expografica-llega-por-segunda-vez-al-nodo-tecnologico","status":"publish","type":"post","link":"https:\/\/elterritorialweb.com.ar\/web\/expografica-llega-por-segunda-vez-al-nodo-tecnologico\/","title":{"rendered":"EXPOGR\u00c1FIKA LLEGA POR SEGUNDA VEZ AL NODO TECNOL\u00d3GICO"},"content":{"rendered":"\n<p>La mega muestra, se destaca por ser una de las ferias m\u00e1s importantes de Argentina, re\u00fane al sector industrial tecnol\u00f3gico de la imprenta gr\u00e1fica, representado por firmas nacionales e internacionales, las cuales desarrollan soluciones tecnol\u00f3gicas de vanguardia para oficina, comercio, industria, dise\u00f1o, etc.; se constituye como impulso para muchas pymes y empresarios que se integran al negocio, y un gran atractivo para el p\u00fablico.<\/p>\n\n\n\n<figure class=\"wp-block-image size-large is-resized\"><a href=\"https:\/\/i0.wp.com\/elterritorialweb.com.ar\/web\/wp-content\/uploads\/2022\/05\/Screenshot_20220518-2339212.png\"><img data-recalc-dims=\"1\" decoding=\"async\" data-src=\"https:\/\/i0.wp.com\/elterritorialweb.com.ar\/web\/wp-content\/uploads\/2022\/05\/Screenshot_20220518-2339212.png?resize=459%2C783\" alt=\"\" class=\"wp-image-40239 lazyload\" width=\"459\" height=\"783\" src=\"data:image\/svg+xml;base64,PHN2ZyB3aWR0aD0iMSIgaGVpZ2h0PSIxIiB4bWxucz0iaHR0cDovL3d3dy53My5vcmcvMjAwMC9zdmciPjwvc3ZnPg==\" style=\"--smush-placeholder-width: 459px; --smush-placeholder-aspect-ratio: 459\/783;\" \/><\/a><\/figure>\n\n\n\n<p>Los interesados en visitar la Feria pueden pre-acreditate de manera gratuita en: www.expografika.com<\/p>\n","protected":false},"excerpt":{"rendered":"<p>A realizarse los d\u00edas 9, 10 y 11 de junio, con entrada libre y gratuita para todos los visitantes, que podr\u00e1n disfrutar una feria de 8.000 m2 de gr\u00e1fica, gastronom\u00eda, talleres, cursos, muestras y mucho m\u00e1s.<\/p>\n","protected":false},"author":2,"featured_media":40238,"comment_status":"open","ping_status":"open","sticky":false,"template":"","format":"standard","meta":{"om_disable_all_campaigns":false,"_monsterinsights_skip_tracking":false,"_monsterinsights_sitenote_active":false,"_monsterinsights_sitenote_note":"","_monsterinsights_sitenote_category":0,"_uf_show_specific_survey":0,"_uf_disable_surveys":false,"jetpack_post_was_ever_published":false,"_jetpack_newsletter_access":"","_jetpack_dont_email_post_to_subs":false,"_jetpack_newsletter_tier_id":0,"_jetpack_memberships_contains_paywalled_content":false,"_jetpack_memberships_contains_paid_content":false,"footnotes":"","jetpack_publicize_message":"","jetpack_publicize_feature_enabled":true,"jetpack_social_post_already_shared":false,"jetpack_social_options":{"image_generator_settings":{"template":"highway","default_image_id":0,"font":"","enabled":false},"version":2}},"categories":[21],"tags":[],"class_list":["post-40235","post","type-post","status-publish","format-standard","has-post-thumbnail","hentry","category-locales"],"aioseo_notices":[],"views":13,"jetpack_publicize_connections":[],"jetpack_featured_media_url":"https:\/\/i0.wp.com\/elterritorialweb.com.ar\/web\/wp-content\/uploads\/2022\/05\/portada-graphexpo.jpg?fit=905%2C428&ssl=1","jetpack_sharing_enabled":true,"_links":{"self":[{"href":"https:\/\/elterritorialweb.com.ar\/web\/wp-json\/wp\/v2\/posts\/40235","targetHints":{"allow":["GET"]}}],"collection":[{"href":"https:\/\/elterritorialweb.com.ar\/web\/wp-json\/wp\/v2\/posts"}],"about":[{"href":"https:\/\/elterritorialweb.com.ar\/web\/wp-json\/wp\/v2\/types\/post"}],"author":[{"embeddable":true,"href":"https:\/\/elterritorialweb.com.ar\/web\/wp-json\/wp\/v2\/users\/2"}],"replies":[{"embeddable":true,"href":"https:\/\/elterritorialweb.com.ar\/web\/wp-json\/wp\/v2\/comments?post=40235"}],"version-history":[{"count":4,"href":"https:\/\/elterritorialweb.com.ar\/web\/wp-json\/wp\/v2\/posts\/40235\/revisions"}],"predecessor-version":[{"id":40242,"href":"https:\/\/elterritorialweb.com.ar\/web\/wp-json\/wp\/v2\/posts\/40235\/revisions\/40242"}],"wp:featuredmedia":[{"embeddable":true,"href":"https:\/\/elterritorialweb.com.ar\/web\/wp-json\/wp\/v2\/media\/40238"}],"wp:attachment":[{"href":"https:\/\/elterritorialweb.com.ar\/web\/wp-json\/wp\/v2\/media?parent=40235"}],"wp:term":[{"taxonomy":"category","embeddable":true,"href":"https:\/\/elterritorialweb.com.ar\/web\/wp-json\/wp\/v2\/categories?post=40235"},{"taxonomy":"post_tag","embeddable":true,"href":"https:\/\/elterritorialweb.com.ar\/web\/wp-json\/wp\/v2\/tags?post=40235"}],"curies":[{"name":"wp","href":"https:\/\/api.w.org\/{rel}","templated":true}]}}