{"id":40243,"date":"2022-05-19T21:36:18","date_gmt":"2022-05-19T21:36:18","guid":{"rendered":"http:\/\/elterritorialweb.com.ar\/web\/?p=40243"},"modified":"2022-05-19T21:38:22","modified_gmt":"2022-05-19T21:38:22","slug":"convocan-a-cantantes-santiaguenos-al-casting-abierto-para-el-programa-canta-conmigo-ahora","status":"publish","type":"post","link":"https:\/\/elterritorialweb.com.ar\/web\/convocan-a-cantantes-santiaguenos-al-casting-abierto-para-el-programa-canta-conmigo-ahora\/","title":{"rendered":"CONVOCAN A CANTANTES SANTIAGUE\u00d1OS AL CASTING ABIERTO PARA EL PROGRAMA \u00abCANTA CONMIGO AHORA\u00bb"},"content":{"rendered":"\n<p>Este programa de \u00e9xito mundial es producido por \u201cLa Flia\u201d y El Trece y comenzar\u00e1 a transmitirse en los pr\u00f3ximos meses con la participaci\u00f3n de cantantes de todo el pa\u00eds que ser\u00e1n evaluados por 100 jurados expertos.<br>Los interesados en participar deben tener en cuenta los siguientes requisitos: pueden ser cantantes profesionales o amateurs; mayores de 18 a\u00f1os o que cumplan a\u00f1os antes del 30 de junio; preparar 2 temas, uno en ingl\u00e9s y otro en castellano con pista musical (en pendrive) y a capela.<br>Las categor\u00edas que estar\u00e1n disponibles son: solistas, d\u00faos y grupos (no est\u00e1 permitido bandas). Tambi\u00e9n estar\u00e1n prohibidas audiciones con temas propios y los participantes deber\u00e1n tener el esquema completo de vacunaci\u00f3n contra el Covid y usar barbijo o tapaboca durante la audici\u00f3n.<\/p>\n\n\n\n<figure class=\"wp-block-image size-large is-resized\"><a href=\"https:\/\/i0.wp.com\/elterritorialweb.com.ar\/web\/wp-content\/uploads\/2022\/05\/IMG-20220519-WA0010.jpg\"><img data-recalc-dims=\"1\" decoding=\"async\" data-src=\"https:\/\/i0.wp.com\/elterritorialweb.com.ar\/web\/wp-content\/uploads\/2022\/05\/IMG-20220519-WA0010.jpg?resize=403%2C504\" alt=\"\" class=\"wp-image-40245 lazyload\" width=\"403\" height=\"504\" data-srcset=\"https:\/\/i0.wp.com\/elterritorialweb.com.ar\/web\/wp-content\/uploads\/2022\/05\/IMG-20220519-WA0010.jpg?resize=819%2C1024&amp;ssl=1 819w, https:\/\/i0.wp.com\/elterritorialweb.com.ar\/web\/wp-content\/uploads\/2022\/05\/IMG-20220519-WA0010.jpg?resize=240%2C300&amp;ssl=1 240w, https:\/\/i0.wp.com\/elterritorialweb.com.ar\/web\/wp-content\/uploads\/2022\/05\/IMG-20220519-WA0010.jpg?resize=768%2C960&amp;ssl=1 768w, https:\/\/i0.wp.com\/elterritorialweb.com.ar\/web\/wp-content\/uploads\/2022\/05\/IMG-20220519-WA0010.jpg?w=1024&amp;ssl=1 1024w\" data-sizes=\"(max-width: 403px) 100vw, 403px\" src=\"data:image\/svg+xml;base64,PHN2ZyB3aWR0aD0iMSIgaGVpZ2h0PSIxIiB4bWxucz0iaHR0cDovL3d3dy53My5vcmcvMjAwMC9zdmciPjwvc3ZnPg==\" style=\"--smush-placeholder-width: 403px; --smush-placeholder-aspect-ratio: 403\/504;\" \/><\/a><\/figure>\n","protected":false},"excerpt":{"rendered":"<p>La Municipalidad de La Banda acompa\u00f1ar\u00e1 la audici\u00f3n de cantantes para el programa televisivo \u00abCanta Conmigo Ahora\u00bb que se realizar\u00e1 el 23 y 24 de Mayo de 10 a 17 en el Nodo Tecnol\u00f3gico situado en Avenida de Los Molinos e Industria Argentina.<\/p>\n","protected":false},"author":2,"featured_media":40244,"comment_status":"open","ping_status":"open","sticky":false,"template":"","format":"standard","meta":{"om_disable_all_campaigns":false,"_monsterinsights_skip_tracking":false,"_monsterinsights_sitenote_active":false,"_monsterinsights_sitenote_note":"","_monsterinsights_sitenote_category":0,"_uf_show_specific_survey":0,"_uf_disable_surveys":false,"jetpack_post_was_ever_published":false,"_jetpack_newsletter_access":"","_jetpack_dont_email_post_to_subs":false,"_jetpack_newsletter_tier_id":0,"_jetpack_memberships_contains_paywalled_content":false,"_jetpack_memberships_contains_paid_content":false,"footnotes":"","jetpack_publicize_message":"","jetpack_publicize_feature_enabled":true,"jetpack_social_post_already_shared":false,"jetpack_social_options":{"image_generator_settings":{"template":"highway","default_image_id":0,"font":"","enabled":false},"version":2}},"categories":[21],"tags":[],"class_list":["post-40243","post","type-post","status-publish","format-standard","has-post-thumbnail","hentry","category-locales"],"aioseo_notices":[],"views":17,"jetpack_publicize_connections":[],"jetpack_featured_media_url":"https:\/\/i0.wp.com\/elterritorialweb.com.ar\/web\/wp-content\/uploads\/2022\/05\/canta-conmigo-ahora.jpg?fit=791%2C445&ssl=1","jetpack_sharing_enabled":true,"_links":{"self":[{"href":"https:\/\/elterritorialweb.com.ar\/web\/wp-json\/wp\/v2\/posts\/40243","targetHints":{"allow":["GET"]}}],"collection":[{"href":"https:\/\/elterritorialweb.com.ar\/web\/wp-json\/wp\/v2\/posts"}],"about":[{"href":"https:\/\/elterritorialweb.com.ar\/web\/wp-json\/wp\/v2\/types\/post"}],"author":[{"embeddable":true,"href":"https:\/\/elterritorialweb.com.ar\/web\/wp-json\/wp\/v2\/users\/2"}],"replies":[{"embeddable":true,"href":"https:\/\/elterritorialweb.com.ar\/web\/wp-json\/wp\/v2\/comments?post=40243"}],"version-history":[{"count":2,"href":"https:\/\/elterritorialweb.com.ar\/web\/wp-json\/wp\/v2\/posts\/40243\/revisions"}],"predecessor-version":[{"id":40248,"href":"https:\/\/elterritorialweb.com.ar\/web\/wp-json\/wp\/v2\/posts\/40243\/revisions\/40248"}],"wp:featuredmedia":[{"embeddable":true,"href":"https:\/\/elterritorialweb.com.ar\/web\/wp-json\/wp\/v2\/media\/40244"}],"wp:attachment":[{"href":"https:\/\/elterritorialweb.com.ar\/web\/wp-json\/wp\/v2\/media?parent=40243"}],"wp:term":[{"taxonomy":"category","embeddable":true,"href":"https:\/\/elterritorialweb.com.ar\/web\/wp-json\/wp\/v2\/categories?post=40243"},{"taxonomy":"post_tag","embeddable":true,"href":"https:\/\/elterritorialweb.com.ar\/web\/wp-json\/wp\/v2\/tags?post=40243"}],"curies":[{"name":"wp","href":"https:\/\/api.w.org\/{rel}","templated":true}]}}