{"id":40270,"date":"2022-05-20T18:17:00","date_gmt":"2022-05-20T18:17:00","guid":{"rendered":"http:\/\/elterritorialweb.com.ar\/web\/?p=40270"},"modified":"2022-05-20T18:17:01","modified_gmt":"2022-05-20T18:17:01","slug":"nuevo-curso-virtual-de-la-escuela-de-artes-y-oficios","status":"publish","type":"post","link":"https:\/\/elterritorialweb.com.ar\/web\/nuevo-curso-virtual-de-la-escuela-de-artes-y-oficios\/","title":{"rendered":"NUEVO CURSO VIRTUAL DE LA ESCUELA DE ARTES Y OFICIOS"},"content":{"rendered":"\n<p>Se trata del curso Mandatario del Automotor que se dictar\u00e1 en Modalidad Virtual a trav\u00e9s de la Plataforma de la Escuela.<br>El curso comenzar\u00e1 el s\u00e1bado 28 de mayo, a cargo de la docente Carla Lorena Mart\u00ednez y consta de 16 encuentros en l\u00ednea.<br>Para m\u00e1s informaci\u00f3n e inscripci\u00f3n, debes ingresar a la p\u00e1gina web o Facebook de la Escuela de Artes y Oficios, o concurrir personalmente a la oficina ubicada en la sede central de la UNSE o a la sede El Zanj\u00f3n, de lunes a viernes de 8 a 13 y de 14 a 20.<br>Te recordamos que puedes inscribirte de manera virtual.<br>Por otra parte, sigue abierta la convocatoria a la presentaci\u00f3n de Propuestas de Capacitaci\u00f3n en artes y oficios, para todo el territorio provincial. <\/p>\n\n\n\n<figure class=\"wp-block-image size-full\"><a href=\"https:\/\/i0.wp.com\/elterritorialweb.com.ar\/web\/wp-content\/uploads\/2022\/05\/IMG-20220520-WA0018.jpg\"><img data-recalc-dims=\"1\" decoding=\"async\" width=\"552\" height=\"687\" data-src=\"https:\/\/i0.wp.com\/elterritorialweb.com.ar\/web\/wp-content\/uploads\/2022\/05\/IMG-20220520-WA0018.jpg?resize=552%2C687\" alt=\"\" class=\"wp-image-40271 lazyload\" data-srcset=\"https:\/\/i0.wp.com\/elterritorialweb.com.ar\/web\/wp-content\/uploads\/2022\/05\/IMG-20220520-WA0018.jpg?w=552&amp;ssl=1 552w, https:\/\/i0.wp.com\/elterritorialweb.com.ar\/web\/wp-content\/uploads\/2022\/05\/IMG-20220520-WA0018.jpg?resize=241%2C300&amp;ssl=1 241w\" data-sizes=\"(max-width: 552px) 100vw, 552px\" src=\"data:image\/svg+xml;base64,PHN2ZyB3aWR0aD0iMSIgaGVpZ2h0PSIxIiB4bWxucz0iaHR0cDovL3d3dy53My5vcmcvMjAwMC9zdmciPjwvc3ZnPg==\" style=\"--smush-placeholder-width: 552px; --smush-placeholder-aspect-ratio: 552\/687;\" \/><\/a><\/figure>\n\n\n\n<p>La pagina web de la Escuela es: https:\/\/escueladeartesyoficios.unse.edu.ar<\/p>\n","protected":false},"excerpt":{"rendered":"<p>La Escuela de Artes y Oficios de la Universidad Nacional de Santiago del Estero comunica una nueva propuesta de formaci\u00f3n.<\/p>\n","protected":false},"author":2,"featured_media":5622,"comment_status":"open","ping_status":"open","sticky":false,"template":"","format":"standard","meta":{"om_disable_all_campaigns":false,"_monsterinsights_skip_tracking":false,"_monsterinsights_sitenote_active":false,"_monsterinsights_sitenote_note":"","_monsterinsights_sitenote_category":0,"_uf_show_specific_survey":0,"_uf_disable_surveys":false,"jetpack_post_was_ever_published":false,"_jetpack_newsletter_access":"","_jetpack_dont_email_post_to_subs":false,"_jetpack_newsletter_tier_id":0,"_jetpack_memberships_contains_paywalled_content":false,"_jetpack_memberships_contains_paid_content":false,"footnotes":"","jetpack_publicize_message":"","jetpack_publicize_feature_enabled":true,"jetpack_social_post_already_shared":false,"jetpack_social_options":{"image_generator_settings":{"template":"highway","default_image_id":0,"font":"","enabled":false},"version":2}},"categories":[19],"tags":[],"class_list":["post-40270","post","type-post","status-publish","format-standard","has-post-thumbnail","hentry","category-educacion"],"aioseo_notices":[],"views":16,"jetpack_publicize_connections":[],"jetpack_featured_media_url":"https:\/\/i0.wp.com\/elterritorialweb.com.ar\/web\/wp-content\/uploads\/2020\/05\/ESCUELA-DE-ARTE-Y-OFICIOS.jpg?fit=960%2C288&ssl=1","jetpack_sharing_enabled":true,"_links":{"self":[{"href":"https:\/\/elterritorialweb.com.ar\/web\/wp-json\/wp\/v2\/posts\/40270","targetHints":{"allow":["GET"]}}],"collection":[{"href":"https:\/\/elterritorialweb.com.ar\/web\/wp-json\/wp\/v2\/posts"}],"about":[{"href":"https:\/\/elterritorialweb.com.ar\/web\/wp-json\/wp\/v2\/types\/post"}],"author":[{"embeddable":true,"href":"https:\/\/elterritorialweb.com.ar\/web\/wp-json\/wp\/v2\/users\/2"}],"replies":[{"embeddable":true,"href":"https:\/\/elterritorialweb.com.ar\/web\/wp-json\/wp\/v2\/comments?post=40270"}],"version-history":[{"count":1,"href":"https:\/\/elterritorialweb.com.ar\/web\/wp-json\/wp\/v2\/posts\/40270\/revisions"}],"predecessor-version":[{"id":40272,"href":"https:\/\/elterritorialweb.com.ar\/web\/wp-json\/wp\/v2\/posts\/40270\/revisions\/40272"}],"wp:featuredmedia":[{"embeddable":true,"href":"https:\/\/elterritorialweb.com.ar\/web\/wp-json\/wp\/v2\/media\/5622"}],"wp:attachment":[{"href":"https:\/\/elterritorialweb.com.ar\/web\/wp-json\/wp\/v2\/media?parent=40270"}],"wp:term":[{"taxonomy":"category","embeddable":true,"href":"https:\/\/elterritorialweb.com.ar\/web\/wp-json\/wp\/v2\/categories?post=40270"},{"taxonomy":"post_tag","embeddable":true,"href":"https:\/\/elterritorialweb.com.ar\/web\/wp-json\/wp\/v2\/tags?post=40270"}],"curies":[{"name":"wp","href":"https:\/\/api.w.org\/{rel}","templated":true}]}}