{"id":40273,"date":"2022-05-20T18:23:55","date_gmt":"2022-05-20T18:23:55","guid":{"rendered":"http:\/\/elterritorialweb.com.ar\/web\/?p=40273"},"modified":"2022-05-20T18:23:55","modified_gmt":"2022-05-20T18:23:55","slug":"el-intendente-nediani-inauguro-obra-de-pavimentacion-en-el-barrio-villa-union","status":"publish","type":"post","link":"https:\/\/elterritorialweb.com.ar\/web\/el-intendente-nediani-inauguro-obra-de-pavimentacion-en-el-barrio-villa-union\/","title":{"rendered":"EL INTENDENTE NEDIANI INAUGUR\u00d3 OBRA DE PAVIMENTACI\u00d3N EN EL BARRIO VILLA UNI\u00d3N"},"content":{"rendered":"\n<p>La inauguraci\u00f3n cont\u00f3 con la participaci\u00f3n de autoridades del Ejecutivo Municipal, concejales e invitados especiales con el m\u00e1ximo referente del Frente Renovador en provincia y vicepresidente de Ferrocarriles Argentinos FASE, Pablo Mirolo, y la Diputada Provincial, Mariana Morales.<br>La Secretar\u00eda de Obras P\u00fablicas de la municipalidad de La Banda fue la encargada de ejecutar esta obra que tiene una longitud de 350 metros lineales de hormig\u00f3n H21, que beneficia a los vecinos y mejora la calidad de vida de los bande\u00f1os del sector.<br>Tras el tradicional corte de cintas Nediani declar\u00f3: \u00abEs una alegr\u00eda poder llegarnos hasta el barrio Villa Uni\u00f3n para inaugurar este pasaje, son casi 400 metros de pavimento.<\/p>\n\n\n\n<figure class=\"wp-block-image size-large\"><a href=\"https:\/\/i0.wp.com\/elterritorialweb.com.ar\/web\/wp-content\/uploads\/2022\/05\/IMG-20220520-WA0015.jpg\"><img data-recalc-dims=\"1\" decoding=\"async\" width=\"640\" height=\"362\" data-src=\"https:\/\/i0.wp.com\/elterritorialweb.com.ar\/web\/wp-content\/uploads\/2022\/05\/IMG-20220520-WA0015.jpg?resize=640%2C362\" alt=\"\" class=\"wp-image-40275 lazyload\" data-srcset=\"https:\/\/i0.wp.com\/elterritorialweb.com.ar\/web\/wp-content\/uploads\/2022\/05\/IMG-20220520-WA0015.jpg?resize=1024%2C579&amp;ssl=1 1024w, https:\/\/i0.wp.com\/elterritorialweb.com.ar\/web\/wp-content\/uploads\/2022\/05\/IMG-20220520-WA0015.jpg?resize=300%2C170&amp;ssl=1 300w, https:\/\/i0.wp.com\/elterritorialweb.com.ar\/web\/wp-content\/uploads\/2022\/05\/IMG-20220520-WA0015.jpg?resize=768%2C435&amp;ssl=1 768w, https:\/\/i0.wp.com\/elterritorialweb.com.ar\/web\/wp-content\/uploads\/2022\/05\/IMG-20220520-WA0015.jpg?resize=1536%2C869&amp;ssl=1 1536w, https:\/\/i0.wp.com\/elterritorialweb.com.ar\/web\/wp-content\/uploads\/2022\/05\/IMG-20220520-WA0015.jpg?w=1589&amp;ssl=1 1589w, https:\/\/i0.wp.com\/elterritorialweb.com.ar\/web\/wp-content\/uploads\/2022\/05\/IMG-20220520-WA0015.jpg?w=1280 1280w\" data-sizes=\"(max-width: 640px) 100vw, 640px\" src=\"data:image\/svg+xml;base64,PHN2ZyB3aWR0aD0iMSIgaGVpZ2h0PSIxIiB4bWxucz0iaHR0cDovL3d3dy53My5vcmcvMjAwMC9zdmciPjwvc3ZnPg==\" style=\"--smush-placeholder-width: 640px; --smush-placeholder-aspect-ratio: 640\/362;\" \/><\/a><\/figure>\n\n\n\n<p>Estamos muy contento porque era algo muy anhelado por todos los vecinos, con esto vamos a mejorar la transitabilidad. Una obra de estas caracter\u00edsticas se transforma en un polo de desarrollo econ\u00f3mico porque cada vez que hay una pavimentaci\u00f3n y una mejora en los barrios, los vecinos tambi\u00e9n se motivan para mejorar sus viviendas, algunos para poner un comercio y esto es lo que buscamos, tener esa posibilidad no solo de mejorar el transito sino tambi\u00e9n de darle un mayor desarrollo econ\u00f3mico a las zonas donde colocamos el pavimento\u00bb.<br>Agreg\u00f3: \u00ab\u00c9stas obras nos acercan al vecino y nos permite tener ese dialogo cercano que buscamos desde la gesti\u00f3n, de frente a frente donde les contamos las obras y servicios que se realizan en La Banda, adem\u00e1s de escucharlos porque a veces nosotros tenemos una propuesta, una planificaci\u00f3n, una organizaci\u00f3n, pero el vecino necesita otro tipo de obra o servicio y en eso estamos.<br>La idea es trabajar en el contacto permanente con el vecino para mejorar sensiblemente los barrios. Esto es lo que venimos haciendo, no solo inauguramos obras sino tambi\u00e9n caminamos los diferentes barrios y estamos cerca de la gente para poder dialogar y consensuar obras y servicios\u00bb.<br>Luego de la ceremonia de inauguraci\u00f3n el intendente Roger Nediani entreg\u00f3 juegos de camisetas y equipos deportivos a los jugadores de f\u00fatbol de la Categor\u00eda C20 del Club Villa Uni\u00f3n.<\/p>\n","protected":false},"excerpt":{"rendered":"<p>El intendente Roger Nediani junto a vecinos del barrio Villa Uni\u00f3n inaugur\u00f3 la obra de pavimentaci\u00f3n del pasaje Primero de calle Coronel Rivas, en el marco del Plan de Mejoramiento Urban\u00edstico impulsado desde su gesti\u00f3n.<\/p>\n","protected":false},"author":2,"featured_media":40274,"comment_status":"open","ping_status":"open","sticky":false,"template":"","format":"standard","meta":{"om_disable_all_campaigns":false,"_monsterinsights_skip_tracking":false,"_monsterinsights_sitenote_active":false,"_monsterinsights_sitenote_note":"","_monsterinsights_sitenote_category":0,"_uf_show_specific_survey":0,"_uf_disable_surveys":false,"jetpack_post_was_ever_published":false,"_jetpack_newsletter_access":"","_jetpack_dont_email_post_to_subs":false,"_jetpack_newsletter_tier_id":0,"_jetpack_memberships_contains_paywalled_content":false,"_jetpack_memberships_contains_paid_content":false,"footnotes":"","jetpack_publicize_message":"","jetpack_publicize_feature_enabled":true,"jetpack_social_post_already_shared":false,"jetpack_social_options":{"image_generator_settings":{"template":"highway","default_image_id":0,"font":"","enabled":false},"version":2}},"categories":[21],"tags":[],"class_list":["post-40273","post","type-post","status-publish","format-standard","has-post-thumbnail","hentry","category-locales"],"aioseo_notices":[],"views":11,"jetpack_publicize_connections":[],"jetpack_featured_media_url":"https:\/\/i0.wp.com\/elterritorialweb.com.ar\/web\/wp-content\/uploads\/2022\/05\/IMG-20220520-WA0014.jpg?fit=1599%2C1009&ssl=1","jetpack_sharing_enabled":true,"_links":{"self":[{"href":"https:\/\/elterritorialweb.com.ar\/web\/wp-json\/wp\/v2\/posts\/40273","targetHints":{"allow":["GET"]}}],"collection":[{"href":"https:\/\/elterritorialweb.com.ar\/web\/wp-json\/wp\/v2\/posts"}],"about":[{"href":"https:\/\/elterritorialweb.com.ar\/web\/wp-json\/wp\/v2\/types\/post"}],"author":[{"embeddable":true,"href":"https:\/\/elterritorialweb.com.ar\/web\/wp-json\/wp\/v2\/users\/2"}],"replies":[{"embeddable":true,"href":"https:\/\/elterritorialweb.com.ar\/web\/wp-json\/wp\/v2\/comments?post=40273"}],"version-history":[{"count":1,"href":"https:\/\/elterritorialweb.com.ar\/web\/wp-json\/wp\/v2\/posts\/40273\/revisions"}],"predecessor-version":[{"id":40276,"href":"https:\/\/elterritorialweb.com.ar\/web\/wp-json\/wp\/v2\/posts\/40273\/revisions\/40276"}],"wp:featuredmedia":[{"embeddable":true,"href":"https:\/\/elterritorialweb.com.ar\/web\/wp-json\/wp\/v2\/media\/40274"}],"wp:attachment":[{"href":"https:\/\/elterritorialweb.com.ar\/web\/wp-json\/wp\/v2\/media?parent=40273"}],"wp:term":[{"taxonomy":"category","embeddable":true,"href":"https:\/\/elterritorialweb.com.ar\/web\/wp-json\/wp\/v2\/categories?post=40273"},{"taxonomy":"post_tag","embeddable":true,"href":"https:\/\/elterritorialweb.com.ar\/web\/wp-json\/wp\/v2\/tags?post=40273"}],"curies":[{"name":"wp","href":"https:\/\/api.w.org\/{rel}","templated":true}]}}