{"id":40277,"date":"2022-05-20T20:17:41","date_gmt":"2022-05-20T20:17:41","guid":{"rendered":"http:\/\/elterritorialweb.com.ar\/web\/?p=40277"},"modified":"2022-05-20T20:17:41","modified_gmt":"2022-05-20T20:17:41","slug":"zamora-inauguro-en-tintina-un-importante-paquete-de-obras-y-entrego-76-viviendas-sociales","status":"publish","type":"post","link":"https:\/\/elterritorialweb.com.ar\/web\/zamora-inauguro-en-tintina-un-importante-paquete-de-obras-y-entrego-76-viviendas-sociales\/","title":{"rendered":"ZAMORA INAUGUR\u00d3 EN TINTINA UN IMPORTANTE PAQUETE DE OBRAS Y ENTREG\u00d3 76 VIVIENDAS SOCIALES"},"content":{"rendered":"\n<p>El gobernador Gerardo Zamora visit\u00f3 este viernes la ciudad de Tintina, en el departamento Moreno, donde dej\u00f3 inaugurado un barrio de 40 viviendas; 600 metros de pavimento articulado; 2.000 metros de alumbrado p\u00fablico; un laboratorio de an\u00e1lisis cl\u00ednicos en el Centro Integrador Comunitario Municipal y habilit\u00f3 el renovado edificio de un jard\u00edn de infantes.<\/p>\n\n\n\n<figure class=\"wp-block-image size-large\"><a href=\"https:\/\/i0.wp.com\/elterritorialweb.com.ar\/web\/wp-content\/uploads\/2022\/05\/IMG-20220520-WA0001.jpg\"><img data-recalc-dims=\"1\" decoding=\"async\" width=\"640\" height=\"426\" data-src=\"https:\/\/i0.wp.com\/elterritorialweb.com.ar\/web\/wp-content\/uploads\/2022\/05\/IMG-20220520-WA0001.jpg?resize=640%2C426\" alt=\"\" class=\"wp-image-40279 lazyload\" data-srcset=\"https:\/\/i0.wp.com\/elterritorialweb.com.ar\/web\/wp-content\/uploads\/2022\/05\/IMG-20220520-WA0001.jpg?resize=1024%2C682&amp;ssl=1 1024w, https:\/\/i0.wp.com\/elterritorialweb.com.ar\/web\/wp-content\/uploads\/2022\/05\/IMG-20220520-WA0001.jpg?resize=300%2C200&amp;ssl=1 300w, https:\/\/i0.wp.com\/elterritorialweb.com.ar\/web\/wp-content\/uploads\/2022\/05\/IMG-20220520-WA0001.jpg?resize=768%2C512&amp;ssl=1 768w, https:\/\/i0.wp.com\/elterritorialweb.com.ar\/web\/wp-content\/uploads\/2022\/05\/IMG-20220520-WA0001.jpg?w=1280&amp;ssl=1 1280w\" data-sizes=\"(max-width: 640px) 100vw, 640px\" src=\"data:image\/svg+xml;base64,PHN2ZyB3aWR0aD0iMSIgaGVpZ2h0PSIxIiB4bWxucz0iaHR0cDovL3d3dy53My5vcmcvMjAwMC9zdmciPjwvc3ZnPg==\" style=\"--smush-placeholder-width: 640px; --smush-placeholder-aspect-ratio: 640\/426;\" \/><\/a><\/figure>\n\n\n\n<p>Tambi\u00e9n entreg\u00f3 viviendas sociales a 76 familias de esta localidad y de la zona, las que fueron ejecutadas con aportes del Ministerio de Desarrollo Social de la provincia a trav\u00e9s de la Municipalidad de Tintina y de las asociaciones de Fomento Comunal Rural de Alhuampa; Ecos de Mi Pueblo; Proponiendo y Cumpliendo por Tintina; Sportivo Tintina y San Jos\u00e9 de Tintina.<\/p>\n\n\n\n<figure class=\"wp-block-image size-large\"><a href=\"https:\/\/i0.wp.com\/elterritorialweb.com.ar\/web\/wp-content\/uploads\/2022\/05\/IMG-20220520-WA0007.jpg\"><img data-recalc-dims=\"1\" decoding=\"async\" width=\"640\" height=\"426\" data-src=\"https:\/\/i0.wp.com\/elterritorialweb.com.ar\/web\/wp-content\/uploads\/2022\/05\/IMG-20220520-WA0007.jpg?resize=640%2C426\" alt=\"\" class=\"wp-image-40280 lazyload\" data-srcset=\"https:\/\/i0.wp.com\/elterritorialweb.com.ar\/web\/wp-content\/uploads\/2022\/05\/IMG-20220520-WA0007.jpg?resize=1024%2C682&amp;ssl=1 1024w, https:\/\/i0.wp.com\/elterritorialweb.com.ar\/web\/wp-content\/uploads\/2022\/05\/IMG-20220520-WA0007.jpg?resize=300%2C200&amp;ssl=1 300w, https:\/\/i0.wp.com\/elterritorialweb.com.ar\/web\/wp-content\/uploads\/2022\/05\/IMG-20220520-WA0007.jpg?resize=768%2C512&amp;ssl=1 768w, https:\/\/i0.wp.com\/elterritorialweb.com.ar\/web\/wp-content\/uploads\/2022\/05\/IMG-20220520-WA0007.jpg?w=1280&amp;ssl=1 1280w\" data-sizes=\"(max-width: 640px) 100vw, 640px\" src=\"data:image\/svg+xml;base64,PHN2ZyB3aWR0aD0iMSIgaGVpZ2h0PSIxIiB4bWxucz0iaHR0cDovL3d3dy53My5vcmcvMjAwMC9zdmciPjwvc3ZnPg==\" style=\"--smush-placeholder-width: 640px; --smush-placeholder-aspect-ratio: 640\/426;\" \/><\/a><\/figure>\n\n\n\n<p>Adem\u00e1s del secretario de Articulaci\u00f3n Federal del Ministerio de Desarrollo Territorial y H\u00e1bitat de la Naci\u00f3n, Hugo Cabral.<\/p>\n\n\n\n<p>La comitiva fue recibida por el intendente Luis Gonz\u00e1lez, quien resalt\u00f3 el crecimiento de esta ciudad y sus alrededores a partir de obras de infraestructura b\u00e1sica ejecutadas con aporte del Estado provincial y la participaci\u00f3n de la comuna y de organizaciones civiles de la zona.<\/p>\n\n\n\n<figure class=\"wp-block-image size-large\"><a href=\"https:\/\/i0.wp.com\/elterritorialweb.com.ar\/web\/wp-content\/uploads\/2022\/05\/IMG-20220520-WA0003.jpg\"><img data-recalc-dims=\"1\" decoding=\"async\" width=\"640\" height=\"426\" data-src=\"https:\/\/i0.wp.com\/elterritorialweb.com.ar\/web\/wp-content\/uploads\/2022\/05\/IMG-20220520-WA0003.jpg?resize=640%2C426\" alt=\"\" class=\"wp-image-40281 lazyload\" data-srcset=\"https:\/\/i0.wp.com\/elterritorialweb.com.ar\/web\/wp-content\/uploads\/2022\/05\/IMG-20220520-WA0003.jpg?resize=1024%2C682&amp;ssl=1 1024w, https:\/\/i0.wp.com\/elterritorialweb.com.ar\/web\/wp-content\/uploads\/2022\/05\/IMG-20220520-WA0003.jpg?resize=300%2C200&amp;ssl=1 300w, https:\/\/i0.wp.com\/elterritorialweb.com.ar\/web\/wp-content\/uploads\/2022\/05\/IMG-20220520-WA0003.jpg?resize=768%2C512&amp;ssl=1 768w, https:\/\/i0.wp.com\/elterritorialweb.com.ar\/web\/wp-content\/uploads\/2022\/05\/IMG-20220520-WA0003.jpg?w=1280&amp;ssl=1 1280w\" data-sizes=\"(max-width: 640px) 100vw, 640px\" src=\"data:image\/svg+xml;base64,PHN2ZyB3aWR0aD0iMSIgaGVpZ2h0PSIxIiB4bWxucz0iaHR0cDovL3d3dy53My5vcmcvMjAwMC9zdmciPjwvc3ZnPg==\" style=\"--smush-placeholder-width: 640px; --smush-placeholder-aspect-ratio: 640\/426;\" \/><\/a><\/figure>\n\n\n\n<p>En esta oportunidad fue inaugurado el barrio Capit\u00e1n David Alberto Carabajal, en homenaje a un militar oriundo de Tintina que falleci\u00f3 en servicio. En el acto estuvieron presentes sus padres, Oscar Carabajal y Graciela Ledesma, y el coronel Hugo Peralta en representaci\u00f3n del Ej\u00e9rcito Argentino.<\/p>\n\n\n\n<p>El barrio fue ejecutado con aportes del Fondo Nacional de Viviendas (Fonavi) a trav\u00e9s del Plan Techo Digno.<\/p>\n\n\n\n<figure class=\"wp-block-image size-large is-resized\"><a href=\"https:\/\/i0.wp.com\/elterritorialweb.com.ar\/web\/wp-content\/uploads\/2022\/05\/IMG-20220520-WA0002.jpg\"><img data-recalc-dims=\"1\" decoding=\"async\" data-src=\"https:\/\/i0.wp.com\/elterritorialweb.com.ar\/web\/wp-content\/uploads\/2022\/05\/IMG-20220520-WA0002.jpg?resize=495%2C329\" alt=\"\" class=\"wp-image-40282 lazyload\" width=\"495\" height=\"329\" data-srcset=\"https:\/\/i0.wp.com\/elterritorialweb.com.ar\/web\/wp-content\/uploads\/2022\/05\/IMG-20220520-WA0002.jpg?resize=1024%2C682&amp;ssl=1 1024w, https:\/\/i0.wp.com\/elterritorialweb.com.ar\/web\/wp-content\/uploads\/2022\/05\/IMG-20220520-WA0002.jpg?resize=300%2C200&amp;ssl=1 300w, https:\/\/i0.wp.com\/elterritorialweb.com.ar\/web\/wp-content\/uploads\/2022\/05\/IMG-20220520-WA0002.jpg?resize=768%2C512&amp;ssl=1 768w, https:\/\/i0.wp.com\/elterritorialweb.com.ar\/web\/wp-content\/uploads\/2022\/05\/IMG-20220520-WA0002.jpg?w=1280&amp;ssl=1 1280w\" data-sizes=\"(max-width: 495px) 100vw, 495px\" src=\"data:image\/svg+xml;base64,PHN2ZyB3aWR0aD0iMSIgaGVpZ2h0PSIxIiB4bWxucz0iaHR0cDovL3d3dy53My5vcmcvMjAwMC9zdmciPjwvc3ZnPg==\" style=\"--smush-placeholder-width: 495px; --smush-placeholder-aspect-ratio: 495\/329;\" \/><\/a><\/figure>\n\n\n\n<p>Tambi\u00e9n en esta oportunidad fue habilitada la primera etapa de la pavimentaci\u00f3n de calle Sarmiento, desde Saavedra hasta la ruta 5; la ampliaci\u00f3n del alumbrado p\u00fablico con tecnolog\u00eda led sobre ruta 5 y las calles Sarmiento y San Mart\u00edn.<\/p>\n\n\n\n<p>Adem\u00e1s, fue inaugurado un laboratorio totalmente equipada en el CIC Municipal y el edificio del Jard\u00edn de Infantes N\u00ba 110 \u201cHuahua Huasi\u201d, donde se construyeron dos salas con sanitarios, patio cubierto y verja, tambi\u00e9n se renov\u00f3 toda la instalaci\u00f3n el\u00e9ctrica y se colocaron pisos cer\u00e1micos en salas y el sal\u00f3n de usos m\u00faltiples.<\/p>\n\n\n\n<figure class=\"wp-block-image size-large\"><a href=\"https:\/\/i0.wp.com\/elterritorialweb.com.ar\/web\/wp-content\/uploads\/2022\/05\/IMG-20220520-WA0005.jpg\"><img data-recalc-dims=\"1\" decoding=\"async\" width=\"640\" height=\"426\" data-src=\"https:\/\/i0.wp.com\/elterritorialweb.com.ar\/web\/wp-content\/uploads\/2022\/05\/IMG-20220520-WA0005.jpg?resize=640%2C426\" alt=\"\" class=\"wp-image-40283 lazyload\" data-srcset=\"https:\/\/i0.wp.com\/elterritorialweb.com.ar\/web\/wp-content\/uploads\/2022\/05\/IMG-20220520-WA0005.jpg?resize=1024%2C682&amp;ssl=1 1024w, https:\/\/i0.wp.com\/elterritorialweb.com.ar\/web\/wp-content\/uploads\/2022\/05\/IMG-20220520-WA0005.jpg?resize=300%2C200&amp;ssl=1 300w, https:\/\/i0.wp.com\/elterritorialweb.com.ar\/web\/wp-content\/uploads\/2022\/05\/IMG-20220520-WA0005.jpg?resize=768%2C512&amp;ssl=1 768w, https:\/\/i0.wp.com\/elterritorialweb.com.ar\/web\/wp-content\/uploads\/2022\/05\/IMG-20220520-WA0005.jpg?w=1280&amp;ssl=1 1280w\" data-sizes=\"(max-width: 640px) 100vw, 640px\" src=\"data:image\/svg+xml;base64,PHN2ZyB3aWR0aD0iMSIgaGVpZ2h0PSIxIiB4bWxucz0iaHR0cDovL3d3dy53My5vcmcvMjAwMC9zdmciPjwvc3ZnPg==\" style=\"--smush-placeholder-width: 640px; --smush-placeholder-aspect-ratio: 640\/426;\" \/><\/a><\/figure>\n\n\n\n<p>Antes de finalizar su recorrido por el jard\u00edn de infantes el gobernador anunci\u00f3 que se encuentran en proceso para licitaci\u00f3n las mejoras edilicias en los colegios Agrot\u00e9cnico y Juan Bautista Alberdi.<\/p>\n\n\n\n<p>La visita a Tintina finaliz\u00f3 en el barrio Capit\u00e1n David Alberto Carabajal, donde hizo el corte de cintas en la vivienda de Mario y Silvana Cruz y plant\u00f3 un \u00e1rbol para alentar a la forestaci\u00f3n y al cuidado del medioambiente.<\/p>\n\n\n\n<figure class=\"wp-block-image size-large\"><a href=\"https:\/\/i0.wp.com\/elterritorialweb.com.ar\/web\/wp-content\/uploads\/2022\/05\/IMG-20220520-WA0006.jpg\"><img data-recalc-dims=\"1\" decoding=\"async\" width=\"640\" height=\"426\" data-src=\"https:\/\/i0.wp.com\/elterritorialweb.com.ar\/web\/wp-content\/uploads\/2022\/05\/IMG-20220520-WA0006.jpg?resize=640%2C426\" alt=\"\" class=\"wp-image-40284 lazyload\" data-srcset=\"https:\/\/i0.wp.com\/elterritorialweb.com.ar\/web\/wp-content\/uploads\/2022\/05\/IMG-20220520-WA0006.jpg?resize=1024%2C682&amp;ssl=1 1024w, https:\/\/i0.wp.com\/elterritorialweb.com.ar\/web\/wp-content\/uploads\/2022\/05\/IMG-20220520-WA0006.jpg?resize=300%2C200&amp;ssl=1 300w, https:\/\/i0.wp.com\/elterritorialweb.com.ar\/web\/wp-content\/uploads\/2022\/05\/IMG-20220520-WA0006.jpg?resize=768%2C512&amp;ssl=1 768w, https:\/\/i0.wp.com\/elterritorialweb.com.ar\/web\/wp-content\/uploads\/2022\/05\/IMG-20220520-WA0006.jpg?w=1280&amp;ssl=1 1280w\" data-sizes=\"(max-width: 640px) 100vw, 640px\" src=\"data:image\/svg+xml;base64,PHN2ZyB3aWR0aD0iMSIgaGVpZ2h0PSIxIiB4bWxucz0iaHR0cDovL3d3dy53My5vcmcvMjAwMC9zdmciPjwvc3ZnPg==\" style=\"--smush-placeholder-width: 640px; --smush-placeholder-aspect-ratio: 640\/426;\" \/><\/a><\/figure>\n\n\n\n<p>Ya en su discurso, Zamora destac\u00f3 el avance de los programas habitacionales en beneficio de miles de familias y como movilizadores de la econom\u00eda, y ratific\u00f3 su decisi\u00f3n de continuar con el programa de Viviendas Sociales y los planes ejecutados a trav\u00e9s del Instituto Provincial de Vivienda y Urbanismo y tambi\u00e9n con aportes de la Naci\u00f3n, como en este caso.<\/p>\n\n\n\n<p>Antes de finalizar, el mandatario exhort\u00f3 a todos los vecinos de Tintina a no relajarse en la lucha contra el covid y a completar el esquema de vacunas para superar la pandemia y volver pronto a la normalidad plena.<\/p>\n","protected":false},"excerpt":{"rendered":"<p>El mandatario estuvo acompa\u00f1ado por el vicegobernador Carlos Silva Neder; los ministros de Desarrollo Social, \u00c1ngel Niccolai; de Educaci\u00f3n, Mariela Nassif, y de Obras P\u00fablicas, Argentino Cambrini.<\/p>\n","protected":false},"author":2,"featured_media":40278,"comment_status":"open","ping_status":"open","sticky":false,"template":"","format":"standard","meta":{"om_disable_all_campaigns":false,"_monsterinsights_skip_tracking":false,"_monsterinsights_sitenote_active":false,"_monsterinsights_sitenote_note":"","_monsterinsights_sitenote_category":0,"_uf_show_specific_survey":0,"_uf_disable_surveys":false,"jetpack_post_was_ever_published":false,"_jetpack_newsletter_access":"","_jetpack_dont_email_post_to_subs":false,"_jetpack_newsletter_tier_id":0,"_jetpack_memberships_contains_paywalled_content":false,"_jetpack_memberships_contains_paid_content":false,"footnotes":"","jetpack_publicize_message":"","jetpack_publicize_feature_enabled":true,"jetpack_social_post_already_shared":false,"jetpack_social_options":{"image_generator_settings":{"template":"highway","default_image_id":0,"font":"","enabled":false},"version":2}},"categories":[21],"tags":[],"class_list":["post-40277","post","type-post","status-publish","format-standard","has-post-thumbnail","hentry","category-locales"],"aioseo_notices":[],"views":8,"jetpack_publicize_connections":[],"jetpack_featured_media_url":"https:\/\/i0.wp.com\/elterritorialweb.com.ar\/web\/wp-content\/uploads\/2022\/05\/IMG-20220520-WA0008.jpg?fit=1280%2C853&ssl=1","jetpack_sharing_enabled":true,"_links":{"self":[{"href":"https:\/\/elterritorialweb.com.ar\/web\/wp-json\/wp\/v2\/posts\/40277","targetHints":{"allow":["GET"]}}],"collection":[{"href":"https:\/\/elterritorialweb.com.ar\/web\/wp-json\/wp\/v2\/posts"}],"about":[{"href":"https:\/\/elterritorialweb.com.ar\/web\/wp-json\/wp\/v2\/types\/post"}],"author":[{"embeddable":true,"href":"https:\/\/elterritorialweb.com.ar\/web\/wp-json\/wp\/v2\/users\/2"}],"replies":[{"embeddable":true,"href":"https:\/\/elterritorialweb.com.ar\/web\/wp-json\/wp\/v2\/comments?post=40277"}],"version-history":[{"count":1,"href":"https:\/\/elterritorialweb.com.ar\/web\/wp-json\/wp\/v2\/posts\/40277\/revisions"}],"predecessor-version":[{"id":40285,"href":"https:\/\/elterritorialweb.com.ar\/web\/wp-json\/wp\/v2\/posts\/40277\/revisions\/40285"}],"wp:featuredmedia":[{"embeddable":true,"href":"https:\/\/elterritorialweb.com.ar\/web\/wp-json\/wp\/v2\/media\/40278"}],"wp:attachment":[{"href":"https:\/\/elterritorialweb.com.ar\/web\/wp-json\/wp\/v2\/media?parent=40277"}],"wp:term":[{"taxonomy":"category","embeddable":true,"href":"https:\/\/elterritorialweb.com.ar\/web\/wp-json\/wp\/v2\/categories?post=40277"},{"taxonomy":"post_tag","embeddable":true,"href":"https:\/\/elterritorialweb.com.ar\/web\/wp-json\/wp\/v2\/tags?post=40277"}],"curies":[{"name":"wp","href":"https:\/\/api.w.org\/{rel}","templated":true}]}}