{"id":40286,"date":"2022-05-20T21:23:10","date_gmt":"2022-05-20T21:23:10","guid":{"rendered":"http:\/\/elterritorialweb.com.ar\/web\/?p=40286"},"modified":"2022-05-20T21:23:11","modified_gmt":"2022-05-20T21:23:11","slug":"la-banda-participo-del-21encuentro-de-municipios-turisticos-en-termas-de-rio-hondo","status":"publish","type":"post","link":"https:\/\/elterritorialweb.com.ar\/web\/la-banda-participo-del-21encuentro-de-municipios-turisticos-en-termas-de-rio-hondo\/","title":{"rendered":"LA BANDA PARTICIP\u00d3 DEL 21\u00b0ENCUENTRO DE MUNICIPIOS TUR\u00cdSTICOS EN TERMAS DE R\u00cdO HONDO"},"content":{"rendered":"\n<p>La apertura del evento que se desarroll\u00f3 en el Centro Cultural San Mart\u00edn, estuvo a cargo de Fernanda Rodr\u00edguez Miadziolko, directora Nacional de Fiestas Nacionales y Eventos del Ministerio de Turismo y Deportes de la Naci\u00f3n, el cual se extender\u00e1 hasta el viernes 20.<br>El encuentro fue presidido por el intendente de Las Termas de R\u00edo Hondo, Jorge Mukdise, y el Subsecretario de Turismo de la provincia, Nelson Bravo destac\u00f3 que la idea es sumar municipios tur\u00edsticos.<br>Por su parte, la directora Mar\u00eda Graciela Rosales invit\u00f3 a \u201cVivir la experiencia de la danza, la m\u00fasica folcl\u00f3rica y el arte en las pr\u00f3ximas fiestas: en el mes de agosto Cumplea\u00f1os de la Abuela Carabajal y durante el mes de septiembre, el Aniversario de La \u201cCuna de Poetas y Cantores\u201d, como as\u00ed tambi\u00e9n junto a las actividades en el marco del Centro Comercial a Cielo Abierto.<\/p>\n","protected":false},"excerpt":{"rendered":"<p>El pasado jueves inici\u00f3 el 21\u00b0 Encuentro de Municipios Tur\u00edsticos, donde estuvieron presentes autoridades nacionales, provinciales y municipales, entre ellos, la directora de Turismo bande\u00f1a, Mar\u00eda Graciela Rosales.<\/p>\n","protected":false},"author":2,"featured_media":40287,"comment_status":"open","ping_status":"open","sticky":false,"template":"","format":"standard","meta":{"om_disable_all_campaigns":false,"_monsterinsights_skip_tracking":false,"_monsterinsights_sitenote_active":false,"_monsterinsights_sitenote_note":"","_monsterinsights_sitenote_category":0,"_uf_show_specific_survey":0,"_uf_disable_surveys":false,"jetpack_post_was_ever_published":false,"_jetpack_newsletter_access":"","_jetpack_dont_email_post_to_subs":false,"_jetpack_newsletter_tier_id":0,"_jetpack_memberships_contains_paywalled_content":false,"_jetpack_memberships_contains_paid_content":false,"footnotes":"","jetpack_publicize_message":"","jetpack_publicize_feature_enabled":true,"jetpack_social_post_already_shared":false,"jetpack_social_options":{"image_generator_settings":{"template":"highway","default_image_id":0,"font":"","enabled":false},"version":2}},"categories":[21],"tags":[],"class_list":["post-40286","post","type-post","status-publish","format-standard","has-post-thumbnail","hentry","category-locales"],"aioseo_notices":[],"views":12,"jetpack_publicize_connections":[],"jetpack_featured_media_url":"https:\/\/i0.wp.com\/elterritorialweb.com.ar\/web\/wp-content\/uploads\/2022\/05\/IMG-20220520-WA0012.jpg?fit=1600%2C1200&ssl=1","jetpack_sharing_enabled":true,"_links":{"self":[{"href":"https:\/\/elterritorialweb.com.ar\/web\/wp-json\/wp\/v2\/posts\/40286","targetHints":{"allow":["GET"]}}],"collection":[{"href":"https:\/\/elterritorialweb.com.ar\/web\/wp-json\/wp\/v2\/posts"}],"about":[{"href":"https:\/\/elterritorialweb.com.ar\/web\/wp-json\/wp\/v2\/types\/post"}],"author":[{"embeddable":true,"href":"https:\/\/elterritorialweb.com.ar\/web\/wp-json\/wp\/v2\/users\/2"}],"replies":[{"embeddable":true,"href":"https:\/\/elterritorialweb.com.ar\/web\/wp-json\/wp\/v2\/comments?post=40286"}],"version-history":[{"count":1,"href":"https:\/\/elterritorialweb.com.ar\/web\/wp-json\/wp\/v2\/posts\/40286\/revisions"}],"predecessor-version":[{"id":40288,"href":"https:\/\/elterritorialweb.com.ar\/web\/wp-json\/wp\/v2\/posts\/40286\/revisions\/40288"}],"wp:featuredmedia":[{"embeddable":true,"href":"https:\/\/elterritorialweb.com.ar\/web\/wp-json\/wp\/v2\/media\/40287"}],"wp:attachment":[{"href":"https:\/\/elterritorialweb.com.ar\/web\/wp-json\/wp\/v2\/media?parent=40286"}],"wp:term":[{"taxonomy":"category","embeddable":true,"href":"https:\/\/elterritorialweb.com.ar\/web\/wp-json\/wp\/v2\/categories?post=40286"},{"taxonomy":"post_tag","embeddable":true,"href":"https:\/\/elterritorialweb.com.ar\/web\/wp-json\/wp\/v2\/tags?post=40286"}],"curies":[{"name":"wp","href":"https:\/\/api.w.org\/{rel}","templated":true}]}}