{"id":40289,"date":"2022-05-21T20:23:13","date_gmt":"2022-05-21T20:23:13","guid":{"rendered":"http:\/\/elterritorialweb.com.ar\/web\/?p=40289"},"modified":"2022-05-21T20:24:09","modified_gmt":"2022-05-21T20:24:09","slug":"fuentes-la-ciudad-se-desarrolla-en-terminos-de-inclusion-modernizacion-sostenibilidad-y-compromiso-ambiental","status":"publish","type":"post","link":"https:\/\/elterritorialweb.com.ar\/web\/fuentes-la-ciudad-se-desarrolla-en-terminos-de-inclusion-modernizacion-sostenibilidad-y-compromiso-ambiental\/","title":{"rendered":"FUENTES: \u00abLA CIUDAD SE DESARROLLA EN T\u00c9RMINOS DE INCLUSI\u00d3N, MODERNIZACI\u00d3N, SOSTENIBILIDAD Y COMPROMISO AMBIENTAL\u00bb"},"content":{"rendered":"\n<p>Durante su mensaje por la apertura de sesiones ordinarias del Concejo Deliberante, remarc\u00f3 que \u201ctenemos una ciudad pujante que se desarrolla a un ritmo exponencial y lo hace en t\u00e9rminos de inclusi\u00f3n, modernizaci\u00f3n, sostenibilidad y compromiso ambiental\u201d.<br>En esta oportunidad fue acompa\u00f1ada, entre otras autoridades, por el Vicepresidente de la C\u00e1mara de Diputados de la Provincia, Juan Manuel Beltramino; el Jefe de Gabinete de la Provincia, El\u00edas Su\u00e1rez; los ministros de Educaci\u00f3n, Mariela Nassif y de la Producci\u00f3n, Miguel Mandrile; la diputada nacional, Graciela Navarro; tambi\u00e9n legisladores provinciales, autoridades militares, policiales y magistrados del Poder Judicial Federal.<br>Los ejes principales del mensaje fueron la eficiente ejecuci\u00f3n del presupuesto, el amplio plan de obras, el desarrollo sostenible de la ciudad, el ambicioso programa de forestaci\u00f3n, la importante inversi\u00f3n en infraestructura sanitaria, la enriquecida agenda educativa, cultural y tur\u00edstica.<br>En su alocuci\u00f3n, la intendente expres\u00f3 su adhesi\u00f3n a la \u201clucha en defensa del federalismo y de los intereses de nuestra provincia\u201d que el gobernador Gerardo Zamora lleva adelante. \u201cDesde el interior profundo, con la convicci\u00f3n de sabernos hermanados en el sentimiento de pertenencia a nuestro suelo, les decimos que el federalismo no se negocia\u201d, enfatiz\u00f3.<br>Entre los puntos destacados, la Ing. Fuentes puso \u00e9nfasis en materia econ\u00f3mica que el municipio concret\u00f3 el desendeudamiento al pagar la \u00faltima cuota de un empr\u00e9stito internacional de administraciones precedentes en junio del a\u00f1o pasado. Asimismo, valor\u00f3 el equilibrio financiero que entre otros objetivos permiti\u00f3 seguir las mejoras salariales y bonos que otorg\u00f3 la provincia. Tambi\u00e9n, ello hizo posible la incorporaci\u00f3n de empleados a planta permanente y el pase a contrato de empleo p\u00fablico, beneficiando entre ambos a m\u00e1s de 1800 agentes municipales.<br>En lo referido a la cuesti\u00f3n tributaria, record\u00f3 que el municipio tiene en vigencia una moratoria; el descuento para jubilados, discapacitados, indigentes y ex combatientes de la contribuci\u00f3n que incide sobre los inmuebles y la decisi\u00f3n de mantener los valores del a\u00f1o pasado sobre la tasa de inspecci\u00f3n y afines para comerciantes.<br>Con respecto a las obras, mencion\u00f3 la inauguraci\u00f3n del Parque Sur, el \u00d3valo, el Domo, el Parque del Encuentro y otros espacios verdes que se incorporaron a la ciudad; Mientras que como nuevos hitos destacados, la intendente puso como ejemplo al Parque Ecol\u00f3gico Lomas del Golf y el Paseo Diego Maradona.<br>Otro aspecto sobresaliente, fue el anuncio sobre la construcci\u00f3n del nuevo edificio de seis pisos de Rentas Municipal, donde funcionar\u00e1n adem\u00e1s Catastro y Suelo Urbano.<br>En cuanto a obras para el sector de la salud, la Ing. Fuentes indic\u00f3 la ejecuci\u00f3n de los nuevos edificios de los Caps, Estanislao Ponce del barrio 8 de Abril y Armando Archetti del Alberdi.<br>Adem\u00e1s detall\u00f3 los programas para mejora del alumbrado p\u00fablico con la colocaci\u00f3n de luminarias de tecnolog\u00eda Led, que tiene una impronta de cuidado del medio ambiente.<br>La titular del Ejecutivo expres\u00f3 el avance de la pavimentaci\u00f3n en diferentes barrios y los procesos licitatorios en marcha para continuar con estos trabajos, sumando el aporte de la planta de hormig\u00f3n que funciona en el Obrador municipal para mejorar la red vial.<br>Sobre el Plan de reforestaci\u00f3n urbana, la jefa comunal inform\u00f3 que se llevan plantados m\u00e1s de 260 mil ejemplares arb\u00f3reos y el objetivo de este a\u00f1o es llegar a las 320 mil plantaciones. En este punto, destac\u00f3 la sanci\u00f3n de la ordenanza del Ejecutivo municipal que establece instrumentar la plantaci\u00f3n de \u00e1rboles en n\u00famero no inferior a 60 mil anuales transform\u00e1ndose de esta manera en una pol\u00edtica de estado.<br>Por otro lado, la intendente sostuvo que la educaci\u00f3n inicial es la herramienta m\u00e1s valiosa para la construcci\u00f3n de sociedades inclusivas y m\u00e1s justas y que el desaf\u00edo es lograr una formaci\u00f3n inicial de cara a la innovaci\u00f3n tecnol\u00f3gica y la comunicaci\u00f3n, con la incorporaci\u00f3n de contenidos sobre rob\u00f3tica para cada jard\u00edn de infantes.<br>M\u00e1s adelante, hizo menci\u00f3n a la tarea desplegada por el personal de salud durante la pandemia de Covid-19, que entre otras acciones, aplic\u00f3 m\u00e1s 181 mil vacunas.<br>La Ing. Fuentes describi\u00f3 los trabajos con organizaciones proteccionistas de animales que alcanzaron las 13 mil castraciones de perros y gatos, la que se piensa duplicar a lo largo del presente a\u00f1o.<br>Sobre la pol\u00edtica cultural y tur\u00edstica, dijo que Santiago comenz\u00f3 a consolidarse como destino tur\u00edstico emergente, aportando al desarrollo de actividades deportivas y religiosas, lo que permiti\u00f3 un mayor impacto en la econom\u00eda local y regional.<\/p>\n","protected":false},"excerpt":{"rendered":"<p>El discurso de la jefa comunal se realiz\u00f3 de manera presencial despu\u00e9s de dos a\u00f1os de haberlo cumplido en forma virtual por la pandemia. <\/p>\n","protected":false},"author":2,"featured_media":40292,"comment_status":"open","ping_status":"open","sticky":false,"template":"","format":"standard","meta":{"om_disable_all_campaigns":false,"_monsterinsights_skip_tracking":false,"_monsterinsights_sitenote_active":false,"_monsterinsights_sitenote_note":"","_monsterinsights_sitenote_category":0,"_uf_show_specific_survey":0,"_uf_disable_surveys":false,"jetpack_post_was_ever_published":false,"_jetpack_newsletter_access":"","_jetpack_dont_email_post_to_subs":false,"_jetpack_newsletter_tier_id":0,"_jetpack_memberships_contains_paywalled_content":false,"_jetpack_memberships_contains_paid_content":false,"footnotes":"","jetpack_publicize_message":"","jetpack_publicize_feature_enabled":true,"jetpack_social_post_already_shared":false,"jetpack_social_options":{"image_generator_settings":{"template":"highway","default_image_id":0,"font":"","enabled":false},"version":2}},"categories":[21],"tags":[],"class_list":["post-40289","post","type-post","status-publish","format-standard","has-post-thumbnail","hentry","category-locales"],"aioseo_notices":[],"views":5,"jetpack_publicize_connections":[],"jetpack_featured_media_url":"https:\/\/i0.wp.com\/elterritorialweb.com.ar\/web\/wp-content\/uploads\/2022\/05\/Screenshot_20220521-1714082.png?fit=958%2C566&ssl=1","jetpack_sharing_enabled":true,"_links":{"self":[{"href":"https:\/\/elterritorialweb.com.ar\/web\/wp-json\/wp\/v2\/posts\/40289","targetHints":{"allow":["GET"]}}],"collection":[{"href":"https:\/\/elterritorialweb.com.ar\/web\/wp-json\/wp\/v2\/posts"}],"about":[{"href":"https:\/\/elterritorialweb.com.ar\/web\/wp-json\/wp\/v2\/types\/post"}],"author":[{"embeddable":true,"href":"https:\/\/elterritorialweb.com.ar\/web\/wp-json\/wp\/v2\/users\/2"}],"replies":[{"embeddable":true,"href":"https:\/\/elterritorialweb.com.ar\/web\/wp-json\/wp\/v2\/comments?post=40289"}],"version-history":[{"count":1,"href":"https:\/\/elterritorialweb.com.ar\/web\/wp-json\/wp\/v2\/posts\/40289\/revisions"}],"predecessor-version":[{"id":40290,"href":"https:\/\/elterritorialweb.com.ar\/web\/wp-json\/wp\/v2\/posts\/40289\/revisions\/40290"}],"wp:featuredmedia":[{"embeddable":true,"href":"https:\/\/elterritorialweb.com.ar\/web\/wp-json\/wp\/v2\/media\/40292"}],"wp:attachment":[{"href":"https:\/\/elterritorialweb.com.ar\/web\/wp-json\/wp\/v2\/media?parent=40289"}],"wp:term":[{"taxonomy":"category","embeddable":true,"href":"https:\/\/elterritorialweb.com.ar\/web\/wp-json\/wp\/v2\/categories?post=40289"},{"taxonomy":"post_tag","embeddable":true,"href":"https:\/\/elterritorialweb.com.ar\/web\/wp-json\/wp\/v2\/tags?post=40289"}],"curies":[{"name":"wp","href":"https:\/\/api.w.org\/{rel}","templated":true}]}}