{"id":40293,"date":"2022-05-22T01:52:58","date_gmt":"2022-05-22T01:52:58","guid":{"rendered":"http:\/\/elterritorialweb.com.ar\/web\/?p=40293"},"modified":"2022-05-22T01:52:59","modified_gmt":"2022-05-22T01:52:59","slug":"comenzo-el-15-torneo-de-rugby-david-werenitzki-con-apoyo-del-gobierno-de-la-provincia","status":"publish","type":"post","link":"https:\/\/elterritorialweb.com.ar\/web\/comenzo-el-15-torneo-de-rugby-david-werenitzki-con-apoyo-del-gobierno-de-la-provincia\/","title":{"rendered":"COMENZ\u00d3 EL 15\u00b0 TORNEO DE RUGBY \u00abDAVID WERENITZKI\u00bb CON APOYO DEL GOBIERNO DE LA PROVINCIA"},"content":{"rendered":"\n<p>Dapello asisti\u00f3 en representaci\u00f3n del gobernador Gerardo Zamora y estuvo acompa\u00f1ado por la intendente de ciudad Capital, Norma Fuentes, en la ceremonia de apertura de este certamen que se realiza despu\u00e9s de dos a\u00f1os por la pandemia de covid.<br>Desde la dirigencia del club organizador expresaron el agradecimiento al Gobierno provincial por su compromiso con el deporte, establecido como pol\u00edtica de estado.<br>En el momento de los discursos, Dapello destac\u00f3 que la pol\u00edtica deportiva de la provincia permite que actividades como \u00e9stas puedan realizarse y asegur\u00f3: \u00abNos pone contentos participar y poder colaborar con este evento que convoc\u00f3 a tantos chicos que durante estos d\u00edas estar\u00e1n compitiendo y generando un v\u00ednculo de confraternidad con sus pares\u00bb.<br>Adem\u00e1s, resalt\u00f3 que el 16 de julio la provincia recibir\u00e1 la visita de Los Pumas, que disputar\u00e1n un encuentro amistoso ante Escocia en el Estadio \u00danico \u00abMadre de Ciudades\u00bb.<br>\u00abLas obras de infraestructura que se han hecho en la provincia permiten que podamos tener un espect\u00e1culo como \u00e9ste\u00bb, dijo.<br>Por su parte, la intendenta Fuentes sostuvo que apoyar al deporte es apostar a la formaci\u00f3n de ni\u00f1os con valores, solidaridad y hermandad.<\/p>\n","protected":false},"excerpt":{"rendered":"<p>El secretario de Deportes de la provincia, Carlos Dapello, particip\u00f3 este s\u00e1bado al mediod\u00eda de la ceremonia inaugural de la 15\u00b0 edici\u00f3n del Torneo de Rugby Juvenil M15 \u201cDavid Werenitzki\u00bb, organizado por el Santiago Lawn Tennis Club, con la participaci\u00f3n de 16 equipos de Misiones, Corrientes, Chaco, Salta, Tucum\u00e1n, Catamarca, C\u00f3rdoba, San Juan, Santa Fe y de Santiago del Estero.<\/p>\n","protected":false},"author":2,"featured_media":40294,"comment_status":"open","ping_status":"open","sticky":false,"template":"","format":"standard","meta":{"om_disable_all_campaigns":false,"_monsterinsights_skip_tracking":false,"_monsterinsights_sitenote_active":false,"_monsterinsights_sitenote_note":"","_monsterinsights_sitenote_category":0,"_uf_show_specific_survey":0,"_uf_disable_surveys":false,"jetpack_post_was_ever_published":false,"_jetpack_newsletter_access":"","_jetpack_dont_email_post_to_subs":false,"_jetpack_newsletter_tier_id":0,"_jetpack_memberships_contains_paywalled_content":false,"_jetpack_memberships_contains_paid_content":false,"footnotes":"","jetpack_publicize_message":"","jetpack_publicize_feature_enabled":true,"jetpack_social_post_already_shared":false,"jetpack_social_options":{"image_generator_settings":{"template":"highway","default_image_id":0,"font":"","enabled":false},"version":2}},"categories":[6],"tags":[],"class_list":["post-40293","post","type-post","status-publish","format-standard","has-post-thumbnail","hentry","category-deportes"],"aioseo_notices":[],"views":7,"jetpack_publicize_connections":[],"jetpack_featured_media_url":"https:\/\/i0.wp.com\/elterritorialweb.com.ar\/web\/wp-content\/uploads\/2022\/05\/torneo-de-rugby.jpeg?fit=1599%2C1066&ssl=1","jetpack_sharing_enabled":true,"_links":{"self":[{"href":"https:\/\/elterritorialweb.com.ar\/web\/wp-json\/wp\/v2\/posts\/40293","targetHints":{"allow":["GET"]}}],"collection":[{"href":"https:\/\/elterritorialweb.com.ar\/web\/wp-json\/wp\/v2\/posts"}],"about":[{"href":"https:\/\/elterritorialweb.com.ar\/web\/wp-json\/wp\/v2\/types\/post"}],"author":[{"embeddable":true,"href":"https:\/\/elterritorialweb.com.ar\/web\/wp-json\/wp\/v2\/users\/2"}],"replies":[{"embeddable":true,"href":"https:\/\/elterritorialweb.com.ar\/web\/wp-json\/wp\/v2\/comments?post=40293"}],"version-history":[{"count":1,"href":"https:\/\/elterritorialweb.com.ar\/web\/wp-json\/wp\/v2\/posts\/40293\/revisions"}],"predecessor-version":[{"id":40295,"href":"https:\/\/elterritorialweb.com.ar\/web\/wp-json\/wp\/v2\/posts\/40293\/revisions\/40295"}],"wp:featuredmedia":[{"embeddable":true,"href":"https:\/\/elterritorialweb.com.ar\/web\/wp-json\/wp\/v2\/media\/40294"}],"wp:attachment":[{"href":"https:\/\/elterritorialweb.com.ar\/web\/wp-json\/wp\/v2\/media?parent=40293"}],"wp:term":[{"taxonomy":"category","embeddable":true,"href":"https:\/\/elterritorialweb.com.ar\/web\/wp-json\/wp\/v2\/categories?post=40293"},{"taxonomy":"post_tag","embeddable":true,"href":"https:\/\/elterritorialweb.com.ar\/web\/wp-json\/wp\/v2\/tags?post=40293"}],"curies":[{"name":"wp","href":"https:\/\/api.w.org\/{rel}","templated":true}]}}