{"id":40296,"date":"2022-05-22T02:20:30","date_gmt":"2022-05-22T02:20:30","guid":{"rendered":"http:\/\/elterritorialweb.com.ar\/web\/?p=40296"},"modified":"2022-05-22T02:21:20","modified_gmt":"2022-05-22T02:21:20","slug":"fernandez-ponemos-todo-nuestro-empeno-en-darle-una-mejor-vida-a-los-argentinos-y-argentinas","status":"publish","type":"post","link":"https:\/\/elterritorialweb.com.ar\/web\/fernandez-ponemos-todo-nuestro-empeno-en-darle-una-mejor-vida-a-los-argentinos-y-argentinas\/","title":{"rendered":"FERN\u00c1NDEZ: \u00abPONEMOS TODO NUESTRO EMPE\u00d1O EN DARLE UNA MEJOR VIDA A LOS ARGENTINOS Y ARGENTINAS\u00bb"},"content":{"rendered":"\n<p>El primer mandatario, junto al gobernador Sergio U\u00f1ac y al ministro de Desarrollo Territorial y H\u00e1bitat, Jorge Ferraresi, asegur\u00f3 que \u201choy tener un techo es parte de la dignidad de una persona\u201d y que tanto el Gobierno nacional como el provincial trabajan para \u201cdarle una mejor vida a los argentinos y las argentinas\u201d.<\/p>\n\n\n\n<p>El jefe de Estado, que viaj\u00f3 acompa\u00f1ado por el secretario General de la Presidencia, Julio Vitobello, y el secretario de H\u00e1bitat, Santiago Maggiotti, asegur\u00f3 que \u201cqueremos que los que perdieron sus casas en el terremoto r\u00e1pidamente las tengan. Es algo que nos hemos puesto en la cabeza y queremos materializarlo pronto\u201d.<\/p>\n\n\n\n<p>\u201cVemos que todo eso avanza r\u00e1pidamente y queremos que, en agosto, por lo menos unos cuantos, ya est\u00e9n recibiendo sus casas\u201d, dijo el presidente en di\u00e1logo con periodistas.<\/p>\n\n\n\n<figure class=\"wp-block-image size-large\"><a href=\"https:\/\/i0.wp.com\/elterritorialweb.com.ar\/web\/wp-content\/uploads\/2022\/05\/AFsanjuan2.jpg\"><img data-recalc-dims=\"1\" decoding=\"async\" width=\"640\" height=\"426\" data-src=\"https:\/\/i0.wp.com\/elterritorialweb.com.ar\/web\/wp-content\/uploads\/2022\/05\/AFsanjuan2.jpg?resize=640%2C426\" alt=\"\" class=\"wp-image-40297 lazyload\" data-srcset=\"https:\/\/i0.wp.com\/elterritorialweb.com.ar\/web\/wp-content\/uploads\/2022\/05\/AFsanjuan2.jpg?resize=1024%2C682&amp;ssl=1 1024w, https:\/\/i0.wp.com\/elterritorialweb.com.ar\/web\/wp-content\/uploads\/2022\/05\/AFsanjuan2.jpg?resize=300%2C200&amp;ssl=1 300w, https:\/\/i0.wp.com\/elterritorialweb.com.ar\/web\/wp-content\/uploads\/2022\/05\/AFsanjuan2.jpg?resize=768%2C512&amp;ssl=1 768w, https:\/\/i0.wp.com\/elterritorialweb.com.ar\/web\/wp-content\/uploads\/2022\/05\/AFsanjuan2.jpg?resize=1536%2C1024&amp;ssl=1 1536w, https:\/\/i0.wp.com\/elterritorialweb.com.ar\/web\/wp-content\/uploads\/2022\/05\/AFsanjuan2.jpg?w=1940&amp;ssl=1 1940w, https:\/\/i0.wp.com\/elterritorialweb.com.ar\/web\/wp-content\/uploads\/2022\/05\/AFsanjuan2.jpg?w=1280 1280w\" data-sizes=\"(max-width: 640px) 100vw, 640px\" src=\"data:image\/svg+xml;base64,PHN2ZyB3aWR0aD0iMSIgaGVpZ2h0PSIxIiB4bWxucz0iaHR0cDovL3d3dy53My5vcmcvMjAwMC9zdmciPjwvc3ZnPg==\" style=\"--smush-placeholder-width: 640px; --smush-placeholder-aspect-ratio: 640\/426;\" \/><\/a><\/figure>\n\n\n\n<p>Fern\u00e1ndez afirm\u00f3 que el Gobierno nacional est\u00e1 \u201ccerca de construir la casa n\u00famero 50.000 y de terminarla y entregarla y queremos que sea ac\u00e1, en San Juan\u201d.<\/p>\n\n\n\n<p>\u201cCon el gobernador U\u00f1ac trabajamos m\u00e1s que bien, tenemos una misma concepci\u00f3n de lo que la Argentina necesita, y ponemos todo nuestro empe\u00f1o en darle una mejor vida a los argentinos y las argentinas\u201d, afirm\u00f3 el presidente.<\/p>\n\n\n\n<p>En tanto, el ministro Ferraresi destac\u00f3 la importancia de \u201cseguir en este camino de crecimiento a partir de la decisi\u00f3n del presidente porque hay un Ministerio que por primera vez se ocupa de la tem\u00e1tica de la vivienda, y con provincias como San Juan, que tiene esa visi\u00f3n estrat\u00e9gica de desarrollo territorial como nosotros, se hace m\u00e1s f\u00e1cil\u201d.<\/p>\n\n\n\n<figure class=\"wp-block-image size-large\"><a href=\"https:\/\/i0.wp.com\/elterritorialweb.com.ar\/web\/wp-content\/uploads\/2022\/05\/afsanjuan4.jpg\"><img data-recalc-dims=\"1\" decoding=\"async\" width=\"640\" height=\"426\" data-src=\"https:\/\/i0.wp.com\/elterritorialweb.com.ar\/web\/wp-content\/uploads\/2022\/05\/afsanjuan4.jpg?resize=640%2C426\" alt=\"\" class=\"wp-image-40299 lazyload\" data-srcset=\"https:\/\/i0.wp.com\/elterritorialweb.com.ar\/web\/wp-content\/uploads\/2022\/05\/afsanjuan4.jpg?resize=1024%2C682&amp;ssl=1 1024w, https:\/\/i0.wp.com\/elterritorialweb.com.ar\/web\/wp-content\/uploads\/2022\/05\/afsanjuan4.jpg?resize=300%2C200&amp;ssl=1 300w, https:\/\/i0.wp.com\/elterritorialweb.com.ar\/web\/wp-content\/uploads\/2022\/05\/afsanjuan4.jpg?resize=768%2C512&amp;ssl=1 768w, https:\/\/i0.wp.com\/elterritorialweb.com.ar\/web\/wp-content\/uploads\/2022\/05\/afsanjuan4.jpg?resize=1536%2C1024&amp;ssl=1 1536w, https:\/\/i0.wp.com\/elterritorialweb.com.ar\/web\/wp-content\/uploads\/2022\/05\/afsanjuan4.jpg?w=1940&amp;ssl=1 1940w, https:\/\/i0.wp.com\/elterritorialweb.com.ar\/web\/wp-content\/uploads\/2022\/05\/afsanjuan4.jpg?w=1280 1280w\" data-sizes=\"(max-width: 640px) 100vw, 640px\" src=\"data:image\/svg+xml;base64,PHN2ZyB3aWR0aD0iMSIgaGVpZ2h0PSIxIiB4bWxucz0iaHR0cDovL3d3dy53My5vcmcvMjAwMC9zdmciPjwvc3ZnPg==\" style=\"--smush-placeholder-width: 640px; --smush-placeholder-aspect-ratio: 640\/426;\" \/><\/a><\/figure>\n\n\n\n<p>Por su parte, el gobernador Sergio U\u00f1ac detall\u00f3 que \u201ccasi 2 mil familias de San Juan que fueron afectadas por el terremoto tienen una respuesta nacional en conjunto con el esfuerzo provincial\u201d.<\/p>\n\n\n\n<p>Adem\u00e1s, agradeci\u00f3 al presidente por haber viajado a San Juan \u201cen momentos muy complejos, cuando miles de familias hab\u00edan quedado sin su techo propio\u201d.<\/p>\n\n\n\n<p>\u201cEs un gusto recibir al presidente y entregar junto a \u00e9l un complejo que ha estado 25 a\u00f1os detenido. El d\u00eda de hoy m\u00e1s de 140 familias van a tener la posibilidad de vivir en una casa digna pensando que San Juan y la Argentina tienen futuro\u201d, asegur\u00f3 el mandatario provincial sobre las viviendas otorgadas en el Barrio Libertador.<\/p>\n\n\n\n<figure class=\"wp-block-image size-large\"><a href=\"https:\/\/i0.wp.com\/elterritorialweb.com.ar\/web\/wp-content\/uploads\/2022\/05\/afsanjuan5.jpg\"><img data-recalc-dims=\"1\" decoding=\"async\" width=\"640\" height=\"426\" data-src=\"https:\/\/i0.wp.com\/elterritorialweb.com.ar\/web\/wp-content\/uploads\/2022\/05\/afsanjuan5.jpg?resize=640%2C426\" alt=\"\" class=\"wp-image-40300 lazyload\" data-srcset=\"https:\/\/i0.wp.com\/elterritorialweb.com.ar\/web\/wp-content\/uploads\/2022\/05\/afsanjuan5.jpg?resize=1024%2C682&amp;ssl=1 1024w, https:\/\/i0.wp.com\/elterritorialweb.com.ar\/web\/wp-content\/uploads\/2022\/05\/afsanjuan5.jpg?resize=300%2C200&amp;ssl=1 300w, https:\/\/i0.wp.com\/elterritorialweb.com.ar\/web\/wp-content\/uploads\/2022\/05\/afsanjuan5.jpg?resize=768%2C512&amp;ssl=1 768w, https:\/\/i0.wp.com\/elterritorialweb.com.ar\/web\/wp-content\/uploads\/2022\/05\/afsanjuan5.jpg?resize=1536%2C1024&amp;ssl=1 1536w, https:\/\/i0.wp.com\/elterritorialweb.com.ar\/web\/wp-content\/uploads\/2022\/05\/afsanjuan5.jpg?w=1940&amp;ssl=1 1940w, https:\/\/i0.wp.com\/elterritorialweb.com.ar\/web\/wp-content\/uploads\/2022\/05\/afsanjuan5.jpg?w=1280 1280w\" data-sizes=\"(max-width: 640px) 100vw, 640px\" src=\"data:image\/svg+xml;base64,PHN2ZyB3aWR0aD0iMSIgaGVpZ2h0PSIxIiB4bWxucz0iaHR0cDovL3d3dy53My5vcmcvMjAwMC9zdmciPjwvc3ZnPg==\" style=\"--smush-placeholder-width: 640px; --smush-placeholder-aspect-ratio: 640\/426;\" \/><\/a><\/figure>\n\n\n\n<p>Antes de terminar la actividad en la provincia, el presidente Fern\u00e1ndez dialog\u00f3 con integrantes de una cooperativa de miembros de las comunidades Huarpes y Diaguitas.<\/p>\n\n\n\n<p>En la provincia de San Juan, a trav\u00e9s del Ministerio de Desarrollo Territorial y H\u00e1bitat, ya fueron entregadas un total de 3.769 viviendas, mientras que 4.115 se encuentran en ejecuci\u00f3n y 3.960 proyectadas. Estas obras generaron 59.220 puestos de trabajo y una inversi\u00f3n de m\u00e1s de 84.161.900.592 pesos.<\/p>\n","protected":false},"excerpt":{"rendered":"<p>El mandatario supervis\u00f3 el avance de las obras de los hogares del barrio Las Pampas que forman parte de los 1.800 comprometidos por el Gobierno nacional a partir del terremoto ocurrido el 18 enero del a\u00f1o 2021, y luego particip\u00f3 en el acto de entrega de viviendas a familias del Barrio Libertador.<\/p>\n","protected":false},"author":2,"featured_media":40298,"comment_status":"open","ping_status":"open","sticky":false,"template":"","format":"standard","meta":{"om_disable_all_campaigns":false,"_monsterinsights_skip_tracking":false,"_monsterinsights_sitenote_active":false,"_monsterinsights_sitenote_note":"","_monsterinsights_sitenote_category":0,"_uf_show_specific_survey":0,"_uf_disable_surveys":false,"jetpack_post_was_ever_published":false,"_jetpack_newsletter_access":"","_jetpack_dont_email_post_to_subs":false,"_jetpack_newsletter_tier_id":0,"_jetpack_memberships_contains_paywalled_content":false,"_jetpack_memberships_contains_paid_content":false,"footnotes":"","jetpack_publicize_message":"","jetpack_publicize_feature_enabled":true,"jetpack_social_post_already_shared":false,"jetpack_social_options":{"image_generator_settings":{"template":"highway","default_image_id":0,"font":"","enabled":false},"version":2}},"categories":[18],"tags":[],"class_list":["post-40296","post","type-post","status-publish","format-standard","has-post-thumbnail","hentry","category-politica"],"aioseo_notices":[],"views":8,"jetpack_publicize_connections":[],"jetpack_featured_media_url":"https:\/\/i0.wp.com\/elterritorialweb.com.ar\/web\/wp-content\/uploads\/2022\/05\/afsanjuan3.jpg?fit=1940%2C1293&ssl=1","jetpack_sharing_enabled":true,"_links":{"self":[{"href":"https:\/\/elterritorialweb.com.ar\/web\/wp-json\/wp\/v2\/posts\/40296","targetHints":{"allow":["GET"]}}],"collection":[{"href":"https:\/\/elterritorialweb.com.ar\/web\/wp-json\/wp\/v2\/posts"}],"about":[{"href":"https:\/\/elterritorialweb.com.ar\/web\/wp-json\/wp\/v2\/types\/post"}],"author":[{"embeddable":true,"href":"https:\/\/elterritorialweb.com.ar\/web\/wp-json\/wp\/v2\/users\/2"}],"replies":[{"embeddable":true,"href":"https:\/\/elterritorialweb.com.ar\/web\/wp-json\/wp\/v2\/comments?post=40296"}],"version-history":[{"count":1,"href":"https:\/\/elterritorialweb.com.ar\/web\/wp-json\/wp\/v2\/posts\/40296\/revisions"}],"predecessor-version":[{"id":40301,"href":"https:\/\/elterritorialweb.com.ar\/web\/wp-json\/wp\/v2\/posts\/40296\/revisions\/40301"}],"wp:featuredmedia":[{"embeddable":true,"href":"https:\/\/elterritorialweb.com.ar\/web\/wp-json\/wp\/v2\/media\/40298"}],"wp:attachment":[{"href":"https:\/\/elterritorialweb.com.ar\/web\/wp-json\/wp\/v2\/media?parent=40296"}],"wp:term":[{"taxonomy":"category","embeddable":true,"href":"https:\/\/elterritorialweb.com.ar\/web\/wp-json\/wp\/v2\/categories?post=40296"},{"taxonomy":"post_tag","embeddable":true,"href":"https:\/\/elterritorialweb.com.ar\/web\/wp-json\/wp\/v2\/tags?post=40296"}],"curies":[{"name":"wp","href":"https:\/\/api.w.org\/{rel}","templated":true}]}}