{"id":40303,"date":"2022-05-22T02:51:43","date_gmt":"2022-05-22T02:51:43","guid":{"rendered":"http:\/\/elterritorialweb.com.ar\/web\/?p=40303"},"modified":"2022-05-22T02:51:43","modified_gmt":"2022-05-22T02:51:43","slug":"el-intendente-nediani-realizo-una-caminata-por-el-barrio-villa-ines","status":"publish","type":"post","link":"https:\/\/elterritorialweb.com.ar\/web\/el-intendente-nediani-realizo-una-caminata-por-el-barrio-villa-ines\/","title":{"rendered":"EL INTENDENTE NEDIANI REALIZ\u00d3 UNA CAMINATA POR EL BARRIO VILLA IN\u00c9S"},"content":{"rendered":"\n<p>Esta actividad fue organizada por la secretaria de Gobierno, Claudia Acu\u00f1a y cont\u00f3 con la presencia de autoridades municipales, concejales, dirigentes y militantes que acompa\u00f1aron al actual jefe comunal bande\u00f1o.<br>En la oportunidad, Nediani declar\u00f3: \u00bb Hoy realizamos una hermosa caminata por el barrio Villa In\u00e9s donde tuvimos la oportunidad de dialogar con los vecinos y obviamente les contamos que es lo que estamos haciendo en toda la ciudad desde el municipio.<br>Ahora estamos caminando por una calle que hace poco le hicimos aporte de suelo con base estabilizada y tambi\u00e9n estamos haciendo un operativo de limpieza erradicando mini basurales\u00bb.<br>Agreg\u00f3: \u00abLos vecinos nos recibieron muy amablemente y nos pidieron colaboraci\u00f3n en la poda de plantas y la reposici\u00f3n de algunas luminarias que est\u00e1n quemadas.<br>As\u00ed que seguimos trabajando estando cerca de los vecinos para escuchar lo que sugieren para la mejora del barrio. Tambi\u00e9n me transmitieron su alegr\u00eda porque vieron que ya comenz\u00f3 a desarrollarse la obra de Paseo de Trujillo, una obra que seguramente ser\u00e1 muy bien recibida por los vecinos y ser\u00e1 de gran utilidad ya que tendr\u00e1 espacios de recreaci\u00f3n con equipamientos urbanos, luces LED, barreras de protecci\u00f3n hacia las v\u00edas y caminer\u00edas\u00bb.<br>Los vecinos tambi\u00e9n me manifestado la necesidad de contar con servicio de cloacas y les explique que de ser elegido intendente mi gesti\u00f3n tendr\u00e1 entre sus prioridades la realizaci\u00f3n de muchas obras de infraestructura b\u00e1sica como cloacas, desag\u00fces, cord\u00f3n cuneta y asfalto\u00bb.<br>Finalmente, cabe destacar que la Secretar\u00eda de Servicios P\u00fablicos realiz\u00f3 un operativo de limpieza en el barrio que involucr\u00f3 brigadistas de limpieza, camiones cargadores y palas mec\u00e1nicas.<\/p>\n","protected":false},"excerpt":{"rendered":"<p>El jefe comunal, visit\u00f3 y recorri\u00f3 el barrio Villa In\u00e9s de la ciudad de La Banda, donde mantuvo un contacto directo con los vecinos.<\/p>\n","protected":false},"author":2,"featured_media":40304,"comment_status":"open","ping_status":"open","sticky":false,"template":"","format":"standard","meta":{"om_disable_all_campaigns":false,"_monsterinsights_skip_tracking":false,"_monsterinsights_sitenote_active":false,"_monsterinsights_sitenote_note":"","_monsterinsights_sitenote_category":0,"_uf_show_specific_survey":0,"_uf_disable_surveys":false,"jetpack_post_was_ever_published":false,"_jetpack_newsletter_access":"","_jetpack_dont_email_post_to_subs":false,"_jetpack_newsletter_tier_id":0,"_jetpack_memberships_contains_paywalled_content":false,"_jetpack_memberships_contains_paid_content":false,"footnotes":"","jetpack_publicize_message":"","jetpack_publicize_feature_enabled":true,"jetpack_social_post_already_shared":false,"jetpack_social_options":{"image_generator_settings":{"template":"highway","default_image_id":0,"font":"","enabled":false},"version":2}},"categories":[18],"tags":[],"class_list":["post-40303","post","type-post","status-publish","format-standard","has-post-thumbnail","hentry","category-politica"],"aioseo_notices":[],"views":3,"jetpack_publicize_connections":[],"jetpack_featured_media_url":"https:\/\/i0.wp.com\/elterritorialweb.com.ar\/web\/wp-content\/uploads\/2022\/05\/nediani-caminata.jpeg?fit=1516%2C918&ssl=1","jetpack_sharing_enabled":true,"_links":{"self":[{"href":"https:\/\/elterritorialweb.com.ar\/web\/wp-json\/wp\/v2\/posts\/40303","targetHints":{"allow":["GET"]}}],"collection":[{"href":"https:\/\/elterritorialweb.com.ar\/web\/wp-json\/wp\/v2\/posts"}],"about":[{"href":"https:\/\/elterritorialweb.com.ar\/web\/wp-json\/wp\/v2\/types\/post"}],"author":[{"embeddable":true,"href":"https:\/\/elterritorialweb.com.ar\/web\/wp-json\/wp\/v2\/users\/2"}],"replies":[{"embeddable":true,"href":"https:\/\/elterritorialweb.com.ar\/web\/wp-json\/wp\/v2\/comments?post=40303"}],"version-history":[{"count":1,"href":"https:\/\/elterritorialweb.com.ar\/web\/wp-json\/wp\/v2\/posts\/40303\/revisions"}],"predecessor-version":[{"id":40305,"href":"https:\/\/elterritorialweb.com.ar\/web\/wp-json\/wp\/v2\/posts\/40303\/revisions\/40305"}],"wp:featuredmedia":[{"embeddable":true,"href":"https:\/\/elterritorialweb.com.ar\/web\/wp-json\/wp\/v2\/media\/40304"}],"wp:attachment":[{"href":"https:\/\/elterritorialweb.com.ar\/web\/wp-json\/wp\/v2\/media?parent=40303"}],"wp:term":[{"taxonomy":"category","embeddable":true,"href":"https:\/\/elterritorialweb.com.ar\/web\/wp-json\/wp\/v2\/categories?post=40303"},{"taxonomy":"post_tag","embeddable":true,"href":"https:\/\/elterritorialweb.com.ar\/web\/wp-json\/wp\/v2\/tags?post=40303"}],"curies":[{"name":"wp","href":"https:\/\/api.w.org\/{rel}","templated":true}]}}