{"id":40318,"date":"2022-05-23T01:12:59","date_gmt":"2022-05-23T01:12:59","guid":{"rendered":"http:\/\/elterritorialweb.com.ar\/web\/?p=40318"},"modified":"2022-05-23T01:15:59","modified_gmt":"2022-05-23T01:15:59","slug":"mitre-sufrio-otra-dura-derrtota-ante-guillermo-brown-en-madryn","status":"publish","type":"post","link":"https:\/\/elterritorialweb.com.ar\/web\/mitre-sufrio-otra-dura-derrtota-ante-guillermo-brown-en-madryn\/","title":{"rendered":"MITRE SUFRI\u00d3 OTRA DURA DERRTOTA ANTE GUILLERMO BROWN EN MADRYN"},"content":{"rendered":"\n<p><strong>Mitre&nbsp;<\/strong>no pudo recuperarse en su visita a&nbsp;<strong>Guillermo Brown de Puerto Madryn<\/strong>&nbsp;y cay\u00f3 derrotado por 2-1 en uno de los partidos correspondientes a la 16\u00aa fecha del torneo de la&nbsp;<strong>Primera Nacional<\/strong>.<\/p>\n\n\n\n<p>El local peg\u00f3 sobre los 25 minutos del primer tiempo con el gol de\u00a0<strong>Gabriel Navarro,<\/strong>\u00a0quien sac\u00f3 un zurdazo cruzado que dej\u00f3 sin chances a\u00a0<strong>Joaqu\u00edn Ledesma.<\/strong><\/p>\n\n\n\n<figure class=\"wp-block-image size-large\"><a href=\"https:\/\/i0.wp.com\/elterritorialweb.com.ar\/web\/wp-content\/uploads\/2022\/05\/MITRE-EN-MADRYN-4-2.jpeg\"><img data-recalc-dims=\"1\" decoding=\"async\" width=\"640\" height=\"348\" data-src=\"https:\/\/i0.wp.com\/elterritorialweb.com.ar\/web\/wp-content\/uploads\/2022\/05\/MITRE-EN-MADRYN-4-2.jpeg?resize=640%2C348\" alt=\"\" class=\"wp-image-40322 lazyload\" data-srcset=\"https:\/\/i0.wp.com\/elterritorialweb.com.ar\/web\/wp-content\/uploads\/2022\/05\/MITRE-EN-MADRYN-4-2.jpeg?resize=1024%2C556&amp;ssl=1 1024w, https:\/\/i0.wp.com\/elterritorialweb.com.ar\/web\/wp-content\/uploads\/2022\/05\/MITRE-EN-MADRYN-4-2.jpeg?resize=300%2C163&amp;ssl=1 300w, https:\/\/i0.wp.com\/elterritorialweb.com.ar\/web\/wp-content\/uploads\/2022\/05\/MITRE-EN-MADRYN-4-2.jpeg?resize=768%2C417&amp;ssl=1 768w, https:\/\/i0.wp.com\/elterritorialweb.com.ar\/web\/wp-content\/uploads\/2022\/05\/MITRE-EN-MADRYN-4-2.jpeg?w=1232&amp;ssl=1 1232w\" data-sizes=\"(max-width: 640px) 100vw, 640px\" src=\"data:image\/svg+xml;base64,PHN2ZyB3aWR0aD0iMSIgaGVpZ2h0PSIxIiB4bWxucz0iaHR0cDovL3d3dy53My5vcmcvMjAwMC9zdmciPjwvc3ZnPg==\" style=\"--smush-placeholder-width: 640px; --smush-placeholder-aspect-ratio: 640\/348;\" \/><\/a><\/figure>\n\n\n\n<p><strong>Mitre\u00a0<\/strong>sali\u00f3 a buscar el empate pero sobre el final de la etapa sufri\u00f3 otro duro golpe, cuando\u00a0<strong>Rodrigo Gonz\u00e1lez<\/strong>\u00a0conect\u00f3 un centro pasado para sellar el 2-0 con el que se fueron al descanso.<\/p>\n\n\n\n<p>En el complemento el&nbsp;<strong>Aurinegro&nbsp;<\/strong>sali\u00f3 a vender cara su derrota y logr\u00f3 descontar a los 22 minutos, cuando la<strong>&nbsp;Bestia Romero<\/strong>&nbsp;baj\u00f3 una pelota en el \u00e1rea y defini\u00f3 muy bien ante el golero&nbsp;<strong>Perrone<\/strong>.<\/p>\n\n\n\n<figure class=\"wp-block-image size-large\"><a href=\"https:\/\/i0.wp.com\/elterritorialweb.com.ar\/web\/wp-content\/uploads\/2022\/05\/MITRE-EN-MADRYN-3-2.jpeg\"><img data-recalc-dims=\"1\" decoding=\"async\" width=\"640\" height=\"348\" data-src=\"https:\/\/i0.wp.com\/elterritorialweb.com.ar\/web\/wp-content\/uploads\/2022\/05\/MITRE-EN-MADRYN-3-2.jpeg?resize=640%2C348\" alt=\"\" class=\"wp-image-40321 lazyload\" data-srcset=\"https:\/\/i0.wp.com\/elterritorialweb.com.ar\/web\/wp-content\/uploads\/2022\/05\/MITRE-EN-MADRYN-3-2.jpeg?resize=1024%2C557&amp;ssl=1 1024w, https:\/\/i0.wp.com\/elterritorialweb.com.ar\/web\/wp-content\/uploads\/2022\/05\/MITRE-EN-MADRYN-3-2.jpeg?resize=300%2C163&amp;ssl=1 300w, https:\/\/i0.wp.com\/elterritorialweb.com.ar\/web\/wp-content\/uploads\/2022\/05\/MITRE-EN-MADRYN-3-2.jpeg?resize=768%2C418&amp;ssl=1 768w, https:\/\/i0.wp.com\/elterritorialweb.com.ar\/web\/wp-content\/uploads\/2022\/05\/MITRE-EN-MADRYN-3-2.jpeg?w=1232&amp;ssl=1 1232w\" data-sizes=\"(max-width: 640px) 100vw, 640px\" src=\"data:image\/svg+xml;base64,PHN2ZyB3aWR0aD0iMSIgaGVpZ2h0PSIxIiB4bWxucz0iaHR0cDovL3d3dy53My5vcmcvMjAwMC9zdmciPjwvc3ZnPg==\" style=\"--smush-placeholder-width: 640px; --smush-placeholder-aspect-ratio: 640\/348;\" \/><\/a><\/figure>\n\n\n\n<p>El elenco santiague\u00f1o busc\u00f3 hasta el final el empate para traerse al menos un punto a&nbsp;<strong>Santiago del Estero<\/strong>, pero no pudo ante un equipo que se aferr\u00f3 a la ventaja y termin\u00f3 festejando ante su gente.<\/p>\n\n\n\n<p>Segunda derrota consecutiva de\u00a0<strong>Mitre\u00a0<\/strong>en el torneo, que deber\u00e1 dar vuelta la p\u00e1gina r\u00e1pidamente y enfocarse en el choque de la pr\u00f3xima fecha como local ante\u00a0<strong>Atl\u00e9tico Rafaela.<\/strong><\/p>\n\n\n\n<figure class=\"wp-block-image size-large\"><a href=\"https:\/\/i0.wp.com\/elterritorialweb.com.ar\/web\/wp-content\/uploads\/2022\/05\/MITRE-EN-MADRYN-2-2.jpeg\"><img data-recalc-dims=\"1\" decoding=\"async\" width=\"640\" height=\"410\" data-src=\"https:\/\/i0.wp.com\/elterritorialweb.com.ar\/web\/wp-content\/uploads\/2022\/05\/MITRE-EN-MADRYN-2-2.jpeg?resize=640%2C410\" alt=\"\" class=\"wp-image-40320 lazyload\" data-srcset=\"https:\/\/i0.wp.com\/elterritorialweb.com.ar\/web\/wp-content\/uploads\/2022\/05\/MITRE-EN-MADRYN-2-2.jpeg?resize=1024%2C656&amp;ssl=1 1024w, https:\/\/i0.wp.com\/elterritorialweb.com.ar\/web\/wp-content\/uploads\/2022\/05\/MITRE-EN-MADRYN-2-2.jpeg?resize=300%2C192&amp;ssl=1 300w, https:\/\/i0.wp.com\/elterritorialweb.com.ar\/web\/wp-content\/uploads\/2022\/05\/MITRE-EN-MADRYN-2-2.jpeg?resize=768%2C492&amp;ssl=1 768w, https:\/\/i0.wp.com\/elterritorialweb.com.ar\/web\/wp-content\/uploads\/2022\/05\/MITRE-EN-MADRYN-2-2.jpeg?w=1040&amp;ssl=1 1040w\" data-sizes=\"(max-width: 640px) 100vw, 640px\" src=\"data:image\/svg+xml;base64,PHN2ZyB3aWR0aD0iMSIgaGVpZ2h0PSIxIiB4bWxucz0iaHR0cDovL3d3dy53My5vcmcvMjAwMC9zdmciPjwvc3ZnPg==\" style=\"--smush-placeholder-width: 640px; --smush-placeholder-aspect-ratio: 640\/410;\" \/><\/a><\/figure>\n\n\n\n<p><strong>SINTESIS<\/strong> <strong>DEL PARTIDO<\/strong><\/p>\n\n\n\n<p><strong>Brown<\/strong>: Perrone, Silva, F. Rodr\u00edguez, Villegas, Mancinelli, Arbello, R. Gonz\u00e1lez, Navarro, P\u00e9rez, Obreg\u00f3n y S. Gonz\u00e1lez. DT: Yllana.<\/p>\n\n\n\n<p><strong>Mitre<\/strong>: Ledesma, Fioravanti, Landa, Tapia, Alessandroni, D. Gonz\u00e1lez, Ju\u00e1rez, D\u00edaz, Vadal\u00e1, Vega y Toloza. DT: Ricchetti.<\/p>\n\n\n\n<p><strong>Goles<\/strong>: 26m. Navarro (GB), 45m. R.Gonz\u00e1lez (GB)<\/p>\n\n\n\n<p><strong>\u00c1rbitro<\/strong>: Nelson Bejas.<\/p>\n\n\n\n<p><strong>Estadio<\/strong>: Ra\u00fal Conti (Madryn)<\/p>\n","protected":false},"excerpt":{"rendered":"<p>El Aurinegro no pudo con el conjunto Portuario y se fue derrotado 2-1 por una nueva fecha de la Primera Nacional.<\/p>\n","protected":false},"author":2,"featured_media":40323,"comment_status":"open","ping_status":"open","sticky":false,"template":"","format":"standard","meta":{"om_disable_all_campaigns":false,"_monsterinsights_skip_tracking":false,"_monsterinsights_sitenote_active":false,"_monsterinsights_sitenote_note":"","_monsterinsights_sitenote_category":0,"_uf_show_specific_survey":0,"_uf_disable_surveys":false,"jetpack_post_was_ever_published":false,"_jetpack_newsletter_access":"","_jetpack_dont_email_post_to_subs":false,"_jetpack_newsletter_tier_id":0,"_jetpack_memberships_contains_paywalled_content":false,"_jetpack_memberships_contains_paid_content":false,"footnotes":"","jetpack_publicize_message":"","jetpack_publicize_feature_enabled":true,"jetpack_social_post_already_shared":false,"jetpack_social_options":{"image_generator_settings":{"template":"highway","default_image_id":0,"font":"","enabled":false},"version":2}},"categories":[6],"tags":[],"class_list":["post-40318","post","type-post","status-publish","format-standard","has-post-thumbnail","hentry","category-deportes"],"aioseo_notices":[],"views":8,"jetpack_publicize_connections":[],"jetpack_featured_media_url":"https:\/\/i0.wp.com\/elterritorialweb.com.ar\/web\/wp-content\/uploads\/2022\/05\/MITRE-EN-MADRYN-2.jpeg?fit=737%2C497&ssl=1","jetpack_sharing_enabled":true,"_links":{"self":[{"href":"https:\/\/elterritorialweb.com.ar\/web\/wp-json\/wp\/v2\/posts\/40318","targetHints":{"allow":["GET"]}}],"collection":[{"href":"https:\/\/elterritorialweb.com.ar\/web\/wp-json\/wp\/v2\/posts"}],"about":[{"href":"https:\/\/elterritorialweb.com.ar\/web\/wp-json\/wp\/v2\/types\/post"}],"author":[{"embeddable":true,"href":"https:\/\/elterritorialweb.com.ar\/web\/wp-json\/wp\/v2\/users\/2"}],"replies":[{"embeddable":true,"href":"https:\/\/elterritorialweb.com.ar\/web\/wp-json\/wp\/v2\/comments?post=40318"}],"version-history":[{"count":3,"href":"https:\/\/elterritorialweb.com.ar\/web\/wp-json\/wp\/v2\/posts\/40318\/revisions"}],"predecessor-version":[{"id":40327,"href":"https:\/\/elterritorialweb.com.ar\/web\/wp-json\/wp\/v2\/posts\/40318\/revisions\/40327"}],"wp:featuredmedia":[{"embeddable":true,"href":"https:\/\/elterritorialweb.com.ar\/web\/wp-json\/wp\/v2\/media\/40323"}],"wp:attachment":[{"href":"https:\/\/elterritorialweb.com.ar\/web\/wp-json\/wp\/v2\/media?parent=40318"}],"wp:term":[{"taxonomy":"category","embeddable":true,"href":"https:\/\/elterritorialweb.com.ar\/web\/wp-json\/wp\/v2\/categories?post=40318"},{"taxonomy":"post_tag","embeddable":true,"href":"https:\/\/elterritorialweb.com.ar\/web\/wp-json\/wp\/v2\/tags?post=40318"}],"curies":[{"name":"wp","href":"https:\/\/api.w.org\/{rel}","templated":true}]}}