{"id":40334,"date":"2022-05-23T01:42:48","date_gmt":"2022-05-23T01:42:48","guid":{"rendered":"http:\/\/elterritorialweb.com.ar\/web\/?p=40334"},"modified":"2022-05-23T01:43:46","modified_gmt":"2022-05-23T01:43:46","slug":"se-reportaron-43-487-casos-positivos-de-coronavirus-en-la-ultima-semana-en-argentina","status":"publish","type":"post","link":"https:\/\/elterritorialweb.com.ar\/web\/se-reportaron-43-487-casos-positivos-de-coronavirus-en-la-ultima-semana-en-argentina\/","title":{"rendered":"SE REPORTARON 43.487 CASOS POSITIVOS DE CORONAVIRUS EN LA \u00daLTIMA SEMANA EN ARGENTINA"},"content":{"rendered":"\n<p>El Ministerio de Salud report\u00f3 49 muertes por coronavirus y 43.487 contagios en la \u00faltima semana en la Argentina, lo que representa un 27,9% m\u00e1s de casos que el domingo pasado (33.989).<\/p>\n\n\n\n<p>De esta manera, suman&nbsp;<strong>128.825 los fallecidos registrados oficialmente a nivel nacional y 9.178.795 los contagiados<\/strong>&nbsp;desde el inicio de la pandemia.<\/p>\n\n\n\n<p>La cartera sanitaria indic\u00f3 que son 323 los internados con coronavirus en unidades de terapia intensiva, con un porcentaje de ocupaci\u00f3n de camas de adultos en el sector p\u00fablico y privado, para todas las patolog\u00edas, de 42% en el pa\u00eds.<\/p>\n\n\n\n<p>Durante la \u00faltima semana murieron 33 personas en Buenos Aires, 7 en la Ciudad de Buenos Aires, 3 en C\u00f3rdoba, 2 en La Pampa, 1 en Mendoza, 1 en Neuqu\u00e9n, 1 en San Juan, y 1 en Santa Cruz.<\/p>\n\n\n\n<p>Seg\u00fan el Monitor P\u00fablico de Vacunaci\u00f3n,&nbsp;<strong>el total de dosis aplicadas asciende a 101.147.280<\/strong>, de los cuales 40.762.398 recibieron una dosis, 37.405.047 las dos, 3.026.240 una adicional y 19.953.595 una de refuerzo, mientras que las vacunas distribuidas a las jurisdicciones llegan a 108.651.950 y las donadas a 5.083.000.<\/p>\n","protected":false},"excerpt":{"rendered":"<p>En el informa semanal del Ministerio de Salud se comunicaron 49 muertes y 43.487 casos, contra 33.989 reportados el \u00faltimo domingo.<\/p>\n","protected":false},"author":2,"featured_media":40335,"comment_status":"open","ping_status":"open","sticky":false,"template":"","format":"standard","meta":{"om_disable_all_campaigns":false,"_monsterinsights_skip_tracking":false,"_monsterinsights_sitenote_active":false,"_monsterinsights_sitenote_note":"","_monsterinsights_sitenote_category":0,"_uf_show_specific_survey":0,"_uf_disable_surveys":false,"jetpack_post_was_ever_published":false,"_jetpack_newsletter_access":"","_jetpack_dont_email_post_to_subs":false,"_jetpack_newsletter_tier_id":0,"_jetpack_memberships_contains_paywalled_content":false,"_jetpack_memberships_contains_paid_content":false,"footnotes":"","jetpack_publicize_message":"","jetpack_publicize_feature_enabled":true,"jetpack_social_post_already_shared":false,"jetpack_social_options":{"image_generator_settings":{"template":"highway","default_image_id":0,"font":"","enabled":false},"version":2}},"categories":[4,3],"tags":[],"class_list":["post-40334","post","type-post","status-publish","format-standard","has-post-thumbnail","hentry","category-destacadas","category-salud"],"aioseo_notices":[],"views":9,"jetpack_publicize_connections":[],"jetpack_featured_media_url":"https:\/\/i0.wp.com\/elterritorialweb.com.ar\/web\/wp-content\/uploads\/2022\/05\/NUEVOS-CASOS-23-DE-MAYO.jpg?fit=680%2C383&ssl=1","jetpack_sharing_enabled":true,"_links":{"self":[{"href":"https:\/\/elterritorialweb.com.ar\/web\/wp-json\/wp\/v2\/posts\/40334","targetHints":{"allow":["GET"]}}],"collection":[{"href":"https:\/\/elterritorialweb.com.ar\/web\/wp-json\/wp\/v2\/posts"}],"about":[{"href":"https:\/\/elterritorialweb.com.ar\/web\/wp-json\/wp\/v2\/types\/post"}],"author":[{"embeddable":true,"href":"https:\/\/elterritorialweb.com.ar\/web\/wp-json\/wp\/v2\/users\/2"}],"replies":[{"embeddable":true,"href":"https:\/\/elterritorialweb.com.ar\/web\/wp-json\/wp\/v2\/comments?post=40334"}],"version-history":[{"count":1,"href":"https:\/\/elterritorialweb.com.ar\/web\/wp-json\/wp\/v2\/posts\/40334\/revisions"}],"predecessor-version":[{"id":40336,"href":"https:\/\/elterritorialweb.com.ar\/web\/wp-json\/wp\/v2\/posts\/40334\/revisions\/40336"}],"wp:featuredmedia":[{"embeddable":true,"href":"https:\/\/elterritorialweb.com.ar\/web\/wp-json\/wp\/v2\/media\/40335"}],"wp:attachment":[{"href":"https:\/\/elterritorialweb.com.ar\/web\/wp-json\/wp\/v2\/media?parent=40334"}],"wp:term":[{"taxonomy":"category","embeddable":true,"href":"https:\/\/elterritorialweb.com.ar\/web\/wp-json\/wp\/v2\/categories?post=40334"},{"taxonomy":"post_tag","embeddable":true,"href":"https:\/\/elterritorialweb.com.ar\/web\/wp-json\/wp\/v2\/tags?post=40334"}],"curies":[{"name":"wp","href":"https:\/\/api.w.org\/{rel}","templated":true}]}}