{"id":40357,"date":"2022-05-23T02:49:01","date_gmt":"2022-05-23T02:49:01","guid":{"rendered":"http:\/\/elterritorialweb.com.ar\/web\/?p=40357"},"modified":"2022-05-23T02:54:54","modified_gmt":"2022-05-23T02:54:54","slug":"coronavirus-en-santiago-se-confirmaron-13-casos-positivos-en-el-informe-semanal-en-la-provincia","status":"publish","type":"post","link":"https:\/\/elterritorialweb.com.ar\/web\/coronavirus-en-santiago-se-confirmaron-13-casos-positivos-en-el-informe-semanal-en-la-provincia\/","title":{"rendered":"CORONAVIRUS EN SANTIAGO: SE CONFIRMARON 13 CASOS POSITIVOS EN EL INFORME SEMANAL EN LA PROVINCIA"},"content":{"rendered":"\n<p>El&nbsp;<strong>Ministerio de Salud de Santiago<\/strong>&nbsp;dio a conocer el reporte semanal de coronavirus en el marco del notable incremento de casos a nivel nacional.<\/p>\n\n\n\n<p>En este sentido la provincia registr\u00f3 una leve suba, motivo por el cual las autoridades sanitarias llamaron a completar los esquemas de vacunaci\u00f3n.<\/p>\n\n\n\n<p>-El &nbsp;n\u00famero de casos fue de 13 positivos.<br>-El promedio diario de contagios &nbsp;en estos 7 d\u00edas fue de 1,86 casos<br>-El porcentaje de ocupaci\u00f3n de camas Covid:<br>a) UTI -UCI: 0%<br>b) Camas Covid leves y moderados: 0%<\/p>\n\n\n\n<p><strong><u><em>Se encuentra en vigencia el Pase Sanitario en la provincia<\/em><\/u><\/strong><\/p>\n\n\n\n<p>Con el objetivo de generar condiciones seguras y cuidadas de acceso a diferentes actividades y eventos masivos tanto p\u00fablico como privados, en espacios abiertos y cerrados, se instrumento el<strong>&nbsp;Pase Sanitario<\/strong>, que consiste en la acreditaci\u00f3n del esquema completo de vacunaci\u00f3n contra<strong>&nbsp;Covid-19.<\/strong><br><br><strong><em><u>El Ministerio de Salud recuerda que:<\/u><\/em><\/strong><\/p>\n\n\n\n<p>-El horario de circulaci\u00f3n es sin restricciones.<br>-Contin\u00faa siendo&nbsp;<strong>obligatorio el uso del barbijo en espacios cerrados<\/strong>, en el transporte de colectivos y radio taxis, como en cualquier lugar p\u00fablico abierto donde exista aglomeraci\u00f3n de personas, tales c\u00f3mo paradas de colectivos, colas en cajeros, etc . No siendo obligatorio en la v\u00eda p\u00fablica cuando alguien circule solo, o junto a personas de su grupo conviviente.<\/p>\n\n\n\n<p><br><strong><em><u>Aislamiento<\/u><\/em><\/strong><br>&#8211; Personas con COVID-19 positivo y convivientes con esquema completo de vacunaci\u00f3n (7 d\u00edas), contacto estrecho no conviviente con esquema completo de vacunaci\u00f3n (5 d\u00edas).<\/p>\n\n\n\n<p>&#8211; Personas con COVID-19 positivo, contacto estrecho conviviente\/no convivientes con esquema incompleto de vacunaci\u00f3n (10 d\u00edas).<\/p>\n\n\n\n<p><strong><em><u>Por \u00faltimo, el COE informa a toda la poblaci\u00f3n que:<\/u><\/em><\/strong><\/p>\n\n\n\n<p>-Se monitorean semanalmente los resultados de las muestras de hisopados, a &nbsp;los fines de realizar una vigilancia genomica del SARS-COV-2 &nbsp;para identificar las variantes que circulan en nuestra &nbsp;provincia.<\/p>\n\n\n\n<p>-Es fundamental en este momento, que todos los santiague\u00f1os mayores de 18 a\u00f1os concurran a vacunarse con &nbsp;las 2\u00b0 y 3\u00b0 dosis seg\u00fan corresponda y los ni\u00f1os de 3 a 12 a\u00f1os, &nbsp;adolescentes y jovenes de 13 a 17 a\u00f1os las primeras o segundas dosis de las vacunas contra el Covid 19; existiendo vacunatorios permanentes en todas las localidades, adem\u00e1s de las convocatorias masivas a trav\u00e9s de calendarios que se vienen realizando.<\/p>\n\n\n\n<p>\u00abAnte la suba de casos, que han aumentado en las \u00faltimas semanas en todo el pa\u00eds, se solicita a todas las personas que est\u00e1n en condiciones de hacerlo, se apliquen las dosis de refuerzo; que se encuentran disponibles en los vacunatorios permanentes, para tener la suficiente inmunidad y as\u00ed evitar que se propaguen los contagios y las &nbsp;internaciones con s\u00edntomas graves\u201c, informa el COE.<\/p>\n","protected":false},"excerpt":{"rendered":"<p>La cartera sanitaria local di\u00f3 a conocer  el informe semanal de la situaci\u00f3n sanitaria de la provincia.<\/p>\n","protected":false},"author":2,"featured_media":40358,"comment_status":"open","ping_status":"open","sticky":false,"template":"","format":"standard","meta":{"om_disable_all_campaigns":false,"_monsterinsights_skip_tracking":false,"_monsterinsights_sitenote_active":false,"_monsterinsights_sitenote_note":"","_monsterinsights_sitenote_category":0,"_uf_show_specific_survey":0,"_uf_disable_surveys":false,"jetpack_post_was_ever_published":false,"_jetpack_newsletter_access":"","_jetpack_dont_email_post_to_subs":false,"_jetpack_newsletter_tier_id":0,"_jetpack_memberships_contains_paywalled_content":false,"_jetpack_memberships_contains_paid_content":false,"footnotes":"","jetpack_publicize_message":"","jetpack_publicize_feature_enabled":true,"jetpack_social_post_already_shared":false,"jetpack_social_options":{"image_generator_settings":{"template":"highway","default_image_id":0,"font":"","enabled":false},"version":2}},"categories":[3],"tags":[],"class_list":["post-40357","post","type-post","status-publish","format-standard","has-post-thumbnail","hentry","category-salud"],"aioseo_notices":[],"views":12,"jetpack_publicize_connections":[],"jetpack_featured_media_url":"https:\/\/i0.wp.com\/elterritorialweb.com.ar\/web\/wp-content\/uploads\/2022\/05\/reporte-coronavirus-1-e1653274314287.jpeg?fit=960%2C652&ssl=1","jetpack_sharing_enabled":true,"_links":{"self":[{"href":"https:\/\/elterritorialweb.com.ar\/web\/wp-json\/wp\/v2\/posts\/40357","targetHints":{"allow":["GET"]}}],"collection":[{"href":"https:\/\/elterritorialweb.com.ar\/web\/wp-json\/wp\/v2\/posts"}],"about":[{"href":"https:\/\/elterritorialweb.com.ar\/web\/wp-json\/wp\/v2\/types\/post"}],"author":[{"embeddable":true,"href":"https:\/\/elterritorialweb.com.ar\/web\/wp-json\/wp\/v2\/users\/2"}],"replies":[{"embeddable":true,"href":"https:\/\/elterritorialweb.com.ar\/web\/wp-json\/wp\/v2\/comments?post=40357"}],"version-history":[{"count":1,"href":"https:\/\/elterritorialweb.com.ar\/web\/wp-json\/wp\/v2\/posts\/40357\/revisions"}],"predecessor-version":[{"id":40359,"href":"https:\/\/elterritorialweb.com.ar\/web\/wp-json\/wp\/v2\/posts\/40357\/revisions\/40359"}],"wp:featuredmedia":[{"embeddable":true,"href":"https:\/\/elterritorialweb.com.ar\/web\/wp-json\/wp\/v2\/media\/40358"}],"wp:attachment":[{"href":"https:\/\/elterritorialweb.com.ar\/web\/wp-json\/wp\/v2\/media?parent=40357"}],"wp:term":[{"taxonomy":"category","embeddable":true,"href":"https:\/\/elterritorialweb.com.ar\/web\/wp-json\/wp\/v2\/categories?post=40357"},{"taxonomy":"post_tag","embeddable":true,"href":"https:\/\/elterritorialweb.com.ar\/web\/wp-json\/wp\/v2\/tags?post=40357"}],"curies":[{"name":"wp","href":"https:\/\/api.w.org\/{rel}","templated":true}]}}