{"id":40360,"date":"2022-05-23T02:57:34","date_gmt":"2022-05-23T02:57:34","guid":{"rendered":"http:\/\/elterritorialweb.com.ar\/web\/?p=40360"},"modified":"2022-05-23T02:57:34","modified_gmt":"2022-05-23T02:57:34","slug":"la-municipalidad-informo-su-programa-de-fumigaciones-preventivas","status":"publish","type":"post","link":"https:\/\/elterritorialweb.com.ar\/web\/la-municipalidad-informo-su-programa-de-fumigaciones-preventivas\/","title":{"rendered":"LA MUNICIPALIDAD INFORM\u00d3 SU PROGRAMA DE FUMIGACIONES PREVENTIVAS"},"content":{"rendered":"\n<p>Las tareas comenzar\u00e1n este lunes por los barrios Los Flores, Virgen de Guadalupe, Borges y Coesa. El martes, los empleados del municipio recorrer\u00e1n los barrios Independencia, General Paz, Juan Felipe Ibarra, Huaico Hondo y Jorge Newbery.<\/p>\n\n\n\n<p>El jueves las pulverizaciones ser\u00e1n en los barrios Telef\u00f3nicos, Col\u00f3n, Rivadavia, S\u00e1enz Pe\u00f1a, Santa Teresita y Bel\u00e9n. Mientras que el viernes ser\u00e1 el turno de los barrios Cabildo, Ciudad del Ni\u00f1o, Bosco I, Bosco II y&nbsp; Bosco III y Bruno Volta.<\/p>\n","protected":false},"excerpt":{"rendered":"<p>En la continuidad de su programa preventivo de fumigaciones contra mosquitos que abarca a toda la ciudad, la Municipalidad de la Capital comunic\u00f3 el cronograma de esta semana para reforzar los trabajos que se vienen desarrollando desde el inicio de este a\u00f1o.<\/p>\n","protected":false},"author":2,"featured_media":40361,"comment_status":"open","ping_status":"open","sticky":false,"template":"","format":"standard","meta":{"om_disable_all_campaigns":false,"_monsterinsights_skip_tracking":false,"_monsterinsights_sitenote_active":false,"_monsterinsights_sitenote_note":"","_monsterinsights_sitenote_category":0,"_uf_show_specific_survey":0,"_uf_disable_surveys":false,"jetpack_post_was_ever_published":false,"_jetpack_newsletter_access":"","_jetpack_dont_email_post_to_subs":false,"_jetpack_newsletter_tier_id":0,"_jetpack_memberships_contains_paywalled_content":false,"_jetpack_memberships_contains_paid_content":false,"footnotes":"","jetpack_publicize_message":"","jetpack_publicize_feature_enabled":true,"jetpack_social_post_already_shared":false,"jetpack_social_options":{"image_generator_settings":{"template":"highway","default_image_id":0,"font":"","enabled":false},"version":2}},"categories":[21],"tags":[],"class_list":["post-40360","post","type-post","status-publish","format-standard","has-post-thumbnail","hentry","category-locales"],"aioseo_notices":[],"views":8,"jetpack_publicize_connections":[],"jetpack_featured_media_url":"https:\/\/i0.wp.com\/elterritorialweb.com.ar\/web\/wp-content\/uploads\/2022\/05\/fumiga58.jpeg?fit=1280%2C960&ssl=1","jetpack_sharing_enabled":true,"_links":{"self":[{"href":"https:\/\/elterritorialweb.com.ar\/web\/wp-json\/wp\/v2\/posts\/40360","targetHints":{"allow":["GET"]}}],"collection":[{"href":"https:\/\/elterritorialweb.com.ar\/web\/wp-json\/wp\/v2\/posts"}],"about":[{"href":"https:\/\/elterritorialweb.com.ar\/web\/wp-json\/wp\/v2\/types\/post"}],"author":[{"embeddable":true,"href":"https:\/\/elterritorialweb.com.ar\/web\/wp-json\/wp\/v2\/users\/2"}],"replies":[{"embeddable":true,"href":"https:\/\/elterritorialweb.com.ar\/web\/wp-json\/wp\/v2\/comments?post=40360"}],"version-history":[{"count":1,"href":"https:\/\/elterritorialweb.com.ar\/web\/wp-json\/wp\/v2\/posts\/40360\/revisions"}],"predecessor-version":[{"id":40362,"href":"https:\/\/elterritorialweb.com.ar\/web\/wp-json\/wp\/v2\/posts\/40360\/revisions\/40362"}],"wp:featuredmedia":[{"embeddable":true,"href":"https:\/\/elterritorialweb.com.ar\/web\/wp-json\/wp\/v2\/media\/40361"}],"wp:attachment":[{"href":"https:\/\/elterritorialweb.com.ar\/web\/wp-json\/wp\/v2\/media?parent=40360"}],"wp:term":[{"taxonomy":"category","embeddable":true,"href":"https:\/\/elterritorialweb.com.ar\/web\/wp-json\/wp\/v2\/categories?post=40360"},{"taxonomy":"post_tag","embeddable":true,"href":"https:\/\/elterritorialweb.com.ar\/web\/wp-json\/wp\/v2\/tags?post=40360"}],"curies":[{"name":"wp","href":"https:\/\/api.w.org\/{rel}","templated":true}]}}