{"id":40374,"date":"2022-05-23T14:21:03","date_gmt":"2022-05-23T14:21:03","guid":{"rendered":"http:\/\/elterritorialweb.com.ar\/web\/?p=40374"},"modified":"2022-05-23T14:21:57","modified_gmt":"2022-05-23T14:21:57","slug":"la-afip-reintegra-un-total-de-1-345-millones-de-pesos-a-monotributistas-y-autonomos","status":"publish","type":"post","link":"https:\/\/elterritorialweb.com.ar\/web\/la-afip-reintegra-un-total-de-1-345-millones-de-pesos-a-monotributistas-y-autonomos\/","title":{"rendered":"LA AFIP REINTEGRA UN TOTAL DE 1.345 MILLONES DE PESOS A MONOTRIBUTISTAS Y AUTONOMOS"},"content":{"rendered":"\n<p>La Administraci\u00f3n Federal de Ingresos P\u00fablicos (AFIP) reintegrar\u00e1 un total de m\u00e1s de 1.345 millones de pesos a m\u00e1s de 649.000 peque\u00f1os contribuyentes, que abonaron durante 2021 por d\u00e9bito autom\u00e1tico o tarjeta de cr\u00e9dito.<\/p>\n\n\n\n<p><strong>Se trata de un beneficio al cumplimiento que alcanza a m\u00e1s de 649.000 peque\u00f1os contribuyentes de todo el pa\u00eds: 557.000 monotributistas y 92.000 aut\u00f3nomos.<\/strong><\/p>\n\n\n\n<p>La medida implementada por el organismo consiste en<strong>&nbsp;la devoluci\u00f3n de una porci\u00f3n del componente impositivo abonado a lo largo del a\u00f1o y alcanza a quienes hayan pagado en tiempo y forma su cuota mensual.<\/strong><\/p>\n\n\n\n<p>En ese sentido<strong>, la cantidad de peque\u00f1os contribuyentes que recibir\u00e1n el reintegro este a\u00f1o es un 62% superior a la de 2021<\/strong>, y el incremento responde principalmente a un mayor cumplimiento por parte de los monotributistas y aut\u00f3nomos.<\/p>\n\n\n\n<p>De esta forma<strong>, el reintegro para monotributistas y aut\u00f3nomos \u201cse suma a otros beneficios puestos en pr\u00e1ctica en los \u00faltimos meses para peque\u00f1os contribuyentes como la moratoria y la condonaci\u00f3n de deudas hasta $ 100.000 contenidos en la ley de alivio fiscal,<\/strong>&nbsp;herramientas que fueron utilizadas por m\u00e1s de 857.000 peque\u00f1os contribuyentes\u201d, destacaron desde AFIP mediante un comunicado.<\/p>\n\n\n\n<p>En tanto,<strong>&nbsp;las personas beneficiadas recibir\u00e1n un importe equivalente al impuesto integrado mensual y el pago ser\u00e1 acreditado autom\u00e1ticamente en las cuentas bancarias o tarjetas de cr\u00e9dito adheridas como medio de pago<\/strong>&nbsp;por cada uno de las y los contribuyentes cumplidores.<\/p>\n\n\n\n<p>Por su parte,<strong>&nbsp;en el caso de contribuyentes que hayan iniciado la actividad el a\u00f1o pasado y por ello no hubieran abonado 12 meses completos tendr\u00e1n la devoluci\u00f3n del 50%, siempre que la cantidad de cuotas pagadas en t\u00e9rmino fueran entre 6 y 11,<\/strong>&nbsp;ambas inclusive, informaron desde el organismo.<\/p>\n\n\n\n<p>Por otra parte, el monto acreditado -o los motivos por los cuales no se realiz\u00f3 el reintegro- podr\u00e1 consultarse en el servicio \u201cCCMA \u2013 Cuenta Corriente de Monotributistas y Aut\u00f3nomos\u201d, al que se ingresa con clave fiscal, y los peque\u00f1os contribuyentes que deseen adherir al d\u00e9bito autom\u00e1tico pueden obtener informaci\u00f3n el sitio web deAFIP:<br><a href=\"https:\/\/serviciosweb.afip.gob.ar\/genericos\/guiaDeTramites\/VerGuia.aspx?tr=69\" target=\"_blank\" rel=\"noreferrer noopener\">https:\/\/serviciosweb.afip.gob.ar\/genericos\/guiaDeTramites\/VerGuia.aspx?tr=69<\/a>.<\/p>\n","protected":false},"excerpt":{"rendered":"<p>La medida implementada por el organismo consiste en la devoluci\u00f3n de una porci\u00f3n del componente impositivo abonado a lo largo del a\u00f1o y alcanza a quienes hayan pagado en tiempo y forma su cuota mensual.<\/p>\n","protected":false},"author":2,"featured_media":12993,"comment_status":"open","ping_status":"open","sticky":false,"template":"","format":"standard","meta":{"om_disable_all_campaigns":false,"_monsterinsights_skip_tracking":false,"_monsterinsights_sitenote_active":false,"_monsterinsights_sitenote_note":"","_monsterinsights_sitenote_category":0,"_uf_show_specific_survey":0,"_uf_disable_surveys":false,"jetpack_post_was_ever_published":false,"_jetpack_newsletter_access":"","_jetpack_dont_email_post_to_subs":false,"_jetpack_newsletter_tier_id":0,"_jetpack_memberships_contains_paywalled_content":false,"_jetpack_memberships_contains_paid_content":false,"footnotes":"","jetpack_publicize_message":"","jetpack_publicize_feature_enabled":true,"jetpack_social_post_already_shared":false,"jetpack_social_options":{"image_generator_settings":{"template":"highway","default_image_id":0,"font":"","enabled":false},"version":2}},"categories":[4,2],"tags":[],"class_list":["post-40374","post","type-post","status-publish","format-standard","has-post-thumbnail","hentry","category-destacadas","category-economia"],"aioseo_notices":[],"views":6,"jetpack_publicize_connections":[],"jetpack_featured_media_url":"https:\/\/i0.wp.com\/elterritorialweb.com.ar\/web\/wp-content\/uploads\/2020\/11\/AFIP.jpg?fit=680%2C357&ssl=1","jetpack_sharing_enabled":true,"_links":{"self":[{"href":"https:\/\/elterritorialweb.com.ar\/web\/wp-json\/wp\/v2\/posts\/40374","targetHints":{"allow":["GET"]}}],"collection":[{"href":"https:\/\/elterritorialweb.com.ar\/web\/wp-json\/wp\/v2\/posts"}],"about":[{"href":"https:\/\/elterritorialweb.com.ar\/web\/wp-json\/wp\/v2\/types\/post"}],"author":[{"embeddable":true,"href":"https:\/\/elterritorialweb.com.ar\/web\/wp-json\/wp\/v2\/users\/2"}],"replies":[{"embeddable":true,"href":"https:\/\/elterritorialweb.com.ar\/web\/wp-json\/wp\/v2\/comments?post=40374"}],"version-history":[{"count":1,"href":"https:\/\/elterritorialweb.com.ar\/web\/wp-json\/wp\/v2\/posts\/40374\/revisions"}],"predecessor-version":[{"id":40375,"href":"https:\/\/elterritorialweb.com.ar\/web\/wp-json\/wp\/v2\/posts\/40374\/revisions\/40375"}],"wp:featuredmedia":[{"embeddable":true,"href":"https:\/\/elterritorialweb.com.ar\/web\/wp-json\/wp\/v2\/media\/12993"}],"wp:attachment":[{"href":"https:\/\/elterritorialweb.com.ar\/web\/wp-json\/wp\/v2\/media?parent=40374"}],"wp:term":[{"taxonomy":"category","embeddable":true,"href":"https:\/\/elterritorialweb.com.ar\/web\/wp-json\/wp\/v2\/categories?post=40374"},{"taxonomy":"post_tag","embeddable":true,"href":"https:\/\/elterritorialweb.com.ar\/web\/wp-json\/wp\/v2\/tags?post=40374"}],"curies":[{"name":"wp","href":"https:\/\/api.w.org\/{rel}","templated":true}]}}