{"id":40390,"date":"2022-05-23T18:14:54","date_gmt":"2022-05-23T18:14:54","guid":{"rendered":"http:\/\/elterritorialweb.com.ar\/web\/?p=40390"},"modified":"2022-05-23T18:16:55","modified_gmt":"2022-05-23T18:16:55","slug":"el-inaes-realizara-un-encuentro-en-el-paraninfo-de-la-unse","status":"publish","type":"post","link":"https:\/\/elterritorialweb.com.ar\/web\/el-inaes-realizara-un-encuentro-en-el-paraninfo-de-la-unse\/","title":{"rendered":"EL INAES REALIZAR\u00c1 UN ENCUENTRO EN EL PARANINFO DE LA UNSE"},"content":{"rendered":"\n<p>El <strong>INAES<\/strong> (Instituto Nacional de Asociativismo y Econom\u00eda Social), invita al encuentro que se realizar\u00e1 el pr\u00f3ximo <strong>28 de mayo a las 9 hs en el Paraninfo de la UNSE<\/strong>.<\/p>\n\n\n\n<p>La capacitaci\u00f3n, de modalidad presencial y con la entrega de certificados, estar\u00e1 a cargo de la <strong>Coordinaci\u00f3n de Capacitaci\u00f3n del INAES<\/strong>.<\/p>\n\n\n\n<p>En la misma se trabajar\u00e1n en los ejes de formaci\u00f3n de introducci\u00f3n al cooperativismo y mutualismo como parte de una agenda que viene desarrollando el Instituto en todo el territorio nacional para incentivar a los trabajadores de la econom\u00eda popular a la institucionalizaci\u00f3n y a la organizaci\u00f3n mediante el cooperativismo. <\/p>\n\n\n\n<p>El INAES proyecta al trabajador y trabajadora de la econom\u00eda popular como parte fundamental de nuestra sociedad y los considera part\u00edcipes necesarios de la econom\u00eda social.<\/p>\n","protected":false},"excerpt":{"rendered":"<p>La actividad est\u00e1 destinada a los integrantes de cooperativas en formaci\u00f3n o recientemente constituidas. <\/p>\n","protected":false},"author":2,"featured_media":25873,"comment_status":"open","ping_status":"open","sticky":false,"template":"","format":"standard","meta":{"om_disable_all_campaigns":false,"_monsterinsights_skip_tracking":false,"_monsterinsights_sitenote_active":false,"_monsterinsights_sitenote_note":"","_monsterinsights_sitenote_category":0,"_uf_show_specific_survey":0,"_uf_disable_surveys":false,"jetpack_post_was_ever_published":false,"_jetpack_newsletter_access":"","_jetpack_dont_email_post_to_subs":false,"_jetpack_newsletter_tier_id":0,"_jetpack_memberships_contains_paywalled_content":false,"_jetpack_memberships_contains_paid_content":false,"footnotes":"","jetpack_publicize_message":"","jetpack_publicize_feature_enabled":true,"jetpack_social_post_already_shared":false,"jetpack_social_options":{"image_generator_settings":{"template":"highway","default_image_id":0,"font":"","enabled":false},"version":2}},"categories":[19],"tags":[],"class_list":["post-40390","post","type-post","status-publish","format-standard","has-post-thumbnail","hentry","category-educacion"],"aioseo_notices":[],"views":7,"jetpack_publicize_connections":[],"jetpack_featured_media_url":"https:\/\/i0.wp.com\/elterritorialweb.com.ar\/web\/wp-content\/uploads\/2021\/08\/unse-innova.jpg?fit=715%2C402&ssl=1","jetpack_sharing_enabled":true,"_links":{"self":[{"href":"https:\/\/elterritorialweb.com.ar\/web\/wp-json\/wp\/v2\/posts\/40390","targetHints":{"allow":["GET"]}}],"collection":[{"href":"https:\/\/elterritorialweb.com.ar\/web\/wp-json\/wp\/v2\/posts"}],"about":[{"href":"https:\/\/elterritorialweb.com.ar\/web\/wp-json\/wp\/v2\/types\/post"}],"author":[{"embeddable":true,"href":"https:\/\/elterritorialweb.com.ar\/web\/wp-json\/wp\/v2\/users\/2"}],"replies":[{"embeddable":true,"href":"https:\/\/elterritorialweb.com.ar\/web\/wp-json\/wp\/v2\/comments?post=40390"}],"version-history":[{"count":2,"href":"https:\/\/elterritorialweb.com.ar\/web\/wp-json\/wp\/v2\/posts\/40390\/revisions"}],"predecessor-version":[{"id":40392,"href":"https:\/\/elterritorialweb.com.ar\/web\/wp-json\/wp\/v2\/posts\/40390\/revisions\/40392"}],"wp:featuredmedia":[{"embeddable":true,"href":"https:\/\/elterritorialweb.com.ar\/web\/wp-json\/wp\/v2\/media\/25873"}],"wp:attachment":[{"href":"https:\/\/elterritorialweb.com.ar\/web\/wp-json\/wp\/v2\/media?parent=40390"}],"wp:term":[{"taxonomy":"category","embeddable":true,"href":"https:\/\/elterritorialweb.com.ar\/web\/wp-json\/wp\/v2\/categories?post=40390"},{"taxonomy":"post_tag","embeddable":true,"href":"https:\/\/elterritorialweb.com.ar\/web\/wp-json\/wp\/v2\/tags?post=40390"}],"curies":[{"name":"wp","href":"https:\/\/api.w.org\/{rel}","templated":true}]}}