{"id":40393,"date":"2022-05-23T18:25:59","date_gmt":"2022-05-23T18:25:59","guid":{"rendered":"http:\/\/elterritorialweb.com.ar\/web\/?p=40393"},"modified":"2022-05-23T18:25:59","modified_gmt":"2022-05-23T18:25:59","slug":"argentina-consolida-su-promocion-en-estados-unidos","status":"publish","type":"post","link":"https:\/\/elterritorialweb.com.ar\/web\/argentina-consolida-su-promocion-en-estados-unidos\/","title":{"rendered":"ARGENTINA CONSOLIDA SU PROMOCI\u00d3N EN ESTADOS UNIDOS"},"content":{"rendered":"\n<p>La delegaci\u00f3n estuvo encabezada por el\u00a0<strong>Secretario Ejecutivo del Inprotur, Ricardo Sosa<\/strong>, parte del equipo t\u00e9cnico del instituto y el\u00a0<strong>titular de la empresa Eurotour, Mart\u00edn Zanone<\/strong>, quienes participaron de la apertura del evento presidido por la\u00a0<strong>Vicepresidenta para Norteamerica de Latam, Paola Pe\u00f1arete<\/strong>. Adem\u00e1s asistieron representantes de Per\u00fa, Ecuador, Colombia y Chile.<\/p>\n\n\n\n<p>En ese contexto, Sosa se\u00f1al\u00f3 que la participaci\u00f3n Argentina&nbsp;<em>\u201capunta a fortalecer la promoci\u00f3n en el mercado norteamericano, teniendo en cuenta que en la prepandemia era el principal emisor de turistas de pa\u00edses no lim\u00edtrofes, desde el Inprotur, hemos encarado numerosas acciones de promoci\u00f3n y apenas se reabrieron las fronteras en noviembre del a\u00f1o pasado hemos participado presencialmente de acciones de gesti\u00f3n en Florida y New York, esa promoci\u00f3n fue sostenida adem\u00e1s con activaciones digitales, capacitaciones presenciales al trade y participaciones en las ferias Travel &amp; Adventure Show en New York y Los Angeles, entre otras actividades\u201d<\/em>.<\/p>\n\n\n\n<p>A rengl\u00f3n seguido especific\u00f3 que&nbsp;<em>\u201cestar presentes en Re think South Am\u00e9rica nos posiblita consolidar nuestra presencia, acelerar la intermediaci\u00f3n de la oferta, mostrar los productos tur\u00edsticos que tenemos y el operador argentino participante tambi\u00e9n genera acuerdos comerciales\u201d<\/em>.<\/p>\n\n\n\n<p>A\u00f1adi\u00f3 que en las primeras reuniones&nbsp;<em>\u201cnuestro equipo t\u00e9cnico mantuvo encuentros con tour operadores de New York que a\u00fan no vend\u00edan Argentina, nos encontramos con mucha avidez por conocer m\u00e1s productos y buscar socios estrat\u00e9gicos en el \u00e1mbito empresarial\u201d<\/em>. La actividad continu\u00f3 con m\u00e1s reuniones pre acordadas y una presentaci\u00f3n oficial de Argentina ante los hosted buyers y autoridades de Latam.<\/p>\n","protected":false},"excerpt":{"rendered":"<p>Con la participaci\u00f3n de Argentina en Re think South Am\u00e9rica Latam en New York se consolida la presencia y promoci\u00f3n de nuestro pa\u00eds en Estados Unidos, en el primer evento presencial de turismo de este a\u00f1o con la asistencia de casi 100 hosted buyers norteamericanos.<\/p>\n","protected":false},"author":2,"featured_media":40394,"comment_status":"open","ping_status":"open","sticky":false,"template":"","format":"standard","meta":{"om_disable_all_campaigns":false,"_monsterinsights_skip_tracking":false,"_monsterinsights_sitenote_active":false,"_monsterinsights_sitenote_note":"","_monsterinsights_sitenote_category":0,"_uf_show_specific_survey":0,"_uf_disable_surveys":false,"jetpack_post_was_ever_published":false,"_jetpack_newsletter_access":"","_jetpack_dont_email_post_to_subs":false,"_jetpack_newsletter_tier_id":0,"_jetpack_memberships_contains_paywalled_content":false,"_jetpack_memberships_contains_paid_content":false,"footnotes":"","jetpack_publicize_message":"","jetpack_publicize_feature_enabled":true,"jetpack_social_post_already_shared":false,"jetpack_social_options":{"image_generator_settings":{"template":"highway","default_image_id":0,"font":"","enabled":false},"version":2}},"categories":[29],"tags":[],"class_list":["post-40393","post","type-post","status-publish","format-standard","has-post-thumbnail","hentry","category-turismo"],"aioseo_notices":[],"views":10,"jetpack_publicize_connections":[],"jetpack_featured_media_url":"https:\/\/i0.wp.com\/elterritorialweb.com.ar\/web\/wp-content\/uploads\/2022\/05\/unnamed.png?fit=900%2C600&ssl=1","jetpack_sharing_enabled":true,"_links":{"self":[{"href":"https:\/\/elterritorialweb.com.ar\/web\/wp-json\/wp\/v2\/posts\/40393","targetHints":{"allow":["GET"]}}],"collection":[{"href":"https:\/\/elterritorialweb.com.ar\/web\/wp-json\/wp\/v2\/posts"}],"about":[{"href":"https:\/\/elterritorialweb.com.ar\/web\/wp-json\/wp\/v2\/types\/post"}],"author":[{"embeddable":true,"href":"https:\/\/elterritorialweb.com.ar\/web\/wp-json\/wp\/v2\/users\/2"}],"replies":[{"embeddable":true,"href":"https:\/\/elterritorialweb.com.ar\/web\/wp-json\/wp\/v2\/comments?post=40393"}],"version-history":[{"count":1,"href":"https:\/\/elterritorialweb.com.ar\/web\/wp-json\/wp\/v2\/posts\/40393\/revisions"}],"predecessor-version":[{"id":40395,"href":"https:\/\/elterritorialweb.com.ar\/web\/wp-json\/wp\/v2\/posts\/40393\/revisions\/40395"}],"wp:featuredmedia":[{"embeddable":true,"href":"https:\/\/elterritorialweb.com.ar\/web\/wp-json\/wp\/v2\/media\/40394"}],"wp:attachment":[{"href":"https:\/\/elterritorialweb.com.ar\/web\/wp-json\/wp\/v2\/media?parent=40393"}],"wp:term":[{"taxonomy":"category","embeddable":true,"href":"https:\/\/elterritorialweb.com.ar\/web\/wp-json\/wp\/v2\/categories?post=40393"},{"taxonomy":"post_tag","embeddable":true,"href":"https:\/\/elterritorialweb.com.ar\/web\/wp-json\/wp\/v2\/tags?post=40393"}],"curies":[{"name":"wp","href":"https:\/\/api.w.org\/{rel}","templated":true}]}}