{"id":40401,"date":"2022-05-24T02:13:50","date_gmt":"2022-05-24T02:13:50","guid":{"rendered":"http:\/\/elterritorialweb.com.ar\/web\/?p=40401"},"modified":"2022-05-24T02:13:51","modified_gmt":"2022-05-24T02:13:51","slug":"alberto-fernandez-la-juventud-juega-un-rol-central-para-cambiar-el-mundo","status":"publish","type":"post","link":"https:\/\/elterritorialweb.com.ar\/web\/alberto-fernandez-la-juventud-juega-un-rol-central-para-cambiar-el-mundo\/","title":{"rendered":"ALBERTO FERN\u00c1NDEZ: \u00abLA JUVENTUD JUEGA UN ROL CENTRAL PARA CAMBIAR EL  MUNDO\u00bb"},"content":{"rendered":"\n<p>El flamante consejo tiene como objetivo generar espacios de formaci\u00f3n e intercambio de ideas, y contribuir a la formaci\u00f3n de agentes de desarrollo que formulen propuestas integrales para toda la regi\u00f3n. El proyecto lo llevan adelante el Centro Internacional para la Promoci\u00f3n de los Derechos Humanos (CIPDH-UNESCO) junto a la CELAC, el Consejo Latinoamericano de Ciencias Sociales (CLACSO) y la Casa Patria Grande.<\/p>\n\n\n\n<p>\u201cNo debemos olvidar que nosotros somos parte del continente m\u00e1s desigual del mundo, y que quiere decir que hay una enorme brecha entre los que m\u00e1s concentran ingresos y los que menos perciben ingresos. Y eso es intolerable porque la \u00e9tica de la pol\u00edtica es tender la mano y debemos afrontar ese desaf\u00edo\u201d, a\u00f1adi\u00f3 el Presidente.<\/p>\n\n\n\n<p>En esa l\u00ednea, inst\u00f3 a los j\u00f3venes \u201ca dar los debates de cara a la gente, convenciendo a nuestros ciudadanos, porque si no lo hacemos vamos a seguir repitiendo la historia\u201d, y reflexion\u00f3: \u201cLa lucha por el cuidado del ambiente debe tambi\u00e9n ser una bandera que levantar en cada rinc\u00f3n del mundo y especialmente en Am\u00e9rica Latina\u201d.<\/p>\n\n\n\n<p>Sobre los efectos de la pandemia en la juventud, el mandatario explic\u00f3: \u201cSe puede ver en la dificultad que los j\u00f3venes encuentran para conseguir trabajo e insertarse en el mundo laboral, que es algo que debe llamar nuestra atenci\u00f3n\u201d, y precis\u00f3: \u201cLo \u00fanico que debemos hacer nosotros es no callarla y abrirle las puertas para que salga, piense y reclame, para que sea part\u00edcipe de las decisiones\u201d.<\/p>\n\n\n\n<p>\u201cTodo esto ocurre en un momento singular del mundo que nos compromete doblemente porque en el tiempo en que la pandemia se inici\u00f3 qued\u00f3 en evidencia la enorme desigualdad en la que el mundo viv\u00eda, y ah\u00ed pudimos ver la importancia del Estado\u201d, sentenci\u00f3 el jefe de Estado.<\/p>\n\n\n\n<p>Y concluy\u00f3: \u201cMuchos cre\u00edan que la atenci\u00f3n de la salud ten\u00eda que quedar en manos privadas, pero est\u00e1 visto que cuando uno conf\u00eda en el mercado para dar servicios tan esenciales como la salud y la educaci\u00f3n los mercados solo van donde tienen rentabilidad. Y el capitalismo tendr\u00eda que hacerse un replanteo sobre su \u00e9tica porque si no ayuda a desarrollar las sociedades, a generar trabajo y desarrollar igualdad, entonces, indefectiblemente fracasa\u201d.<\/p>\n\n\n\n<p>El Presidente estuvo acompa\u00f1ado por el ministro de Relaciones Exteriores, Comercio Internacional y Culto, Santiago Cafiero; la directora Ejecutiva de CIPDH-UNESCO, Fernanda Gil Lozano; el director de Formaci\u00f3n y Movilizaci\u00f3n del Conocimiento de CLACSO, Nicol\u00e1s Arata; y el director de la Casa Patria Grande, Mat\u00edas Capeluto.<\/p>\n\n\n\n<p>Al tomar la palabra, Capeluto agradeci\u00f3 al presidente Fern\u00e1ndez por su segunda visita a la Casa Patria Grande y remarc\u00f3: \u201cLa participaci\u00f3n de las juventudes en el dise\u00f1o de las pol\u00edticas p\u00fablicas es fundamental para ampliar las capacidades, desarrollar una alternativa colectiva adecuada a nuestras sociedades y transitar hacia un futuro mejor para todos y todas\u201d.<\/p>\n\n\n\n<p>La creaci\u00f3n del Consejo de Juventudes de Am\u00e9rica Latina y el Caribe busca incorporar una perspectiva joven e intergeneracional al debate p\u00fablico, y aumentar la representaci\u00f3n de sus intereses en los espacios de dise\u00f1o y toma de decisiones, adem\u00e1s de impulsar la participaci\u00f3n de esa franja como agente de cambio y promover el desarrollo de sus capacidades.<\/p>\n\n\n\n<p>Durante la ceremonia, de la que tambi\u00e9n participaron el ministro de Cultura, Trist\u00e1n Bauer y el secretario General de la Presidencia, Julio Vitobello, cuatro j\u00f3venes del Consejo provenientes de distintos pa\u00edses relataron sus experiencias en ese espacio, sobre el que precisaron que \u201cdetermina muchos de los caminos que reafirman nuestro compromiso social y pol\u00edtico para construir un mundo global\u201d.<\/p>\n\n\n\n<p>Estuvieron presentes adem\u00e1s la embajadora de M\u00e9xico en Argentina, Lilia Rossbach; la subsecretaria de Desarrollo Cultural de M\u00e9xico, Marina N\u00fa\u00f1ez Bespalova; y la primera secretaria de la embajada del Estado Plurinacional de Bolivia, Lourdes Norma Quispe Flores.<\/p>\n","protected":false},"excerpt":{"rendered":"<p>El presidente Alberto Fern\u00e1ndez se\u00f1al\u00f3 hoy que \u201cla juventud tiene un rol muy importante en el tiempo que vivimos y juega un rol central para cambiar el mundo\u201d, al participar este mediod\u00eda, en su car\u00e1cter de presidente pro t\u00e9mpore de la CELAC, del acto de lanzamiento del Consejo de Juventudes de Am\u00e9rica Latina y el Caribe (CJALC-CELAC), en la Casa Patria Grande N\u00e9stor Kirchner, en el barrio porte\u00f1o de Retiro.<\/p>\n","protected":false},"author":2,"featured_media":40402,"comment_status":"open","ping_status":"open","sticky":false,"template":"","format":"standard","meta":{"om_disable_all_campaigns":false,"_monsterinsights_skip_tracking":false,"_monsterinsights_sitenote_active":false,"_monsterinsights_sitenote_note":"","_monsterinsights_sitenote_category":0,"_uf_show_specific_survey":0,"_uf_disable_surveys":false,"jetpack_post_was_ever_published":false,"_jetpack_newsletter_access":"","_jetpack_dont_email_post_to_subs":false,"_jetpack_newsletter_tier_id":0,"_jetpack_memberships_contains_paywalled_content":false,"_jetpack_memberships_contains_paid_content":false,"footnotes":"","jetpack_publicize_message":"","jetpack_publicize_feature_enabled":true,"jetpack_social_post_already_shared":false,"jetpack_social_options":{"image_generator_settings":{"template":"highway","default_image_id":0,"font":"","enabled":false},"version":2}},"categories":[18],"tags":[],"class_list":["post-40401","post","type-post","status-publish","format-standard","has-post-thumbnail","hentry","category-politica"],"aioseo_notices":[],"views":7,"jetpack_publicize_connections":[],"jetpack_featured_media_url":"https:\/\/i0.wp.com\/elterritorialweb.com.ar\/web\/wp-content\/uploads\/2022\/05\/AFcelac.jpg?fit=1940%2C1294&ssl=1","jetpack_sharing_enabled":true,"_links":{"self":[{"href":"https:\/\/elterritorialweb.com.ar\/web\/wp-json\/wp\/v2\/posts\/40401","targetHints":{"allow":["GET"]}}],"collection":[{"href":"https:\/\/elterritorialweb.com.ar\/web\/wp-json\/wp\/v2\/posts"}],"about":[{"href":"https:\/\/elterritorialweb.com.ar\/web\/wp-json\/wp\/v2\/types\/post"}],"author":[{"embeddable":true,"href":"https:\/\/elterritorialweb.com.ar\/web\/wp-json\/wp\/v2\/users\/2"}],"replies":[{"embeddable":true,"href":"https:\/\/elterritorialweb.com.ar\/web\/wp-json\/wp\/v2\/comments?post=40401"}],"version-history":[{"count":1,"href":"https:\/\/elterritorialweb.com.ar\/web\/wp-json\/wp\/v2\/posts\/40401\/revisions"}],"predecessor-version":[{"id":40403,"href":"https:\/\/elterritorialweb.com.ar\/web\/wp-json\/wp\/v2\/posts\/40401\/revisions\/40403"}],"wp:featuredmedia":[{"embeddable":true,"href":"https:\/\/elterritorialweb.com.ar\/web\/wp-json\/wp\/v2\/media\/40402"}],"wp:attachment":[{"href":"https:\/\/elterritorialweb.com.ar\/web\/wp-json\/wp\/v2\/media?parent=40401"}],"wp:term":[{"taxonomy":"category","embeddable":true,"href":"https:\/\/elterritorialweb.com.ar\/web\/wp-json\/wp\/v2\/categories?post=40401"},{"taxonomy":"post_tag","embeddable":true,"href":"https:\/\/elterritorialweb.com.ar\/web\/wp-json\/wp\/v2\/tags?post=40401"}],"curies":[{"name":"wp","href":"https:\/\/api.w.org\/{rel}","templated":true}]}}