{"id":40404,"date":"2022-05-24T02:22:05","date_gmt":"2022-05-24T02:22:05","guid":{"rendered":"http:\/\/elterritorialweb.com.ar\/web\/?p=40404"},"modified":"2022-05-24T02:22:06","modified_gmt":"2022-05-24T02:22:06","slug":"los-mayores-de-18-anos-ya-pueden-colocarse-el-segundo-refuerzo-contra-covid-19","status":"publish","type":"post","link":"https:\/\/elterritorialweb.com.ar\/web\/los-mayores-de-18-anos-ya-pueden-colocarse-el-segundo-refuerzo-contra-covid-19\/","title":{"rendered":"LOS MAYORES DE 18 A\u00d1OS YA PUEDEN COLOCARSE EL SEGUNDO REFUERZO CONTRA COVID-19"},"content":{"rendered":"\n<p>Los vacunatorios de Pedro Le\u00f3n Gallo en Capital y Ol\u00edmpico en La Banda retomar\u00e1n el horario extendido a partir del jueves 26 de mayo. En tanto el pr\u00f3ximo feriado del 25 de mayo abrir\u00e1n sus puertas de 8 a 12 horas.<\/p>\n\n\n\n<p>Al igual que otras provincias del pa\u00eds, Santiago ampliar\u00e1 la cobertura para todos los mayores de 18 a\u00f1os en condiciones de colocarse el segundo refuerzo. Desde el Ministerio de Salud se advirti\u00f3 que es fundamental completar los esquemas de vacunaci\u00f3n ante la cuarta ola de COVID-19 que est\u00e1 atravesando el pa\u00eds, ya que es la \u00fanica manera de estar protegidos en este invierno. <\/p>\n\n\n\n<p>Adem\u00e1s, insisti\u00f3 en continuar con las medidas de cuidado especialmente la ventilaci\u00f3n cruzada en espacios cerrados, el lavado frecuente de manos y el uso del barbijo. <\/p>\n\n\n\n<p>Los vacunatorios habilitados son: <\/p>\n\n\n\n<p>\u2022 <strong>Centro de Vacunaci\u00f3n de ciudad Capital<\/strong> (Pedro Le\u00f3n Gallo casi Av Belgrano): a partir del 26 de mayo se extender\u00e1n los horarios. De lunes a viernes de 8 a 19 horas \u2013 S\u00e1bado de 8 a 18, Domingo de 8 a 12 horas.<\/p>\n\n\n\n<p>\u2022 <strong>Centro de Vacunaci\u00f3n del Club Ciclista Ol\u00edmpico <\/strong>(Chacabuco N\u00ba 11): de lunes a viernes de 14 a 18 horas \u2013 S\u00e1bado y Domingo de 8 a 12 horas<\/p>\n\n\n\n<p>El mi\u00e9rcoles 25 de mayo, los vacunatorios de Pedro Le\u00f3n Gallo y Ol\u00edmpico estar\u00e1n habilitados de 8 a 12 hs <\/p>\n\n\n\n<p>\u2022 <strong>Centro de Vacunaci\u00f3n ubicado en el Ministerio de Salud<\/strong> (Av Belgrano (S) 2050): de lunes a viernes de 9 a 15 horas\u2022 Centro de Vacunaci\u00f3n del CIC Campo Contreras (Ing. Contreras N\u00ba 4850 de Ciudad Capital): de lunes a viernes de 8 a 18 horas<\/p>\n\n\n\n<p>\u2022 <strong>Centro de Vacunaci\u00f3n del CAPS Los Lagos <\/strong>(Av. Madre de Ciudades y Pasaje N\u00ba 487, Barrio Borges Sector Los Lagos): de lunes a viernes de 8 a 18 horas<\/p>\n\n\n\n<p>\u2022 <strong>En todas las UPAs y CAPs de Capital y La Banda <\/strong>de 7 a 19 horas<\/p>\n\n\n\n<p>\u2022 En los<strong> hospitales del interior<\/strong> de la provincia.<\/p>\n","protected":false},"excerpt":{"rendered":"<p>El Ministerio de Salud informa que, desde ma\u00f1ana 24 de mayo, todas las personas mayores de 18 a\u00f1os que hayan cumplido los 4 meses desde la \u00faltima aplicaci\u00f3n contra COVID-19 podr\u00e1n colocarse la cuarta dosis (2do refuerzo) en todos los vacunatorios permanentes, UPAs y hospitales, sin turno previo. <\/p>\n","protected":false},"author":2,"featured_media":26349,"comment_status":"open","ping_status":"open","sticky":false,"template":"","format":"standard","meta":{"om_disable_all_campaigns":false,"_monsterinsights_skip_tracking":false,"_monsterinsights_sitenote_active":false,"_monsterinsights_sitenote_note":"","_monsterinsights_sitenote_category":0,"_uf_show_specific_survey":0,"_uf_disable_surveys":false,"jetpack_post_was_ever_published":false,"_jetpack_newsletter_access":"","_jetpack_dont_email_post_to_subs":false,"_jetpack_newsletter_tier_id":0,"_jetpack_memberships_contains_paywalled_content":false,"_jetpack_memberships_contains_paid_content":false,"footnotes":"","jetpack_publicize_message":"","jetpack_publicize_feature_enabled":true,"jetpack_social_post_already_shared":false,"jetpack_social_options":{"image_generator_settings":{"template":"highway","default_image_id":0,"font":"","enabled":false},"version":2}},"categories":[3],"tags":[],"class_list":["post-40404","post","type-post","status-publish","format-standard","has-post-thumbnail","hentry","category-salud"],"aioseo_notices":[],"views":9,"jetpack_publicize_connections":[],"jetpack_featured_media_url":"https:\/\/i0.wp.com\/elterritorialweb.com.ar\/web\/wp-content\/uploads\/2021\/08\/vacunatorios-permanetes.jpg?fit=960%2C540&ssl=1","jetpack_sharing_enabled":true,"_links":{"self":[{"href":"https:\/\/elterritorialweb.com.ar\/web\/wp-json\/wp\/v2\/posts\/40404","targetHints":{"allow":["GET"]}}],"collection":[{"href":"https:\/\/elterritorialweb.com.ar\/web\/wp-json\/wp\/v2\/posts"}],"about":[{"href":"https:\/\/elterritorialweb.com.ar\/web\/wp-json\/wp\/v2\/types\/post"}],"author":[{"embeddable":true,"href":"https:\/\/elterritorialweb.com.ar\/web\/wp-json\/wp\/v2\/users\/2"}],"replies":[{"embeddable":true,"href":"https:\/\/elterritorialweb.com.ar\/web\/wp-json\/wp\/v2\/comments?post=40404"}],"version-history":[{"count":1,"href":"https:\/\/elterritorialweb.com.ar\/web\/wp-json\/wp\/v2\/posts\/40404\/revisions"}],"predecessor-version":[{"id":40405,"href":"https:\/\/elterritorialweb.com.ar\/web\/wp-json\/wp\/v2\/posts\/40404\/revisions\/40405"}],"wp:featuredmedia":[{"embeddable":true,"href":"https:\/\/elterritorialweb.com.ar\/web\/wp-json\/wp\/v2\/media\/26349"}],"wp:attachment":[{"href":"https:\/\/elterritorialweb.com.ar\/web\/wp-json\/wp\/v2\/media?parent=40404"}],"wp:term":[{"taxonomy":"category","embeddable":true,"href":"https:\/\/elterritorialweb.com.ar\/web\/wp-json\/wp\/v2\/categories?post=40404"},{"taxonomy":"post_tag","embeddable":true,"href":"https:\/\/elterritorialweb.com.ar\/web\/wp-json\/wp\/v2\/tags?post=40404"}],"curies":[{"name":"wp","href":"https:\/\/api.w.org\/{rel}","templated":true}]}}