{"id":40406,"date":"2022-05-24T02:51:22","date_gmt":"2022-05-24T02:51:22","guid":{"rendered":"http:\/\/elterritorialweb.com.ar\/web\/?p=40406"},"modified":"2022-05-24T02:55:49","modified_gmt":"2022-05-24T02:55:49","slug":"el-intendente-ruiz-recibio-a-los-ninos-del-jardin-de-infantes-copito-de-algodon","status":"publish","type":"post","link":"https:\/\/elterritorialweb.com.ar\/web\/el-intendente-ruiz-recibio-a-los-ninos-del-jardin-de-infantes-copito-de-algodon\/","title":{"rendered":"EL INTENDENTE RUIZ RECIBI\u00d3 A LOS NI\u00d1OS DEL JARD\u00cdN DE INFANTES \u00abCOPITO DE ALGODON\u00bb"},"content":{"rendered":"\n<p>En la jornada de este lunes, el jefe comunal profesor Daniel Ru\u00edz recibi\u00f3 en la municipalidad, la visita de los alumnos de la sala de 5 del turno ma\u00f1ana del Jard\u00edn \u00abCopito de Algod\u00f3n\u00bb, ubicado en el barrio Almirante Brown de la ciudad de Clodomira.<\/p>\n\n\n\n<figure class=\"wp-block-image size-large\"><a href=\"https:\/\/i0.wp.com\/elterritorialweb.com.ar\/web\/wp-content\/uploads\/2022\/05\/clodomira-jardin-1.jpg\"><img data-recalc-dims=\"1\" decoding=\"async\" width=\"640\" height=\"288\" data-src=\"https:\/\/i0.wp.com\/elterritorialweb.com.ar\/web\/wp-content\/uploads\/2022\/05\/clodomira-jardin-1.jpg?resize=640%2C288\" alt=\"\" class=\"wp-image-40408 lazyload\" data-srcset=\"https:\/\/i0.wp.com\/elterritorialweb.com.ar\/web\/wp-content\/uploads\/2022\/05\/clodomira-jardin-1.jpg?resize=1024%2C461&amp;ssl=1 1024w, https:\/\/i0.wp.com\/elterritorialweb.com.ar\/web\/wp-content\/uploads\/2022\/05\/clodomira-jardin-1.jpg?resize=300%2C135&amp;ssl=1 300w, https:\/\/i0.wp.com\/elterritorialweb.com.ar\/web\/wp-content\/uploads\/2022\/05\/clodomira-jardin-1.jpg?resize=768%2C346&amp;ssl=1 768w, https:\/\/i0.wp.com\/elterritorialweb.com.ar\/web\/wp-content\/uploads\/2022\/05\/clodomira-jardin-1.jpg?resize=1536%2C692&amp;ssl=1 1536w, https:\/\/i0.wp.com\/elterritorialweb.com.ar\/web\/wp-content\/uploads\/2022\/05\/clodomira-jardin-1.jpg?w=2048&amp;ssl=1 2048w, https:\/\/i0.wp.com\/elterritorialweb.com.ar\/web\/wp-content\/uploads\/2022\/05\/clodomira-jardin-1.jpg?w=1280 1280w, https:\/\/i0.wp.com\/elterritorialweb.com.ar\/web\/wp-content\/uploads\/2022\/05\/clodomira-jardin-1.jpg?w=1920 1920w\" data-sizes=\"(max-width: 640px) 100vw, 640px\" src=\"data:image\/svg+xml;base64,PHN2ZyB3aWR0aD0iMSIgaGVpZ2h0PSIxIiB4bWxucz0iaHR0cDovL3d3dy53My5vcmcvMjAwMC9zdmciPjwvc3ZnPg==\" style=\"--smush-placeholder-width: 640px; --smush-placeholder-aspect-ratio: 640\/288;\" \/><\/a><\/figure>\n\n\n\n<p>Los ni\u00f1os compartieron un grato momento en su visita al municipio, junto a las docentes a cargo, que los acompa\u00f1aban y guiaban, disfrutando del paseo, charlaron con el intendente que amablemente los recibi\u00f3, y que el mismo rescat\u00f3 <em>\u00abComo un ni\u00f1o de 5 a\u00f1os tiene la brillantes idea de preguntar sobre su ciudad y que les gustar\u00eda que se hagan\u00bb<\/em>, afirm\u00f3 Ru\u00edz. <\/p>\n\n\n\n<figure class=\"wp-block-image size-large\"><a href=\"https:\/\/i0.wp.com\/elterritorialweb.com.ar\/web\/wp-content\/uploads\/2022\/05\/clodomira-jardin-2.jpg\"><img data-recalc-dims=\"1\" decoding=\"async\" width=\"640\" height=\"288\" data-src=\"https:\/\/i0.wp.com\/elterritorialweb.com.ar\/web\/wp-content\/uploads\/2022\/05\/clodomira-jardin-2.jpg?resize=640%2C288\" alt=\"\" class=\"wp-image-40409 lazyload\" data-srcset=\"https:\/\/i0.wp.com\/elterritorialweb.com.ar\/web\/wp-content\/uploads\/2022\/05\/clodomira-jardin-2.jpg?resize=1024%2C461&amp;ssl=1 1024w, https:\/\/i0.wp.com\/elterritorialweb.com.ar\/web\/wp-content\/uploads\/2022\/05\/clodomira-jardin-2.jpg?resize=300%2C135&amp;ssl=1 300w, https:\/\/i0.wp.com\/elterritorialweb.com.ar\/web\/wp-content\/uploads\/2022\/05\/clodomira-jardin-2.jpg?resize=768%2C346&amp;ssl=1 768w, https:\/\/i0.wp.com\/elterritorialweb.com.ar\/web\/wp-content\/uploads\/2022\/05\/clodomira-jardin-2.jpg?resize=1536%2C692&amp;ssl=1 1536w, https:\/\/i0.wp.com\/elterritorialweb.com.ar\/web\/wp-content\/uploads\/2022\/05\/clodomira-jardin-2.jpg?w=2048&amp;ssl=1 2048w, https:\/\/i0.wp.com\/elterritorialweb.com.ar\/web\/wp-content\/uploads\/2022\/05\/clodomira-jardin-2.jpg?w=1280 1280w, https:\/\/i0.wp.com\/elterritorialweb.com.ar\/web\/wp-content\/uploads\/2022\/05\/clodomira-jardin-2.jpg?w=1920 1920w\" data-sizes=\"(max-width: 640px) 100vw, 640px\" src=\"data:image\/svg+xml;base64,PHN2ZyB3aWR0aD0iMSIgaGVpZ2h0PSIxIiB4bWxucz0iaHR0cDovL3d3dy53My5vcmcvMjAwMC9zdmciPjwvc3ZnPg==\" style=\"--smush-placeholder-width: 640px; --smush-placeholder-aspect-ratio: 640\/288;\" \/><\/a><\/figure>\n\n\n\n<p>Luego de un recorrido por el edificio de la comuna, el mandatario municipal,  Daniel Ru\u00edz agradeci\u00f3 la visita de los ni\u00f1os y docentes destacando <em>\u00abla iniciativa de la instituci\u00f3n educativa y de las docentes que asumieron la responsabilidad\u00bb.<\/em><\/p>\n","protected":false},"excerpt":{"rendered":"<p>Se vivi\u00f3 una jornada llena de alegr\u00eda por la visita de los infantes en la Comuna de la Ciudad de Clodomira. <\/p>\n","protected":false},"author":2,"featured_media":40407,"comment_status":"open","ping_status":"open","sticky":false,"template":"","format":"standard","meta":{"om_disable_all_campaigns":false,"_monsterinsights_skip_tracking":false,"_monsterinsights_sitenote_active":false,"_monsterinsights_sitenote_note":"","_monsterinsights_sitenote_category":0,"_uf_show_specific_survey":0,"_uf_disable_surveys":false,"jetpack_post_was_ever_published":false,"_jetpack_newsletter_access":"","_jetpack_dont_email_post_to_subs":false,"_jetpack_newsletter_tier_id":0,"_jetpack_memberships_contains_paywalled_content":false,"_jetpack_memberships_contains_paid_content":false,"footnotes":"","jetpack_publicize_message":"","jetpack_publicize_feature_enabled":true,"jetpack_social_post_already_shared":false,"jetpack_social_options":{"image_generator_settings":{"template":"highway","default_image_id":0,"font":"","enabled":false},"version":2}},"categories":[21],"tags":[],"class_list":["post-40406","post","type-post","status-publish","format-standard","has-post-thumbnail","hentry","category-locales"],"aioseo_notices":[],"views":9,"jetpack_publicize_connections":[],"jetpack_featured_media_url":"https:\/\/i0.wp.com\/elterritorialweb.com.ar\/web\/wp-content\/uploads\/2022\/05\/clodomira-jardin.jpg?fit=2048%2C922&ssl=1","jetpack_sharing_enabled":true,"_links":{"self":[{"href":"https:\/\/elterritorialweb.com.ar\/web\/wp-json\/wp\/v2\/posts\/40406","targetHints":{"allow":["GET"]}}],"collection":[{"href":"https:\/\/elterritorialweb.com.ar\/web\/wp-json\/wp\/v2\/posts"}],"about":[{"href":"https:\/\/elterritorialweb.com.ar\/web\/wp-json\/wp\/v2\/types\/post"}],"author":[{"embeddable":true,"href":"https:\/\/elterritorialweb.com.ar\/web\/wp-json\/wp\/v2\/users\/2"}],"replies":[{"embeddable":true,"href":"https:\/\/elterritorialweb.com.ar\/web\/wp-json\/wp\/v2\/comments?post=40406"}],"version-history":[{"count":2,"href":"https:\/\/elterritorialweb.com.ar\/web\/wp-json\/wp\/v2\/posts\/40406\/revisions"}],"predecessor-version":[{"id":40412,"href":"https:\/\/elterritorialweb.com.ar\/web\/wp-json\/wp\/v2\/posts\/40406\/revisions\/40412"}],"wp:featuredmedia":[{"embeddable":true,"href":"https:\/\/elterritorialweb.com.ar\/web\/wp-json\/wp\/v2\/media\/40407"}],"wp:attachment":[{"href":"https:\/\/elterritorialweb.com.ar\/web\/wp-json\/wp\/v2\/media?parent=40406"}],"wp:term":[{"taxonomy":"category","embeddable":true,"href":"https:\/\/elterritorialweb.com.ar\/web\/wp-json\/wp\/v2\/categories?post=40406"},{"taxonomy":"post_tag","embeddable":true,"href":"https:\/\/elterritorialweb.com.ar\/web\/wp-json\/wp\/v2\/tags?post=40406"}],"curies":[{"name":"wp","href":"https:\/\/api.w.org\/{rel}","templated":true}]}}