{"id":40413,"date":"2022-05-24T02:58:13","date_gmt":"2022-05-24T02:58:13","guid":{"rendered":"http:\/\/elterritorialweb.com.ar\/web\/?p=40413"},"modified":"2022-05-24T02:58:13","modified_gmt":"2022-05-24T02:58:13","slug":"la-municipalidad-de-la-capital-presenta-el-ciclo-poetas-del-norte-entero-de-ilustracion-musica-y-poesia","status":"publish","type":"post","link":"https:\/\/elterritorialweb.com.ar\/web\/la-municipalidad-de-la-capital-presenta-el-ciclo-poetas-del-norte-entero-de-ilustracion-musica-y-poesia\/","title":{"rendered":"LA MUNICIPALIDAD DE LA CAPITAL PRESENTA EL CICLO POETAS DEL NORTE ENTERO DE ILUSTRACI\u00d3N, M\u00daSICA Y POES\u00cdA"},"content":{"rendered":"\n<p>\u00abEsta iniciativa, que fue propuesta por el poeta salte\u00f1o Leopoldo Teuco Castilla y se replica en varias provincias del norte de nuestro pa\u00eds como Salta y Catamarca, se propone integrar las expresiones po\u00e9ticas de nuestra provincia con las de la regi\u00f3n en el reconocimiento de una historia en com\u00fan, con maneras de actuar y modos de entender el mundo similares y complementarios\u00bb, indic\u00f3 el director de Cultura, Francisco Avenda\u00f1o.<\/p>\n\n\n\n<p>\u00abLa poes\u00eda constituye a su vez una herramienta de defensa de los recursos naturales y la importancia de nuestros bosques, nuestro suelo, nuestros r\u00edos, nuestras reservas de agua y nuestra cultura como norte\u00f1os\u00bb, afirm\u00f3 el funcionario.<\/p>\n\n\n\n<p>En esta oportunidad, participar\u00e1n los poetas Carlos Artayer y Bel\u00e9n Cianferoni de la ciudad Capital, Claudia Silvetti de la ciudad de La Banda y Mat\u00edas Tejeda de la ciudad de Fr\u00edas. En tanto, el poeta salte\u00f1o Carlos Aldazabal participar\u00e1 a la distancia con la lectura de un poema por audio. Tambi\u00e9n actuar\u00e1 el m\u00fasico santiague\u00f1o Pablo Mema (h), mientras que el artista pl\u00e1stico santiague\u00f1o \u00abSr. Junco\u00bb realizar\u00e1 un dise\u00f1o e ilustraci\u00f3n alusivos a la jornada.<\/p>\n","protected":false},"excerpt":{"rendered":"<p>La Capital, a trav\u00e9s de la Direcci\u00f3n de Cultura, organizar\u00e1 un ciclo de poes\u00eda, ilustraci\u00f3n y m\u00fasica con entrada libre y gratuita llamado Poetas del Norte Entero, este jueves 26 de mayo a las 21 horas en el Centro Cultural Ricardo Rojas.<\/p>\n","protected":false},"author":2,"featured_media":40414,"comment_status":"open","ping_status":"open","sticky":false,"template":"","format":"standard","meta":{"om_disable_all_campaigns":false,"_monsterinsights_skip_tracking":false,"_monsterinsights_sitenote_active":false,"_monsterinsights_sitenote_note":"","_monsterinsights_sitenote_category":0,"_uf_show_specific_survey":0,"_uf_disable_surveys":false,"jetpack_post_was_ever_published":false,"_jetpack_newsletter_access":"","_jetpack_dont_email_post_to_subs":false,"_jetpack_newsletter_tier_id":0,"_jetpack_memberships_contains_paywalled_content":false,"_jetpack_memberships_contains_paid_content":false,"footnotes":"","jetpack_publicize_message":"","jetpack_publicize_feature_enabled":true,"jetpack_social_post_already_shared":false,"jetpack_social_options":{"image_generator_settings":{"template":"highway","default_image_id":0,"font":"","enabled":false},"version":2}},"categories":[19],"tags":[],"class_list":["post-40413","post","type-post","status-publish","format-standard","has-post-thumbnail","hentry","category-educacion"],"aioseo_notices":[],"views":8,"jetpack_publicize_connections":[],"jetpack_featured_media_url":"https:\/\/i0.wp.com\/elterritorialweb.com.ar\/web\/wp-content\/uploads\/2022\/05\/centro-cultural-Ricardo-Rojas.jpeg?fit=1280%2C594&ssl=1","jetpack_sharing_enabled":true,"_links":{"self":[{"href":"https:\/\/elterritorialweb.com.ar\/web\/wp-json\/wp\/v2\/posts\/40413","targetHints":{"allow":["GET"]}}],"collection":[{"href":"https:\/\/elterritorialweb.com.ar\/web\/wp-json\/wp\/v2\/posts"}],"about":[{"href":"https:\/\/elterritorialweb.com.ar\/web\/wp-json\/wp\/v2\/types\/post"}],"author":[{"embeddable":true,"href":"https:\/\/elterritorialweb.com.ar\/web\/wp-json\/wp\/v2\/users\/2"}],"replies":[{"embeddable":true,"href":"https:\/\/elterritorialweb.com.ar\/web\/wp-json\/wp\/v2\/comments?post=40413"}],"version-history":[{"count":1,"href":"https:\/\/elterritorialweb.com.ar\/web\/wp-json\/wp\/v2\/posts\/40413\/revisions"}],"predecessor-version":[{"id":40415,"href":"https:\/\/elterritorialweb.com.ar\/web\/wp-json\/wp\/v2\/posts\/40413\/revisions\/40415"}],"wp:featuredmedia":[{"embeddable":true,"href":"https:\/\/elterritorialweb.com.ar\/web\/wp-json\/wp\/v2\/media\/40414"}],"wp:attachment":[{"href":"https:\/\/elterritorialweb.com.ar\/web\/wp-json\/wp\/v2\/media?parent=40413"}],"wp:term":[{"taxonomy":"category","embeddable":true,"href":"https:\/\/elterritorialweb.com.ar\/web\/wp-json\/wp\/v2\/categories?post=40413"},{"taxonomy":"post_tag","embeddable":true,"href":"https:\/\/elterritorialweb.com.ar\/web\/wp-json\/wp\/v2\/tags?post=40413"}],"curies":[{"name":"wp","href":"https:\/\/api.w.org\/{rel}","templated":true}]}}