{"id":43857,"date":"2022-08-18T22:52:22","date_gmt":"2022-08-18T22:52:22","guid":{"rendered":"http:\/\/elterritorialweb.com.ar\/web\/?p=43857"},"modified":"2022-08-18T22:52:24","modified_gmt":"2022-08-18T22:52:24","slug":"hoy-comenzo-la-unse-abre-sus-puertas","status":"publish","type":"post","link":"https:\/\/elterritorialweb.com.ar\/web\/hoy-comenzo-la-unse-abre-sus-puertas\/","title":{"rendered":"HOY COMENZ\u00d3 \u201cLA UNSE ABRE SUS PUERTAS\u201d"},"content":{"rendered":"\n<p>La jornada comenz\u00f3 a alrededor de las 8.30 y se extendi\u00f3 hasta las 17.<br>M\u00e1s de 1300 estudiantes de la secundaria colmaron la sede central para conocer la oferta de carreras, los oficios que ofrece la Escuela de Artes y Oficios, las carreras y cursos de la Escuela para la Innovaci\u00f3n Educativa, adem\u00e1s de informarse sobre los servicios que presta la universidad p\u00fablica santiague\u00f1a, tales como becas, residencia estudiantil, comedor universitario, deportes, teatro y otros.<br>La organizaci\u00f3n de la UAP organiz\u00f3 a talleres y charlas a cargo de docentes e investigadores, para reflexionar sobre factores que influyen en la elecci\u00f3n vocacional.<\/p>\n\n\n\n<figure class=\"wp-block-image size-full is-resized\"><a href=\"https:\/\/i0.wp.com\/elterritorialweb.com.ar\/web\/wp-content\/uploads\/2022\/08\/WhatsApp-Image-2022-08-18-at-4.24.19-PM.jpeg\"><img data-recalc-dims=\"1\" decoding=\"async\" data-src=\"https:\/\/i0.wp.com\/elterritorialweb.com.ar\/web\/wp-content\/uploads\/2022\/08\/WhatsApp-Image-2022-08-18-at-4.24.19-PM.jpeg?resize=640%2C427\" alt=\"\" class=\"wp-image-43859 lazyload\" width=\"640\" height=\"427\" data-srcset=\"https:\/\/i0.wp.com\/elterritorialweb.com.ar\/web\/wp-content\/uploads\/2022\/08\/WhatsApp-Image-2022-08-18-at-4.24.19-PM.jpeg?w=552&amp;ssl=1 552w, https:\/\/i0.wp.com\/elterritorialweb.com.ar\/web\/wp-content\/uploads\/2022\/08\/WhatsApp-Image-2022-08-18-at-4.24.19-PM.jpeg?resize=300%2C200&amp;ssl=1 300w\" data-sizes=\"(max-width: 640px) 100vw, 640px\" src=\"data:image\/svg+xml;base64,PHN2ZyB3aWR0aD0iMSIgaGVpZ2h0PSIxIiB4bWxucz0iaHR0cDovL3d3dy53My5vcmcvMjAwMC9zdmciPjwvc3ZnPg==\" style=\"--smush-placeholder-width: 640px; --smush-placeholder-aspect-ratio: 640\/427;\" \/><\/a><\/figure>\n\n\n\n<p>La actividad comenz\u00f3 en el Paraninfo de la UNSE y luego se reparti\u00f3 por los patios, donde los estudiantes fueron recibidos por integrantes de la comunidad universitaria en stands de cada Facultad y \u00e1rea de servicios, con sus ofertas respectivas.<br>Ma\u00f1ana contin\u00faa \u201cLa UNSE Abre sus Puertas\u201c con apertura de la jornada tambi\u00e9n a las 8,30.<br>Est\u00e1 abierta no s\u00f3lo a los estudiantes, sino a cualquier persona que tenga inter\u00e9s en informarse sobre alguna carera de grado o pregrado, de toda la provincia.<\/p>\n","protected":false},"excerpt":{"rendered":"<p>Comenz\u00f3 hoy la primera Jornada de \u201cLa UNSE Abre sus Puertas\u201d (UAP) en la Universidad Nacional de Santiago de Estero (UNSE). <\/p>\n","protected":false},"author":2,"featured_media":43858,"comment_status":"open","ping_status":"open","sticky":false,"template":"","format":"standard","meta":{"om_disable_all_campaigns":false,"_monsterinsights_skip_tracking":false,"_monsterinsights_sitenote_active":false,"_monsterinsights_sitenote_note":"","_monsterinsights_sitenote_category":0,"_uf_show_specific_survey":0,"_uf_disable_surveys":false,"jetpack_post_was_ever_published":false,"_jetpack_newsletter_access":"","_jetpack_dont_email_post_to_subs":false,"_jetpack_newsletter_tier_id":0,"_jetpack_memberships_contains_paywalled_content":false,"_jetpack_memberships_contains_paid_content":false,"footnotes":"","jetpack_publicize_message":"","jetpack_publicize_feature_enabled":true,"jetpack_social_post_already_shared":false,"jetpack_social_options":{"image_generator_settings":{"template":"highway","default_image_id":0,"font":"","enabled":false},"version":2}},"categories":[19],"tags":[],"class_list":["post-43857","post","type-post","status-publish","format-standard","has-post-thumbnail","hentry","category-educacion"],"aioseo_notices":[],"views":8,"jetpack_publicize_connections":[],"jetpack_featured_media_url":"https:\/\/i0.wp.com\/elterritorialweb.com.ar\/web\/wp-content\/uploads\/2022\/08\/WhatsApp-Image-2022-08-18-at-4.24.18-PM.jpeg?fit=1280%2C853&ssl=1","jetpack_sharing_enabled":true,"_links":{"self":[{"href":"https:\/\/elterritorialweb.com.ar\/web\/wp-json\/wp\/v2\/posts\/43857","targetHints":{"allow":["GET"]}}],"collection":[{"href":"https:\/\/elterritorialweb.com.ar\/web\/wp-json\/wp\/v2\/posts"}],"about":[{"href":"https:\/\/elterritorialweb.com.ar\/web\/wp-json\/wp\/v2\/types\/post"}],"author":[{"embeddable":true,"href":"https:\/\/elterritorialweb.com.ar\/web\/wp-json\/wp\/v2\/users\/2"}],"replies":[{"embeddable":true,"href":"https:\/\/elterritorialweb.com.ar\/web\/wp-json\/wp\/v2\/comments?post=43857"}],"version-history":[{"count":1,"href":"https:\/\/elterritorialweb.com.ar\/web\/wp-json\/wp\/v2\/posts\/43857\/revisions"}],"predecessor-version":[{"id":43860,"href":"https:\/\/elterritorialweb.com.ar\/web\/wp-json\/wp\/v2\/posts\/43857\/revisions\/43860"}],"wp:featuredmedia":[{"embeddable":true,"href":"https:\/\/elterritorialweb.com.ar\/web\/wp-json\/wp\/v2\/media\/43858"}],"wp:attachment":[{"href":"https:\/\/elterritorialweb.com.ar\/web\/wp-json\/wp\/v2\/media?parent=43857"}],"wp:term":[{"taxonomy":"category","embeddable":true,"href":"https:\/\/elterritorialweb.com.ar\/web\/wp-json\/wp\/v2\/categories?post=43857"},{"taxonomy":"post_tag","embeddable":true,"href":"https:\/\/elterritorialweb.com.ar\/web\/wp-json\/wp\/v2\/tags?post=43857"}],"curies":[{"name":"wp","href":"https:\/\/api.w.org\/{rel}","templated":true}]}}