{"id":43870,"date":"2022-08-19T01:35:51","date_gmt":"2022-08-19T01:35:51","guid":{"rendered":"http:\/\/elterritorialweb.com.ar\/web\/?p=43870"},"modified":"2022-08-19T01:35:52","modified_gmt":"2022-08-19T01:35:52","slug":"huguito-flores-el-super-celebra-los-20-anos-en-el-teatro-25-de-mayo","status":"publish","type":"post","link":"https:\/\/elterritorialweb.com.ar\/web\/huguito-flores-el-super-celebra-los-20-anos-en-el-teatro-25-de-mayo\/","title":{"rendered":"HUGUITO FLORES \u00abEL SUPER\u00bb CELEBRA LOS 20 A\u00d1OS EN EL TEATRO 25 DE MAYO"},"content":{"rendered":"\n<p>\u00abHuguito Flores, El Super\u00bb celebra los 20 a\u00f1os de trayectoria dentro de la m\u00fasica a lo grande. Con una fecha en el Teatro 25 de Mayo, el 8 de septiembre desde las 21 horas, loscl\u00e1sicos y los temas actuales \u2013aquellos que superan el mill\u00f3n devisualizaciones- sonar\u00e1n en el m\u00edtico espacio provincial.<\/p>\n\n\n\n<p>\u201cManos de Tijera\u201d se estren\u00f3 elpasado julio, y junto a los dem\u00e1s videos del artista, suman un&nbsp;1.300.000 (unmill\u00f3n trescientas mil) visualizaciones. En los primeros meses de lapandemia, sus fans crearon un grupo de WhatsApp que lleg\u00f3 a los 45 mil participantes.<\/p>\n\n\n\n<p>No es noticia que la guaracha es el g\u00e9nero por excelencia en nuestra provincia, peros\u00ed lo es, que un artista justamente del ritmo sea el elegido entre las escuchasen las plataformas digitales.<\/p>\n\n\n\n<h3 class=\"wp-block-heading\">MILLONES<\/h3>\n\n\n\n<p>\u201cHuguito Flores, El Super\u201des el preferido. Comenz\u00f3 con la m\u00fasica desde ni\u00f1o, hace 20 a\u00f1os que la guarachase convirti\u00f3 en la principal pasi\u00f3n y trabajo; y un lustro que su camino comosolista lo tiene entre los elegidos del p\u00fablico.<\/p>\n\n\n\n<p>Es un torbellino creativo, que cada a\u00f1o tiene una meta por superar. En este 2022 lascanciones nuevas se volvieron apenas a un mes del estreno, en las m\u00e1sescuchadas. En Youtube, con 41 mil suscriptores, las vistas alcanzaron un n\u00famero pocas veces antes visto, el mill\u00f3n dereproducciones.<\/p>\n\n\n\n<p>La realidad de plataforma audiovisual se replica de igual manera en Spotify, unas 167 mil escuchas mensuales lo catalogan como n\u00famero uno dentro del ritmo. Sin dudas un peque\u00f1ogran imperio en las redes que el cantante e int\u00e9rprete nacido en 1965 en Campo Gallo, en el norte santiague\u00f1o, va creando.<\/p>\n\n\n\n<h3 class=\"wp-block-heading\">DESDE LA CUNA<\/h3>\n\n\n\n<p>A temprana edad ya mostraba sus dotes cantando folclore. El tiempo lo llev\u00f3 arecorrer diferentes escenarios \u2013a\u00f1os 90- \u00a0siendo la voz \u00abFenyxs\u201d, un grupo al estilo de cumbia norte\u00f1a.<\/p>\n\n\n\n<p>En 2003 recibi\u00f3 la propuesta deintegrar una banda, bajo el nombre \u201cSuper Quinteto\u201d, grupo que tom\u00f3 r\u00e1pida popularidad con un notable \u00e9xito a nivel nacional. En diciembre 2005 todo el grupo seradica en la provincia; pero ya en con un nuevo nombre, \u00abEl Supper\u00bb.<\/p>\n\n\n\n<p>En 2007 adoptan enteramente el nombre\u00bbEl Supper de Oro\u00bb y siguen recorriendo el pa\u00eds de norte a sur. Deesta manera grabaron desde 2003 para los sellos m\u00e1s importantes, tanto como\u00bbSuper Quinteto\u00bb y 12 discos posteriores como \u00abEl Supper deOro\u00bb.<\/p>\n\n\n\n<p>Durante el 2017, Hugo decide comenzar un nuevo camino, teniendo muy buena aceptaci\u00f3n del p\u00fablico con su nueva propuesta \u00abHuguito Flores El S\u00faper \u00ab.&nbsp;Enel 2020 lanz\u00f3 su primer disco titulado \u00abTe Sigo Enamorando\u00bb con el sello del NorteProducciones.<\/p>\n\n\n\n<p>Autor de m\u00e1s de 65 temas, su segundo discosolista ya tiene cosecha segura. Con p\u00fablico que escucha sus canciones en Chile,Espa\u00f1a, Italia, Uruguay, Bolivia, Paraguay; y en Argentina, desde Buenos Aires,C\u00f3rdoba y Santa Fe principalmente, demuestra no solo el crecimiento sino lafidelidad al estilo que propone el s\u00faper santiague\u00f1o de la guaracha, Huguito Flores.<\/p>\n\n\n\n<h3 class=\"wp-block-heading\">REDES NO, REDES S\u00cd <\/h3>\n\n\n\n<p>Huguito hizo referencia en cuanto a lasredes sociales, a trabajar tambi\u00e9n desde ah\u00ed. Al respecto mencion\u00f3:\u00bbSimplemente no le daba la importancia que le ten\u00eda que dar profesionalmente. Nunca tuveFacebook. Dejaba que mis m\u00fasicos armaron cuentas como \u201clos m\u00fasicos de Huguito\u201d, o parecido.\u00a0Hab\u00edacuentas truchas en mi nombre, y lagente no cre\u00eda demasiado.<\/p>\n\n\n\n<p>Siempre estuve activo, m\u00e1s all\u00e1 que no era yo el queescrib\u00eda en esas cuentas.&nbsp;Cuando hice la \u201coficial\u201d, tanto las cuentas de Facebook e Instagram, se sumaron muchos m\u00e1s seguidores. En YouTube tambi\u00e9n. Es impresionante.<\/p>\n\n\n\n<p>Hasta crearon un grupo de WhatsApp por m\u00ed, que ya tiene 45 mil participantes. Sincreer demasiado en ellas, hoy me manejo en todas con mucha soltura y gracias ala insistencia y apoyo de mi productor\u00bb.<\/p>\n\n\n\n<p><em>&nbsp;&nbsp;-Y si faltaba algopara sumar a internet de Huguito Flores, fueron los streaming.<\/em><br>En relaci\u00f3n a su pas\u00f3 por la herramienta, dijo:\u00bbFue una experiencia nueva. Antes hab\u00eda dicho que no me gustaba cantar por intermedio deuna pantalla, me sent\u00eda inc\u00f3modo.<\/p>\n\n\n\n<p>Me gusta cantar para la gente, pero con interlocuci\u00f3n. Con al menos una entrevista de por medio, una charla. Es dif\u00edcil cuando uno est\u00e1 solo.&nbsp; Es fr\u00edo. No estoy acostumbrado.<\/p>\n\n\n\n<p>Realmenteno me gusta el streaming en las cuentas personales, pero realice uno con mism\u00fasicos, con mucha complicidad, diversi\u00f3n. Eso transmitimos en la pantalla enel 2020, en el primer streaming que dur\u00f3 una hora y media, con vestuario y todauna gran producci\u00f3n\u00bb.<\/p>\n\n\n\n<p><em>&nbsp;-Por \u00faltimo, sobre su producci\u00f3n, que incluye el vestuario y la puesta en escena, no dej\u00f3 un detalle por&nbsp;expresar:<\/em><br>Yo siempre me hice cargo. Nos juntamos todos a comprar la misma ropa. Son chicos j\u00f3venes quieren vestirse a la moda. Me ayorno a ellos, al estilo que usan. Con el saco, los pantalones chup\u00edn, los corbatines.&nbsp;<\/p>\n\n\n\n<p>No tengo la edad de los pibes, pero me acomodo. Como les digo a ellos, soy viejito pero tengo toda la onda (risas).<\/p>\n\n\n\n<p>Hoy llegamos a otras personas de niveles sociales. No son iguales todos los bailes.&nbsp;Todo va evolucionando.&nbsp;<\/p>\n\n\n\n<p><strong>ENTRADAS<\/strong><br>Las entradas para la actuaci\u00f3n en el teatro se pueden conseguir en la propia boletar\u00eda del teatro o bien a trav\u00e9s denorteticket.com. \u00a0<\/p>\n\n\n\n<p><strong>REDES<\/strong><br>Para sumarse a las redes del artista santiague\u00f1o:<\/p>\n\n\n\n<p>APPLE MUSIC<br>-https:\/\/music.apple.com\/ar\/album\/te-hubieras-ido-antes\/1512560477?i=1512560489<\/p>\n\n\n\n<p>SPOTIFY<br>-https:\/\/open.spotify.com\/artist\/4Jiwh0RF8Cilfpe6JGvWlR?autoplay=true<\/p>\n\n\n\n<p>YOUTUBE<br>-https:\/\/www.youtube.com\/channel\/UC4CWuRz2pdufX2UN9NYccYA<\/p>\n\n\n\n<p>INSTAGRAM<br>-https:\/\/www.instagram.com\/huguitofloreselsuperoficial\/?hl=es<\/p>\n\n\n\n<p>FACEBOOK<br>-https:\/\/www.facebook.com\/HuguitoFloresElSuper<\/p>\n\n\n\n<p>TIKTOK<br>-https:\/\/www.tiktok.com\/@huguitofloresok?lang=es<\/p>\n","protected":false},"excerpt":{"rendered":"<p>Se presentar\u00e1 el 8 de Septiembre en el coliseo mayor a las 21 horas.<\/p>\n","protected":false},"author":2,"featured_media":43871,"comment_status":"open","ping_status":"open","sticky":false,"template":"","format":"standard","meta":{"om_disable_all_campaigns":false,"_monsterinsights_skip_tracking":false,"_monsterinsights_sitenote_active":false,"_monsterinsights_sitenote_note":"","_monsterinsights_sitenote_category":0,"_uf_show_specific_survey":0,"_uf_disable_surveys":false,"jetpack_post_was_ever_published":false,"_jetpack_newsletter_access":"","_jetpack_dont_email_post_to_subs":false,"_jetpack_newsletter_tier_id":0,"_jetpack_memberships_contains_paywalled_content":false,"_jetpack_memberships_contains_paid_content":false,"footnotes":"","jetpack_publicize_message":"","jetpack_publicize_feature_enabled":true,"jetpack_social_post_already_shared":false,"jetpack_social_options":{"image_generator_settings":{"template":"highway","default_image_id":0,"font":"","enabled":false},"version":2}},"categories":[20],"tags":[],"class_list":["post-43870","post","type-post","status-publish","format-standard","has-post-thumbnail","hentry","category-especysociales"],"aioseo_notices":[],"views":256,"jetpack_publicize_connections":[],"jetpack_featured_media_url":"https:\/\/i0.wp.com\/elterritorialweb.com.ar\/web\/wp-content\/uploads\/2022\/08\/WhatsApp-Image-2022-08-18-at-1.39.36-PM.jpeg?fit=963%2C936&ssl=1","jetpack_sharing_enabled":true,"_links":{"self":[{"href":"https:\/\/elterritorialweb.com.ar\/web\/wp-json\/wp\/v2\/posts\/43870","targetHints":{"allow":["GET"]}}],"collection":[{"href":"https:\/\/elterritorialweb.com.ar\/web\/wp-json\/wp\/v2\/posts"}],"about":[{"href":"https:\/\/elterritorialweb.com.ar\/web\/wp-json\/wp\/v2\/types\/post"}],"author":[{"embeddable":true,"href":"https:\/\/elterritorialweb.com.ar\/web\/wp-json\/wp\/v2\/users\/2"}],"replies":[{"embeddable":true,"href":"https:\/\/elterritorialweb.com.ar\/web\/wp-json\/wp\/v2\/comments?post=43870"}],"version-history":[{"count":1,"href":"https:\/\/elterritorialweb.com.ar\/web\/wp-json\/wp\/v2\/posts\/43870\/revisions"}],"predecessor-version":[{"id":43872,"href":"https:\/\/elterritorialweb.com.ar\/web\/wp-json\/wp\/v2\/posts\/43870\/revisions\/43872"}],"wp:featuredmedia":[{"embeddable":true,"href":"https:\/\/elterritorialweb.com.ar\/web\/wp-json\/wp\/v2\/media\/43871"}],"wp:attachment":[{"href":"https:\/\/elterritorialweb.com.ar\/web\/wp-json\/wp\/v2\/media?parent=43870"}],"wp:term":[{"taxonomy":"category","embeddable":true,"href":"https:\/\/elterritorialweb.com.ar\/web\/wp-json\/wp\/v2\/categories?post=43870"},{"taxonomy":"post_tag","embeddable":true,"href":"https:\/\/elterritorialweb.com.ar\/web\/wp-json\/wp\/v2\/tags?post=43870"}],"curies":[{"name":"wp","href":"https:\/\/api.w.org\/{rel}","templated":true}]}}