{"id":43919,"date":"2022-08-20T05:30:09","date_gmt":"2022-08-20T05:30:09","guid":{"rendered":"http:\/\/elterritorialweb.com.ar\/web\/?p=43919"},"modified":"2022-08-20T05:30:11","modified_gmt":"2022-08-20T05:30:11","slug":"impulsan-una-iniciativa-para-fortalecer-el-diagnostico-y-tratamiento-de-infecciones","status":"publish","type":"post","link":"https:\/\/elterritorialweb.com.ar\/web\/impulsan-una-iniciativa-para-fortalecer-el-diagnostico-y-tratamiento-de-infecciones\/","title":{"rendered":"IMPULSAN UNA INICIATIVA PARA FORTALECER EL DIAGN\u00d3STICO Y TRATAMIENTO DE INFECCIONES"},"content":{"rendered":"\n<p>Durante el encuentro compartieron los lineamientos de diagn\u00f3stico y tratamiento para el control de la transmisi\u00f3n materno infantil de estas infecciones, en el marco de la iniciativa ETMI-Plus con el apoyo de Organizaci\u00f3n Panamericana de la Salud (OPS) y se avanz\u00f3 en las herramientas necesarias para fortalecer esta pol\u00edtica sanitaria.<br>La Dra. Ceriotto explic\u00f3 que se acord\u00f3 \u201cla creaci\u00f3n de una mesa de gesti\u00f3n integrada para lo que es la iniciativa ETMI-PLUS para dar pasos adelante en la eliminaci\u00f3n de estas infecciones\u201d. \u201cLa ministra se mostr\u00f3 muy receptiva a este pedido y acordamos el inicio formal de este espacio de gesti\u00f3n para avanzar en un tema que es central para la salud de madres y ni\u00f1os\u201d, afirm\u00f3.<br>Por su parte, la ministra Nassif se\u00f1al\u00f3 que se trata de una pol\u00edtica p\u00fablica muy importante y una prioridad que se est\u00e1 impulsando junto a OPS y el Ministerio de Salud de la Naci\u00f3n con el objetivo avanzar en herramientas efectivas de diagn\u00f3stico y tratamiento para ser utilizados en todo el sistema sanitario.<\/p>\n","protected":false},"excerpt":{"rendered":"<p>La ministra de Salud, Lic. Natividad Nassif, mantuvo una reuni\u00f3n de trabajo con la directora nacional de Respuesta al VIH, ITS, Tuberculosis y Hepatitis Viral, Dra. Mariana Ceriotto, junto a la referente local y coordinadora del Programa Sumar, Dra. Luc\u00eda Abdulajad, y la directora Enfermedades Transmisibles por Vectores, Dra. Sandra Se\u00fa.<\/p>\n","protected":false},"author":2,"featured_media":43920,"comment_status":"open","ping_status":"open","sticky":false,"template":"","format":"standard","meta":{"om_disable_all_campaigns":false,"_monsterinsights_skip_tracking":false,"_monsterinsights_sitenote_active":false,"_monsterinsights_sitenote_note":"","_monsterinsights_sitenote_category":0,"_uf_show_specific_survey":0,"_uf_disable_surveys":false,"jetpack_post_was_ever_published":false,"_jetpack_newsletter_access":"","_jetpack_dont_email_post_to_subs":false,"_jetpack_newsletter_tier_id":0,"_jetpack_memberships_contains_paywalled_content":false,"_jetpack_memberships_contains_paid_content":false,"footnotes":"","jetpack_publicize_message":"","jetpack_publicize_feature_enabled":true,"jetpack_social_post_already_shared":false,"jetpack_social_options":{"image_generator_settings":{"template":"highway","default_image_id":0,"font":"","enabled":false},"version":2}},"categories":[3],"tags":[],"class_list":["post-43919","post","type-post","status-publish","format-standard","has-post-thumbnail","hentry","category-salud"],"aioseo_notices":[],"views":8,"jetpack_publicize_connections":[],"jetpack_featured_media_url":"https:\/\/i0.wp.com\/elterritorialweb.com.ar\/web\/wp-content\/uploads\/2022\/08\/WhatsApp-Image-2022-08-19-at-9.13.28-PM.jpeg?fit=1280%2C843&ssl=1","jetpack_sharing_enabled":true,"_links":{"self":[{"href":"https:\/\/elterritorialweb.com.ar\/web\/wp-json\/wp\/v2\/posts\/43919","targetHints":{"allow":["GET"]}}],"collection":[{"href":"https:\/\/elterritorialweb.com.ar\/web\/wp-json\/wp\/v2\/posts"}],"about":[{"href":"https:\/\/elterritorialweb.com.ar\/web\/wp-json\/wp\/v2\/types\/post"}],"author":[{"embeddable":true,"href":"https:\/\/elterritorialweb.com.ar\/web\/wp-json\/wp\/v2\/users\/2"}],"replies":[{"embeddable":true,"href":"https:\/\/elterritorialweb.com.ar\/web\/wp-json\/wp\/v2\/comments?post=43919"}],"version-history":[{"count":1,"href":"https:\/\/elterritorialweb.com.ar\/web\/wp-json\/wp\/v2\/posts\/43919\/revisions"}],"predecessor-version":[{"id":43921,"href":"https:\/\/elterritorialweb.com.ar\/web\/wp-json\/wp\/v2\/posts\/43919\/revisions\/43921"}],"wp:featuredmedia":[{"embeddable":true,"href":"https:\/\/elterritorialweb.com.ar\/web\/wp-json\/wp\/v2\/media\/43920"}],"wp:attachment":[{"href":"https:\/\/elterritorialweb.com.ar\/web\/wp-json\/wp\/v2\/media?parent=43919"}],"wp:term":[{"taxonomy":"category","embeddable":true,"href":"https:\/\/elterritorialweb.com.ar\/web\/wp-json\/wp\/v2\/categories?post=43919"},{"taxonomy":"post_tag","embeddable":true,"href":"https:\/\/elterritorialweb.com.ar\/web\/wp-json\/wp\/v2\/tags?post=43919"}],"curies":[{"name":"wp","href":"https:\/\/api.w.org\/{rel}","templated":true}]}}