{"id":43922,"date":"2022-08-20T12:07:37","date_gmt":"2022-08-20T12:07:37","guid":{"rendered":"http:\/\/elterritorialweb.com.ar\/web\/?p=43922"},"modified":"2022-08-20T12:07:37","modified_gmt":"2022-08-20T12:07:37","slug":"detienen-a-una-enfermera-por-la-muerte-de-los-bebes-en-cordoba","status":"publish","type":"post","link":"https:\/\/elterritorialweb.com.ar\/web\/detienen-a-una-enfermera-por-la-muerte-de-los-bebes-en-cordoba\/","title":{"rendered":"DETIENEN A UNA ENFERMERA POR LA MUERTE DE LOS BEBES EN C\u00d3RDOBA"},"content":{"rendered":"\n<p>Una enfermera fue detenida e imputada en la tarde de este viernes por la Justicia de C\u00f3rdoba por estar supuestamente vinculada con las muertes de al menos\u00a0<strong>cinco beb\u00e9s que nacieron sanos en el <a href=\"http:\/\/elterritorialweb.com.ar\/web\/conmocion-por-la-muerte-de-cinco-bebes-en-el-hospital-materno-neonatal-de-cordoba\/\" data-type=\"URL\" data-id=\"http:\/\/elterritorialweb.com.ar\/web\/conmocion-por-la-muerte-de-cinco-bebes-en-el-hospital-materno-neonatal-de-cordoba\/\">Hospital Neonatal<\/a> entre marzo y junio pasado<\/strong>, informaron fuentes judiciales.<\/p>\n\n\n\n<p>Se trata de Brenda Ag\u00fcero, de 27 a\u00f1os, quien fue acusada de \u00abhomicidio calificado reiterado\u00bb tras ser aprehendida en la localidad de R\u00edo Ceballos, en las sierras Chicas, a unos 20 kil\u00f3metros de la capital provincial.<\/p>\n\n\n\n<p>La mujer&nbsp;<strong>es una de las nueve personas empleadas del Hospital Neonatal que fueron apartadas de sus cargos<\/strong>&nbsp;cuando se hizo p\u00fablica la situaci\u00f3n la semana pasada, seg\u00fan una disposici\u00f3n del Ministerio de Salud provincial.<\/p>\n\n\n\n<p>La detenci\u00f3n de la enfermera lleg\u00f3 por orden del fiscal de instrucci\u00f3n Ra\u00fal Garz\u00f3n.<\/p>\n\n\n\n<p><strong>Ag\u00fcero prestaba servicios en el hospital desde diciembre de 2020<\/strong>&nbsp;y no contaba con antecedentes de problemas laborales ni personales.<\/p>\n\n\n\n<p>Adem\u00e1s, el fiscal Garz\u00f3n imput\u00f3 a tres exdirectivos del Neonatal, una de ellas la exdirectora, Liliana As\u00eds, quienes se encuentran acusados por responsabilidades mediatas, vinculadas a su funci\u00f3n, como la omisi\u00f3n de deberes de funcionario p\u00fablico.<\/p>\n\n\n\n<p>Hasta el momento, son cinco los casos de beb\u00e9s fallecidos que investiga la justicia, aunque diariamente&nbsp;<strong>se siguen sumando testimonios sobre hechos similares<\/strong>&nbsp;o casos en que los beb\u00e9s lograron sobrevivir luego de padecer descompensaciones por cuadros cr\u00edticos semejantes, y sin respuestas de los profesionales de la salud.<\/p>\n\n\n\n<p>La investigaci\u00f3n judicial lleva m\u00e1s de una semana desde que se conoci\u00f3 el caso.<\/p>\n\n\n\n<p>Fuentes vinculadas a la investigaci\u00f3n sostienen que el fiscal Garz\u00f3n contin\u00faa trabajando en la recepci\u00f3n de elementos de pruebas, y a la vez est\u00e1 a la espera de los resultados vinculados a las historias cl\u00ednicas, los informes de autopsias y los suministros farmacol\u00f3gicos, particularmente sobre la dosificaci\u00f3n de potasio.<\/p>\n\n\n\n<p>El fiscal trabaja sobre varias l\u00edneas hipot\u00e9ticas, como la&nbsp;<strong>presunta \u201cmala praxis\u201d u \u201chomicidio intencional\u201d<\/strong>.<\/p>\n","protected":false},"excerpt":{"rendered":"<p>Se trata de Brenda Ag\u00fcero, de 27 a\u00f1os, quien fue aprehendida en la localidad de R\u00edo Ceballos, en las sierras Chicas, a unos 20 kil\u00f3metros de la capital provincial.<\/p>\n","protected":false},"author":2,"featured_media":43923,"comment_status":"open","ping_status":"open","sticky":false,"template":"","format":"standard","meta":{"om_disable_all_campaigns":false,"_monsterinsights_skip_tracking":false,"_monsterinsights_sitenote_active":false,"_monsterinsights_sitenote_note":"","_monsterinsights_sitenote_category":0,"_uf_show_specific_survey":0,"_uf_disable_surveys":false,"jetpack_post_was_ever_published":false,"_jetpack_newsletter_access":"","_jetpack_dont_email_post_to_subs":false,"_jetpack_newsletter_tier_id":0,"_jetpack_memberships_contains_paywalled_content":false,"_jetpack_memberships_contains_paid_content":false,"footnotes":"","jetpack_publicize_message":"","jetpack_publicize_feature_enabled":true,"jetpack_social_post_already_shared":false,"jetpack_social_options":{"image_generator_settings":{"template":"highway","default_image_id":0,"font":"","enabled":false},"version":2}},"categories":[7],"tags":[],"class_list":["post-43922","post","type-post","status-publish","format-standard","has-post-thumbnail","hentry","category-nacionales"],"aioseo_notices":[],"views":10,"jetpack_publicize_connections":[],"jetpack_featured_media_url":"https:\/\/i0.wp.com\/elterritorialweb.com.ar\/web\/wp-content\/uploads\/2022\/08\/HOSPITAL-NEONATAL.jpg?fit=900%2C506&ssl=1","jetpack_sharing_enabled":true,"_links":{"self":[{"href":"https:\/\/elterritorialweb.com.ar\/web\/wp-json\/wp\/v2\/posts\/43922","targetHints":{"allow":["GET"]}}],"collection":[{"href":"https:\/\/elterritorialweb.com.ar\/web\/wp-json\/wp\/v2\/posts"}],"about":[{"href":"https:\/\/elterritorialweb.com.ar\/web\/wp-json\/wp\/v2\/types\/post"}],"author":[{"embeddable":true,"href":"https:\/\/elterritorialweb.com.ar\/web\/wp-json\/wp\/v2\/users\/2"}],"replies":[{"embeddable":true,"href":"https:\/\/elterritorialweb.com.ar\/web\/wp-json\/wp\/v2\/comments?post=43922"}],"version-history":[{"count":1,"href":"https:\/\/elterritorialweb.com.ar\/web\/wp-json\/wp\/v2\/posts\/43922\/revisions"}],"predecessor-version":[{"id":43924,"href":"https:\/\/elterritorialweb.com.ar\/web\/wp-json\/wp\/v2\/posts\/43922\/revisions\/43924"}],"wp:featuredmedia":[{"embeddable":true,"href":"https:\/\/elterritorialweb.com.ar\/web\/wp-json\/wp\/v2\/media\/43923"}],"wp:attachment":[{"href":"https:\/\/elterritorialweb.com.ar\/web\/wp-json\/wp\/v2\/media?parent=43922"}],"wp:term":[{"taxonomy":"category","embeddable":true,"href":"https:\/\/elterritorialweb.com.ar\/web\/wp-json\/wp\/v2\/categories?post=43922"},{"taxonomy":"post_tag","embeddable":true,"href":"https:\/\/elterritorialweb.com.ar\/web\/wp-json\/wp\/v2\/tags?post=43922"}],"curies":[{"name":"wp","href":"https:\/\/api.w.org\/{rel}","templated":true}]}}