{"id":43925,"date":"2022-08-20T21:57:18","date_gmt":"2022-08-20T21:57:18","guid":{"rendered":"http:\/\/elterritorialweb.com.ar\/web\/?p=43925"},"modified":"2022-08-20T21:57:19","modified_gmt":"2022-08-20T21:57:19","slug":"el-ministerio-de-salud-lanzo-el-sistema-informatico-perinatal-plus","status":"publish","type":"post","link":"https:\/\/elterritorialweb.com.ar\/web\/el-ministerio-de-salud-lanzo-el-sistema-informatico-perinatal-plus\/","title":{"rendered":"EL MINISTERIO DE SALUD LANZ\u00d3 EL SISTEMA INFORM\u00c1TICO PERINATAL PLUS"},"content":{"rendered":"\n<p>Santiago del Estero ser\u00e1 la sexta provincia del pa\u00eds que lo pone en marcha con la ventaja que posee en la actualizaci\u00f3n del uso online y carga en tiempo real de las historias cl\u00ednicas.<br>Para dar inicio a la implementaci\u00f3n del SIP Plus, se llev\u00f3 a cabo una reuni\u00f3n de trabajo entre la Direcci\u00f3n de Maternidad e Infancia y los diferentes efectores de salud del primer y segundo nivel de atenci\u00f3n.<br>La misma estuvo encabezada por el subsecretario de Salud, Dr. C\u00e9sar Monti, y el director de Maternidad e Infancia, Dr. Pedro Carrizo. Tambi\u00e9n asistieron los directores de Desarrollo Social y Salud Comunitaria, Lic. Gonzalo Ter\u00e1n; y de Inform\u00e1tica, Ing. Daniel Ram\u00edrez, adem\u00e1s de las autoridades y jefes de maternidad de los Hospitales Regional, CIS Termas, CIS Banda, y coordinadores de UPA.<\/p>\n\n\n\n<figure class=\"wp-block-image size-large\"><a href=\"https:\/\/i0.wp.com\/elterritorialweb.com.ar\/web\/wp-content\/uploads\/2022\/08\/WhatsApp-Image-2022-08-19-at-10.02.59-PM-1.jpeg\"><img data-recalc-dims=\"1\" decoding=\"async\" width=\"640\" height=\"477\" data-src=\"https:\/\/i0.wp.com\/elterritorialweb.com.ar\/web\/wp-content\/uploads\/2022\/08\/WhatsApp-Image-2022-08-19-at-10.02.59-PM-1.jpeg?resize=640%2C477\" alt=\"\" class=\"wp-image-43927 lazyload\" data-srcset=\"https:\/\/i0.wp.com\/elterritorialweb.com.ar\/web\/wp-content\/uploads\/2022\/08\/WhatsApp-Image-2022-08-19-at-10.02.59-PM-1.jpeg?resize=1024%2C763&amp;ssl=1 1024w, https:\/\/i0.wp.com\/elterritorialweb.com.ar\/web\/wp-content\/uploads\/2022\/08\/WhatsApp-Image-2022-08-19-at-10.02.59-PM-1.jpeg?resize=300%2C224&amp;ssl=1 300w, https:\/\/i0.wp.com\/elterritorialweb.com.ar\/web\/wp-content\/uploads\/2022\/08\/WhatsApp-Image-2022-08-19-at-10.02.59-PM-1.jpeg?resize=768%2C572&amp;ssl=1 768w, https:\/\/i0.wp.com\/elterritorialweb.com.ar\/web\/wp-content\/uploads\/2022\/08\/WhatsApp-Image-2022-08-19-at-10.02.59-PM-1.jpeg?w=1280&amp;ssl=1 1280w\" data-sizes=\"(max-width: 640px) 100vw, 640px\" src=\"data:image\/svg+xml;base64,PHN2ZyB3aWR0aD0iMSIgaGVpZ2h0PSIxIiB4bWxucz0iaHR0cDovL3d3dy53My5vcmcvMjAwMC9zdmciPjwvc3ZnPg==\" style=\"--smush-placeholder-width: 640px; --smush-placeholder-aspect-ratio: 640\/477;\" \/><\/a><\/figure>\n\n\n\n<p>El Dr. Monti se refiri\u00f3 a los beneficios que conlleva la implementaci\u00f3n del sistema inform\u00e1tico perinatal. \u201cA trav\u00e9s del SIP Plus se identifica a la paciente en sus primeros d\u00edas de embarazo, y se realiza un seguimiento hasta el final del mismo. Actualmente se realiza la carga de la historia cl\u00ednica mediante el carnet perinatal y gracias a este nuevo sistema, lograremos avanzar en la carga de datos en tiempo real y que estar\u00e1 disponible para todos los efectores. Tambi\u00e9n se agregan datos, como enfermedades previas que pueda tener la paciente, que acompa\u00f1ar\u00e1n en su tratamiento integral y a su beb\u00e9\u201d, explic\u00f3.<br>Por su parte, Carolina P\u00e9cora coment\u00f3 sobre los efectores que contar\u00e1n con el SIP Plus. \u201cA partir de esta reuni\u00f3n, se iniciar\u00e1 con una prueba piloto en las maternidades de los Hospitales Regional, CIS Banda, CIS Termas, Hospital Zonal de Fr\u00edas, como tambi\u00e9n en las UPAS del barrio Reconquista en ciudad Capital y del barrio El Cruce en La Banda. El sistema se est\u00e1 implementando en otras provincias del pa\u00eds, como Neuqu\u00e9n, San Juan, Jujuy, y actualmente iniciamos con el proceso de prueba en Santiago del Estero\u201d, se\u00f1al\u00f3.<\/p>\n\n\n\n<figure class=\"wp-block-image size-large\"><a href=\"https:\/\/i0.wp.com\/elterritorialweb.com.ar\/web\/wp-content\/uploads\/2022\/08\/WhatsApp-Image-2022-08-19-at-10.02.59-PM-2.jpeg\"><img data-recalc-dims=\"1\" decoding=\"async\" width=\"640\" height=\"464\" data-src=\"https:\/\/i0.wp.com\/elterritorialweb.com.ar\/web\/wp-content\/uploads\/2022\/08\/WhatsApp-Image-2022-08-19-at-10.02.59-PM-2.jpeg?resize=640%2C464\" alt=\"\" class=\"wp-image-43928 lazyload\" data-srcset=\"https:\/\/i0.wp.com\/elterritorialweb.com.ar\/web\/wp-content\/uploads\/2022\/08\/WhatsApp-Image-2022-08-19-at-10.02.59-PM-2.jpeg?resize=1024%2C743&amp;ssl=1 1024w, https:\/\/i0.wp.com\/elterritorialweb.com.ar\/web\/wp-content\/uploads\/2022\/08\/WhatsApp-Image-2022-08-19-at-10.02.59-PM-2.jpeg?resize=300%2C218&amp;ssl=1 300w, https:\/\/i0.wp.com\/elterritorialweb.com.ar\/web\/wp-content\/uploads\/2022\/08\/WhatsApp-Image-2022-08-19-at-10.02.59-PM-2.jpeg?resize=768%2C557&amp;ssl=1 768w, https:\/\/i0.wp.com\/elterritorialweb.com.ar\/web\/wp-content\/uploads\/2022\/08\/WhatsApp-Image-2022-08-19-at-10.02.59-PM-2.jpeg?w=1280&amp;ssl=1 1280w\" data-sizes=\"(max-width: 640px) 100vw, 640px\" src=\"data:image\/svg+xml;base64,PHN2ZyB3aWR0aD0iMSIgaGVpZ2h0PSIxIiB4bWxucz0iaHR0cDovL3d3dy53My5vcmcvMjAwMC9zdmciPjwvc3ZnPg==\" style=\"--smush-placeholder-width: 640px; --smush-placeholder-aspect-ratio: 640\/464;\" \/><\/a><\/figure>\n\n\n\n<p>Para finalizar, el Dr. Mart\u00ednez, director del CIS Termas, uno de los centros de salud en el cual se implementar\u00e1 el SIP Plus, hizo referencia al mismo: \u201cLas nuevas tecnolog\u00edas que surgen en el horizonte sanitario nos permitir\u00e1 interactuar de mejor forma con los distintos efectores de la provincia y conectarnos ante la necesidad de saber la historia cl\u00ednica del paciente. En caso de derivaci\u00f3n de pacientes a Capital, se podr\u00e1 visualizar las pr\u00e1cticas y controles que se fueron realizando, como tambi\u00e9n las patolog\u00edas previas\u201d.<br>El SIP consta con herramientas inform\u00e1ticas para el an\u00e1lisis de los datos registrados en los m\u00f3dulos cl\u00ednicos, siendo utilizado en los servicios de gineco-obstetricia y neonatolog\u00eda. Estas herramientas permiten generar reportes autom\u00e1ticos de grupos de indicadores demogr\u00e1ficos, carga de enfermedad, intervenciones y resultados.<\/p>\n","protected":false},"excerpt":{"rendered":"<p>El Ministerio de Salud de la provincia lanz\u00f3 este viernes Sistema Inform\u00e1tico Perinatal Plus, un mecanismo de registro cl\u00ednico de la atenci\u00f3n de la mujer durante el embarazo, parto y del reci\u00e9n nacido desarrollado por OPS que supera el utilizado actualmente y que se realizar\u00e1 como prueba piloto en cuatro hospitales y dos Upas de la provincia. <\/p>\n","protected":false},"author":2,"featured_media":43929,"comment_status":"open","ping_status":"open","sticky":false,"template":"","format":"standard","meta":{"om_disable_all_campaigns":false,"_monsterinsights_skip_tracking":false,"_monsterinsights_sitenote_active":false,"_monsterinsights_sitenote_note":"","_monsterinsights_sitenote_category":0,"_uf_show_specific_survey":0,"_uf_disable_surveys":false,"jetpack_post_was_ever_published":false,"_jetpack_newsletter_access":"","_jetpack_dont_email_post_to_subs":false,"_jetpack_newsletter_tier_id":0,"_jetpack_memberships_contains_paywalled_content":false,"_jetpack_memberships_contains_paid_content":false,"footnotes":"","jetpack_publicize_message":"","jetpack_publicize_feature_enabled":true,"jetpack_social_post_already_shared":false,"jetpack_social_options":{"image_generator_settings":{"template":"highway","default_image_id":0,"font":"","enabled":false},"version":2}},"categories":[3],"tags":[],"class_list":["post-43925","post","type-post","status-publish","format-standard","has-post-thumbnail","hentry","category-salud"],"aioseo_notices":[],"views":10,"jetpack_publicize_connections":[],"jetpack_featured_media_url":"https:\/\/i0.wp.com\/elterritorialweb.com.ar\/web\/wp-content\/uploads\/2022\/08\/WhatsApp-Image-2022-08-19-at-10.02.59-PM.jpeg?fit=1280%2C885&ssl=1","jetpack_sharing_enabled":true,"_links":{"self":[{"href":"https:\/\/elterritorialweb.com.ar\/web\/wp-json\/wp\/v2\/posts\/43925","targetHints":{"allow":["GET"]}}],"collection":[{"href":"https:\/\/elterritorialweb.com.ar\/web\/wp-json\/wp\/v2\/posts"}],"about":[{"href":"https:\/\/elterritorialweb.com.ar\/web\/wp-json\/wp\/v2\/types\/post"}],"author":[{"embeddable":true,"href":"https:\/\/elterritorialweb.com.ar\/web\/wp-json\/wp\/v2\/users\/2"}],"replies":[{"embeddable":true,"href":"https:\/\/elterritorialweb.com.ar\/web\/wp-json\/wp\/v2\/comments?post=43925"}],"version-history":[{"count":1,"href":"https:\/\/elterritorialweb.com.ar\/web\/wp-json\/wp\/v2\/posts\/43925\/revisions"}],"predecessor-version":[{"id":43931,"href":"https:\/\/elterritorialweb.com.ar\/web\/wp-json\/wp\/v2\/posts\/43925\/revisions\/43931"}],"wp:featuredmedia":[{"embeddable":true,"href":"https:\/\/elterritorialweb.com.ar\/web\/wp-json\/wp\/v2\/media\/43929"}],"wp:attachment":[{"href":"https:\/\/elterritorialweb.com.ar\/web\/wp-json\/wp\/v2\/media?parent=43925"}],"wp:term":[{"taxonomy":"category","embeddable":true,"href":"https:\/\/elterritorialweb.com.ar\/web\/wp-json\/wp\/v2\/categories?post=43925"},{"taxonomy":"post_tag","embeddable":true,"href":"https:\/\/elterritorialweb.com.ar\/web\/wp-json\/wp\/v2\/tags?post=43925"}],"curies":[{"name":"wp","href":"https:\/\/api.w.org\/{rel}","templated":true}]}}