{"id":43932,"date":"2022-08-20T22:44:11","date_gmt":"2022-08-20T22:44:11","guid":{"rendered":"http:\/\/elterritorialweb.com.ar\/web\/?p=43932"},"modified":"2022-08-20T22:44:13","modified_gmt":"2022-08-20T22:44:13","slug":"nacion-promulgara-la-ley-de-incentivo-a-la-construccion-federal-y-acceso-a-la-vivienda","status":"publish","type":"post","link":"https:\/\/elterritorialweb.com.ar\/web\/nacion-promulgara-la-ley-de-incentivo-a-la-construccion-federal-y-acceso-a-la-vivienda\/","title":{"rendered":"NACI\u00d3N PROMULGAR\u00c1 LA LEY DE INCENTIVO A LA CONSTRUCCI\u00d3N FEDERAL Y ACCESO A LA VIVIENDA"},"content":{"rendered":"\n<p>El ministro de Econom\u00eda, Sergio Massa, participar\u00e1 el pr\u00f3ximo lunes de un acto con empresarios del sector de la construcci\u00f3n, adelantaron a T\u00e9lam fuentes de la cartera econ\u00f3mica.<\/p>\n\n\n\n<p>En el encuentro van a estar presentes el presidente de la C\u00e1mara Empresaria de Desarrolladores Urbanos (CEDU), Dami\u00e1n Tabakman; el secretario general de la Uocra, Gerardo Mart\u00ednez; el intendente de San Fernando, Juan Andreotti; y el director de la AFIP, Carlos Castagneto.<\/p>\n\n\n\n<p>En un hilo de mensajes en su cuenta de Twitter, Massa anunci\u00f3 que \u00abel lunes se publicar\u00e1 en el Bolet\u00edn Oficial la promulgaci\u00f3n de la Ley de Incentivo a la Construcci\u00f3n Federal Argentina y Acceso a la Vivienda 27.679, que extiende por un a\u00f1o el R\u00e9gimen de Blanqueo para la Construcci\u00f3n\u00bb.<\/p>\n\n\n\n<figure class=\"wp-block-embed is-type-rich is-provider-twitter wp-block-embed-twitter\"><div class=\"wp-block-embed__wrapper\">\n<blockquote class=\"twitter-tweet\" data-width=\"550\" data-dnt=\"true\"><p lang=\"es\" dir=\"ltr\">El lunes se publicar\u00e1 en el Bolet\u00edn Oficial la promulgaci\u00f3n de la Ley de Incentivo a la Construcci\u00f3n Federal Argentina y Acceso a la Vivienda N\u00ba 27.679, que extiende por un a\u00f1o el R\u00e9gimen de Blanqueo para la Construcci\u00f3n. <a href=\"https:\/\/t.co\/kCq1PIDyPV\">pic.twitter.com\/kCq1PIDyPV<\/a><\/p>&mdash; Sergio Massa (@SergioMassa) <a href=\"https:\/\/twitter.com\/SergioMassa\/status\/1561096277915729920?ref_src=twsrc%5Etfw\">August 20, 2022<\/a><\/blockquote><script async src=\"https:\/\/platform.twitter.com\/widgets.js\" charset=\"utf-8\"><\/script>\n<\/div><\/figure>\n\n\n\n<p>\u00abLa reglamentaci\u00f3n de la AFIP estar\u00e1 vigente el mi\u00e9rcoles y plantea una declaraci\u00f3n voluntaria de tenencia de moneda nacional y extranjera. Los fondos alcanzados por un impuesto especial ser\u00e1n del 5% en una primera etapa, vencidos los primeros 90 d\u00edas ser\u00e1 del 10% y luego del 20%\u00bb, ampli\u00f3.<\/p>\n\n\n\n<p>Seg\u00fan el ministro, \u00abesta medida de alivio fiscal es clave para impulsar el crecimiento y la financiaci\u00f3n de una de las industrias m\u00e1s pujantes del pa\u00eds\u00bb.<\/p>\n\n\n\n<p>\u00abCuando trabaja la construcci\u00f3n, trabajan las actividades a su alrededor, se crean empleos, se mueve la econom\u00eda y la Argentina crece\u00bb, complet\u00f3.<\/p>\n\n\n\n<p><\/p>\n","protected":false},"excerpt":{"rendered":"<p>As\u00ed lo adelant\u00f3 el ministro de Econom\u00eda, Sergio Massa, quien participar\u00e1 el pr\u00f3ximo lunes de un acto con empresarios del sector de la construcci\u00f3n.<\/p>\n","protected":false},"author":2,"featured_media":43933,"comment_status":"open","ping_status":"open","sticky":false,"template":"","format":"standard","meta":{"om_disable_all_campaigns":false,"_monsterinsights_skip_tracking":false,"_monsterinsights_sitenote_active":false,"_monsterinsights_sitenote_note":"","_monsterinsights_sitenote_category":0,"_uf_show_specific_survey":0,"_uf_disable_surveys":false,"jetpack_post_was_ever_published":false,"_jetpack_newsletter_access":"","_jetpack_dont_email_post_to_subs":false,"_jetpack_newsletter_tier_id":0,"_jetpack_memberships_contains_paywalled_content":false,"_jetpack_memberships_contains_paid_content":false,"footnotes":"","jetpack_publicize_message":"","jetpack_publicize_feature_enabled":true,"jetpack_social_post_already_shared":false,"jetpack_social_options":{"image_generator_settings":{"template":"highway","default_image_id":0,"font":"","enabled":false},"version":2}},"categories":[18],"tags":[],"class_list":["post-43932","post","type-post","status-publish","format-standard","has-post-thumbnail","hentry","category-politica"],"aioseo_notices":[],"views":6,"jetpack_publicize_connections":[],"jetpack_featured_media_url":"https:\/\/i0.wp.com\/elterritorialweb.com.ar\/web\/wp-content\/uploads\/2022\/08\/construccion-argentina-1dic.jpg?fit=950%2C468&ssl=1","jetpack_sharing_enabled":true,"_links":{"self":[{"href":"https:\/\/elterritorialweb.com.ar\/web\/wp-json\/wp\/v2\/posts\/43932","targetHints":{"allow":["GET"]}}],"collection":[{"href":"https:\/\/elterritorialweb.com.ar\/web\/wp-json\/wp\/v2\/posts"}],"about":[{"href":"https:\/\/elterritorialweb.com.ar\/web\/wp-json\/wp\/v2\/types\/post"}],"author":[{"embeddable":true,"href":"https:\/\/elterritorialweb.com.ar\/web\/wp-json\/wp\/v2\/users\/2"}],"replies":[{"embeddable":true,"href":"https:\/\/elterritorialweb.com.ar\/web\/wp-json\/wp\/v2\/comments?post=43932"}],"version-history":[{"count":1,"href":"https:\/\/elterritorialweb.com.ar\/web\/wp-json\/wp\/v2\/posts\/43932\/revisions"}],"predecessor-version":[{"id":43934,"href":"https:\/\/elterritorialweb.com.ar\/web\/wp-json\/wp\/v2\/posts\/43932\/revisions\/43934"}],"wp:featuredmedia":[{"embeddable":true,"href":"https:\/\/elterritorialweb.com.ar\/web\/wp-json\/wp\/v2\/media\/43933"}],"wp:attachment":[{"href":"https:\/\/elterritorialweb.com.ar\/web\/wp-json\/wp\/v2\/media?parent=43932"}],"wp:term":[{"taxonomy":"category","embeddable":true,"href":"https:\/\/elterritorialweb.com.ar\/web\/wp-json\/wp\/v2\/categories?post=43932"},{"taxonomy":"post_tag","embeddable":true,"href":"https:\/\/elterritorialweb.com.ar\/web\/wp-json\/wp\/v2\/tags?post=43932"}],"curies":[{"name":"wp","href":"https:\/\/api.w.org\/{rel}","templated":true}]}}