{"id":43945,"date":"2022-08-21T03:37:10","date_gmt":"2022-08-21T03:37:10","guid":{"rendered":"http:\/\/elterritorialweb.com.ar\/web\/?p=43945"},"modified":"2022-08-21T03:37:11","modified_gmt":"2022-08-21T03:37:11","slug":"fuentes-participo-de-un-homenaje-en-el-v-encuentro-infantil-de-rugby","status":"publish","type":"post","link":"https:\/\/elterritorialweb.com.ar\/web\/fuentes-participo-de-un-homenaje-en-el-v-encuentro-infantil-de-rugby\/","title":{"rendered":"FUENTES PARTICIP\u00d3 DE UN HOMENAJE EN EL V ENCUENTRO INFANTIL DE RUGBY"},"content":{"rendered":"\n<p>La Ing. Fuentes form\u00f3 parte del encuentro junto con el Secretario de Deportes de la Provincia, Prof. Carlos Dapello; acompa\u00f1ados por la Secretaria de Coordinaci\u00f3n de Gabinete Municipal, Alejandra Yoshitake y Luis Degano, presidente de la entidad, adem\u00e1s de miembros de la comisi\u00f3n directiva, profesores,\u00a0 jugadores y familiares.<\/p>\n\n\n\n<p>Durante el encuentro, del que participaron clubes de la provincia&nbsp; de Salta, invitados especialmente, se realiz\u00f3 tambi\u00e9n una jornada de concientizaci\u00f3n y de donaci\u00f3n de m\u00e9dula \u00f3sea, que estuvo a cargo del Programa provincial de Sangre, que instal\u00f3 un puesto en el ingreso al club.<\/p>\n\n\n\n<p>En la ceremonia, se record\u00f3&nbsp;al peque\u00f1o jugador del club, con la presencia de su familia, donde el titular del SLTC agradeci\u00f3 a las autoridades por asistir y por colaborar en forma permanente con la instituci\u00f3n. Al tiempo que dedic\u00f3 emotivas palabras sobre Gonzalo, en su paso por el club.<\/p>\n\n\n\n<p>Por su parte, la Intendente Fuentes agradeci\u00f3 la invitaci\u00f3n a participar de tan sentido homenaje, \u201cy por seguir apostando a la vida con esta colecta de m\u00e9dula \u00f3sea en honor a Gonzalo\u201d.<\/p>\n\n\n\n<p>\u201cFelicito al club por la iniciativa y porque sigamos trabajando con esa mirada para nuestros j\u00f3venes\u201d, concluy\u00f3.<\/p>\n","protected":false},"excerpt":{"rendered":"<p>La Intendente Ing. Norma Fuentes particip\u00f3 de un emotivo homenaje que el Santiago Lawn Tenis Club realiz\u00f3 a Gonzalo Defant, quien fuera jugador de la instituci\u00f3n deportiva y con cuyo nombre se denomin\u00f3 al V Encuentro Infantil de Rugby.<\/p>\n","protected":false},"author":2,"featured_media":43946,"comment_status":"open","ping_status":"open","sticky":false,"template":"","format":"standard","meta":{"om_disable_all_campaigns":false,"_monsterinsights_skip_tracking":false,"_monsterinsights_sitenote_active":false,"_monsterinsights_sitenote_note":"","_monsterinsights_sitenote_category":0,"_uf_show_specific_survey":0,"_uf_disable_surveys":false,"jetpack_post_was_ever_published":false,"_jetpack_newsletter_access":"","_jetpack_dont_email_post_to_subs":false,"_jetpack_newsletter_tier_id":0,"_jetpack_memberships_contains_paywalled_content":false,"_jetpack_memberships_contains_paid_content":false,"footnotes":"","jetpack_publicize_message":"","jetpack_publicize_feature_enabled":true,"jetpack_social_post_already_shared":false,"jetpack_social_options":{"image_generator_settings":{"template":"highway","default_image_id":0,"font":"","enabled":false},"version":2}},"categories":[21],"tags":[],"class_list":["post-43945","post","type-post","status-publish","format-standard","has-post-thumbnail","hentry","category-locales"],"aioseo_notices":[],"views":14,"jetpack_publicize_connections":[],"jetpack_featured_media_url":"https:\/\/i0.wp.com\/elterritorialweb.com.ar\/web\/wp-content\/uploads\/2022\/08\/rugbi1.jpeg?fit=1280%2C686&ssl=1","jetpack_sharing_enabled":true,"_links":{"self":[{"href":"https:\/\/elterritorialweb.com.ar\/web\/wp-json\/wp\/v2\/posts\/43945","targetHints":{"allow":["GET"]}}],"collection":[{"href":"https:\/\/elterritorialweb.com.ar\/web\/wp-json\/wp\/v2\/posts"}],"about":[{"href":"https:\/\/elterritorialweb.com.ar\/web\/wp-json\/wp\/v2\/types\/post"}],"author":[{"embeddable":true,"href":"https:\/\/elterritorialweb.com.ar\/web\/wp-json\/wp\/v2\/users\/2"}],"replies":[{"embeddable":true,"href":"https:\/\/elterritorialweb.com.ar\/web\/wp-json\/wp\/v2\/comments?post=43945"}],"version-history":[{"count":1,"href":"https:\/\/elterritorialweb.com.ar\/web\/wp-json\/wp\/v2\/posts\/43945\/revisions"}],"predecessor-version":[{"id":43947,"href":"https:\/\/elterritorialweb.com.ar\/web\/wp-json\/wp\/v2\/posts\/43945\/revisions\/43947"}],"wp:featuredmedia":[{"embeddable":true,"href":"https:\/\/elterritorialweb.com.ar\/web\/wp-json\/wp\/v2\/media\/43946"}],"wp:attachment":[{"href":"https:\/\/elterritorialweb.com.ar\/web\/wp-json\/wp\/v2\/media?parent=43945"}],"wp:term":[{"taxonomy":"category","embeddable":true,"href":"https:\/\/elterritorialweb.com.ar\/web\/wp-json\/wp\/v2\/categories?post=43945"},{"taxonomy":"post_tag","embeddable":true,"href":"https:\/\/elterritorialweb.com.ar\/web\/wp-json\/wp\/v2\/tags?post=43945"}],"curies":[{"name":"wp","href":"https:\/\/api.w.org\/{rel}","templated":true}]}}