{"id":43951,"date":"2022-08-22T01:54:30","date_gmt":"2022-08-22T01:54:30","guid":{"rendered":"http:\/\/elterritorialweb.com.ar\/web\/?p=43951"},"modified":"2022-08-22T01:54:31","modified_gmt":"2022-08-22T01:54:31","slug":"massa-confirmo-a-gabriel-rubinstein-como-nuevo-secretario-de-programacion-economica","status":"publish","type":"post","link":"https:\/\/elterritorialweb.com.ar\/web\/massa-confirmo-a-gabriel-rubinstein-como-nuevo-secretario-de-programacion-economica\/","title":{"rendered":"MASSA CONFIRM\u00d3 A GABRIEL RUBINSTEIN COMO NUEVO SECRETARIO DE PROGRAMACI\u00d3N ECON\u00d3MICA"},"content":{"rendered":"\n<p>El ministro de Econom\u00eda, Sergio Massa, confirm\u00f3 este domingo al economista Gabriel Rubinstein como nuevo secretario de Programaci\u00f3n Econ\u00f3mica, quien oficia virtualmente como \u00abviceministro\u00bb de Econom\u00eda.<\/p>\n\n\n\n<p>Seg\u00fan manifest\u00f3 en un mensaje en su cuenta de Twitter,\u00a0<strong>Massa dijo que ya hab\u00eda comenzado a trabajar junto a Rubinstein en el Ministerio de Econom\u00eda desde \u00abhace algunos d\u00edas\u00bb<\/strong>, pero que debi\u00f3 esperar para hacer oficial su nombramiento a que \u00abresolviera un tema familiar y disolviera sus responsabilidades contractuales incompatibles con la funci\u00f3n p\u00fablica\u00bb.<\/p>\n\n\n\n<figure class=\"wp-block-embed is-type-rich is-provider-twitter wp-block-embed-twitter\"><div class=\"wp-block-embed__wrapper\">\n<blockquote class=\"twitter-tweet\" data-width=\"550\" data-dnt=\"true\"><p lang=\"es\" dir=\"ltr\">Hace algunos d\u00edas empezamos el trabajo en el ministerio de <a href=\"https:\/\/twitter.com\/Economia_Ar?ref_src=twsrc%5Etfw\">@Economia_Ar<\/a>. <br>Para confirmar el secretario de Programaci\u00f3n Econ\u00f3mica debimos esperar a que quien elegimos resolviera un tema familiar y disolviera sus responsabilidades contractuales incompatibles con la funci\u00f3n p\u00fablica. <a href=\"https:\/\/t.co\/4EBHpVkP4r\">pic.twitter.com\/4EBHpVkP4r<\/a><\/p>&mdash; Sergio Massa (@SergioMassa) <a href=\"https:\/\/twitter.com\/SergioMassa\/status\/1561458295445102593?ref_src=twsrc%5Etfw\">August 21, 2022<\/a><\/blockquote><script async src=\"https:\/\/platform.twitter.com\/widgets.js\" charset=\"utf-8\"><\/script>\n<\/div><\/figure>\n\n\n\n<p>\u00abFinalizados estos tr\u00e1mites y gestiones, desde ma\u00f1ana se integra formalmente al equipo del Ministerio de Econom\u00eda Gabriel Rubinstein como nuevo secretario de Programaci\u00f3n Econ\u00f3mica\u00bb, se\u00f1al\u00f3 el ministro.<\/p>\n\n\n\n<p>Por su parte,&nbsp;<strong>el nuevo viceministro us\u00f3 la misma red para \u00abagradecer a Sergio Massa la confianza depositada en m\u00ed\u00bb.<\/strong><\/p>\n\n\n\n<p>\u00abCon profesionalismo y pasi\u00f3n, brindar\u00e9 lo mejor, frente a los desaf\u00edos que nos toca enfrentar\u00bb, asegur\u00f3.<\/p>\n\n\n\n<figure class=\"wp-block-embed is-type-rich is-provider-twitter wp-block-embed-twitter\"><div class=\"wp-block-embed__wrapper\">\n<blockquote class=\"twitter-tweet\" data-width=\"550\" data-dnt=\"true\"><p lang=\"es\" dir=\"ltr\">Quiero agradecer a Sergio Massa la confianza depositada en m\u00ed. Con profesionalismo y pasi\u00f3n, brindar\u00e9 lo mejor, frente a los desaf\u00edos que nos toca enfrentar. <a href=\"https:\/\/t.co\/u83x0uuZSc\">pic.twitter.com\/u83x0uuZSc<\/a><\/p>&mdash; Gabriel Rubinstein (@GabyRubinstein) <a href=\"https:\/\/twitter.com\/GabyRubinstein\/status\/1561458815832399873?ref_src=twsrc%5Etfw\">August 21, 2022<\/a><\/blockquote><script async src=\"https:\/\/platform.twitter.com\/widgets.js\" charset=\"utf-8\"><\/script>\n<\/div><\/figure>\n\n\n\n<p>Y agreg\u00f3: \u00abQuiero destacar adem\u00e1s la amplitud del gobierno de incorporarme al equipo a pesar de comentarios agraviantes de mi parte en redes sociales que no correspond\u00eda efectuar\u00bb, en referencia a mensajes que public\u00f3 tiempo atr\u00e1s en redes sociales, en los que hizo referencia de la actual vicepresidenta y otros funcionarios a quienes se hab\u00eda referido en duros t\u00e9rminos.<\/p>\n\n\n\n<p>Economista de larga trayectoria recibido en la UBA, Rubinstein fue director de su propia consultora -Gabriel Rubistein y Asociados (GRA)- durante casi dos d\u00e9cadas, una de las que integran el Relevamiento de Expectativas del Mercado (REM) que elabora el Banco Central.<\/p>\n\n\n\n<p>Tambi\u00e9n fue funcionario p\u00fablico entre 2002 y 2005, cuando fue director del Central durante la gesti\u00f3n de Roberto Lavagna como ministro, tiempo en el que particip\u00f3 del grupo negociador de los acuerdos con el FMI y reestructuraci\u00f3n de la deuda p\u00fablica.<\/p>\n\n\n\n<p>Tambi\u00e9n fue director ejecutivo de la agencia calificadora de riesgo DCR-Fitch Rating Agency y de la Bolsa de Comercio Buenos Aires, adem\u00e1s de haber sido coordinador General del Estudio Broda.<\/p>\n","protected":false},"excerpt":{"rendered":"<p>El economista, ex representante del Banco Central con Roberto Lavagna y ex director de la Bolsa de Comercio, ser\u00e1 el viceministro, seg\u00fan anunci\u00f3 Massa en su cuenta de Twitter. <\/p>\n","protected":false},"author":2,"featured_media":43952,"comment_status":"open","ping_status":"open","sticky":false,"template":"","format":"standard","meta":{"om_disable_all_campaigns":false,"_monsterinsights_skip_tracking":false,"_monsterinsights_sitenote_active":false,"_monsterinsights_sitenote_note":"","_monsterinsights_sitenote_category":0,"_uf_show_specific_survey":0,"_uf_disable_surveys":false,"jetpack_post_was_ever_published":false,"_jetpack_newsletter_access":"","_jetpack_dont_email_post_to_subs":false,"_jetpack_newsletter_tier_id":0,"_jetpack_memberships_contains_paywalled_content":false,"_jetpack_memberships_contains_paid_content":false,"footnotes":"","jetpack_publicize_message":"","jetpack_publicize_feature_enabled":true,"jetpack_social_post_already_shared":false,"jetpack_social_options":{"image_generator_settings":{"template":"highway","default_image_id":0,"font":"","enabled":false},"version":2}},"categories":[4,2],"tags":[],"class_list":["post-43951","post","type-post","status-publish","format-standard","has-post-thumbnail","hentry","category-destacadas","category-economia"],"aioseo_notices":[],"views":10,"jetpack_publicize_connections":[],"jetpack_featured_media_url":"https:\/\/i0.wp.com\/elterritorialweb.com.ar\/web\/wp-content\/uploads\/2022\/08\/MASSA-RUBINSTEIN.jpg?fit=680%2C460&ssl=1","jetpack_sharing_enabled":true,"_links":{"self":[{"href":"https:\/\/elterritorialweb.com.ar\/web\/wp-json\/wp\/v2\/posts\/43951","targetHints":{"allow":["GET"]}}],"collection":[{"href":"https:\/\/elterritorialweb.com.ar\/web\/wp-json\/wp\/v2\/posts"}],"about":[{"href":"https:\/\/elterritorialweb.com.ar\/web\/wp-json\/wp\/v2\/types\/post"}],"author":[{"embeddable":true,"href":"https:\/\/elterritorialweb.com.ar\/web\/wp-json\/wp\/v2\/users\/2"}],"replies":[{"embeddable":true,"href":"https:\/\/elterritorialweb.com.ar\/web\/wp-json\/wp\/v2\/comments?post=43951"}],"version-history":[{"count":1,"href":"https:\/\/elterritorialweb.com.ar\/web\/wp-json\/wp\/v2\/posts\/43951\/revisions"}],"predecessor-version":[{"id":43953,"href":"https:\/\/elterritorialweb.com.ar\/web\/wp-json\/wp\/v2\/posts\/43951\/revisions\/43953"}],"wp:featuredmedia":[{"embeddable":true,"href":"https:\/\/elterritorialweb.com.ar\/web\/wp-json\/wp\/v2\/media\/43952"}],"wp:attachment":[{"href":"https:\/\/elterritorialweb.com.ar\/web\/wp-json\/wp\/v2\/media?parent=43951"}],"wp:term":[{"taxonomy":"category","embeddable":true,"href":"https:\/\/elterritorialweb.com.ar\/web\/wp-json\/wp\/v2\/categories?post=43951"},{"taxonomy":"post_tag","embeddable":true,"href":"https:\/\/elterritorialweb.com.ar\/web\/wp-json\/wp\/v2\/tags?post=43951"}],"curies":[{"name":"wp","href":"https:\/\/api.w.org\/{rel}","templated":true}]}}