{"id":43984,"date":"2022-08-23T16:45:50","date_gmt":"2022-08-23T16:45:50","guid":{"rendered":"http:\/\/elterritorialweb.com.ar\/web\/?p=43984"},"modified":"2022-08-23T19:12:58","modified_gmt":"2022-08-23T19:12:58","slug":"zamora-inauguro-obras-en-los-juries-y-lote-52-y-entrego-viviendas-sociales","status":"publish","type":"post","link":"https:\/\/elterritorialweb.com.ar\/web\/zamora-inauguro-obras-en-los-juries-y-lote-52-y-entrego-viviendas-sociales\/","title":{"rendered":"ZAMORA INAUGUR\u00d3 OBRAS EN LOS JUR\u00cdES Y LOTE 52 Y ENTREG\u00d3 VIVIENDAS SOCIALES"},"content":{"rendered":"\n<p>El gobernador Gerardo Zamora dej\u00f3 inaugurado este lunes obras de ampliaci\u00f3n y refacci\u00f3n integral de los edificios de las escuelas N\u00b0 1.027 \u201c\u00c1ngel Mar\u00eda Alderete\u201d de Los Jur\u00edes y N\u00b0 865 del paraje Lote 52, en el departamento General Taboada, donde adem\u00e1s entreg\u00f3 viviendas sociales a familias de esta ciudad y de poblaciones rurales de la zona.&nbsp;<\/p>\n\n\n\n<figure class=\"wp-block-image size-large\"><a href=\"https:\/\/i0.wp.com\/elterritorialweb.com.ar\/web\/wp-content\/uploads\/2022\/08\/IMG-20220822-WA0059.jpg\"><img data-recalc-dims=\"1\" decoding=\"async\" width=\"640\" height=\"427\" data-src=\"https:\/\/i0.wp.com\/elterritorialweb.com.ar\/web\/wp-content\/uploads\/2022\/08\/IMG-20220822-WA0059.jpg?resize=640%2C427\" alt=\"\" class=\"wp-image-43988 lazyload\" data-srcset=\"https:\/\/i0.wp.com\/elterritorialweb.com.ar\/web\/wp-content\/uploads\/2022\/08\/IMG-20220822-WA0059.jpg?resize=1024%2C683&amp;ssl=1 1024w, https:\/\/i0.wp.com\/elterritorialweb.com.ar\/web\/wp-content\/uploads\/2022\/08\/IMG-20220822-WA0059.jpg?resize=300%2C200&amp;ssl=1 300w, https:\/\/i0.wp.com\/elterritorialweb.com.ar\/web\/wp-content\/uploads\/2022\/08\/IMG-20220822-WA0059.jpg?resize=768%2C512&amp;ssl=1 768w, https:\/\/i0.wp.com\/elterritorialweb.com.ar\/web\/wp-content\/uploads\/2022\/08\/IMG-20220822-WA0059.jpg?w=1080&amp;ssl=1 1080w\" data-sizes=\"(max-width: 640px) 100vw, 640px\" src=\"data:image\/svg+xml;base64,PHN2ZyB3aWR0aD0iMSIgaGVpZ2h0PSIxIiB4bWxucz0iaHR0cDovL3d3dy53My5vcmcvMjAwMC9zdmciPjwvc3ZnPg==\" style=\"--smush-placeholder-width: 640px; --smush-placeholder-aspect-ratio: 640\/427;\" \/><\/a><\/figure>\n\n\n\n<p>El mandatario estuvo acompa\u00f1ado por el vicegobernador Carlos Silva Neder; los ministros de Educaci\u00f3n, Mariela Nassif; de Gobierno, Marcelo Barbur, y de Desarrollo Social, \u00c1ngel Niccolai, entre otros funcionarios, quienes fueron recibidos por el intendente Buenaventura Cejas, y los directores de la Escuela N\u00b0 1.027, Walter Ceferino Leguizam\u00f3n y de la Escuela N\u00b0 865, Alberto Zabala.<\/p>\n\n\n\n<p>En primera instancia fue inaugurada&nbsp;la vivienda de Liliana G\u00f3mez y de manera simb\u00f3lica la totalidad de las casas entregadas en esta ocasi\u00f3n. Los beneficiarios del programa social pertenecen a lugares como Lote 51, 52 y 53 y a la ciudad de Los Jur\u00edes.&nbsp; &nbsp; &nbsp; &nbsp;&nbsp; &nbsp; &nbsp; &nbsp; &nbsp; &nbsp; <\/p>\n\n\n\n<figure class=\"wp-block-image size-large\"><a href=\"https:\/\/i0.wp.com\/elterritorialweb.com.ar\/web\/wp-content\/uploads\/2022\/08\/IMG-20220822-WA0058.jpg\"><img data-recalc-dims=\"1\" decoding=\"async\" width=\"640\" height=\"388\" data-src=\"https:\/\/i0.wp.com\/elterritorialweb.com.ar\/web\/wp-content\/uploads\/2022\/08\/IMG-20220822-WA0058.jpg?resize=640%2C388\" alt=\"\" class=\"wp-image-43989 lazyload\" data-srcset=\"https:\/\/i0.wp.com\/elterritorialweb.com.ar\/web\/wp-content\/uploads\/2022\/08\/IMG-20220822-WA0058.jpg?resize=1024%2C620&amp;ssl=1 1024w, https:\/\/i0.wp.com\/elterritorialweb.com.ar\/web\/wp-content\/uploads\/2022\/08\/IMG-20220822-WA0058.jpg?resize=300%2C182&amp;ssl=1 300w, https:\/\/i0.wp.com\/elterritorialweb.com.ar\/web\/wp-content\/uploads\/2022\/08\/IMG-20220822-WA0058.jpg?resize=768%2C465&amp;ssl=1 768w, https:\/\/i0.wp.com\/elterritorialweb.com.ar\/web\/wp-content\/uploads\/2022\/08\/IMG-20220822-WA0058.jpg?w=1232&amp;ssl=1 1232w\" data-sizes=\"(max-width: 640px) 100vw, 640px\" src=\"data:image\/svg+xml;base64,PHN2ZyB3aWR0aD0iMSIgaGVpZ2h0PSIxIiB4bWxucz0iaHR0cDovL3d3dy53My5vcmcvMjAwMC9zdmciPjwvc3ZnPg==\" style=\"--smush-placeholder-width: 640px; --smush-placeholder-aspect-ratio: 640\/388;\" \/><\/a><\/figure>\n\n\n\n<p>El acto central se hizo en la escuela de Los Jur\u00edes, donde se construyeron seis aulas, sanitarios, sal\u00f3n de usos m\u00faltiples, patio cubierto y la refacci\u00f3n general del edificio a donde concurren 582 alumnos entre los dos turnos, quienes podr\u00e1n disfrutar de un edificio completamente equipado con todos los elementos necesarios para el trabajo en todas las \u00e1reas.&nbsp; &nbsp; &nbsp; &nbsp; &nbsp; &nbsp; &nbsp; &nbsp; &nbsp; &nbsp; &nbsp; &nbsp; &nbsp; &nbsp; <\/p>\n\n\n\n<p>En este marco tambi\u00e9n se inaugur\u00f3 la Escuela N\u00b0 865 de Lote 52, que cuenta con una direcci\u00f3n; tres aulas, cocina comedor,&nbsp; un patio de juegos y ba\u00f1os. En este edificio tambi\u00e9n funciona el Agrupamiento Educativo 86015\/ 017.&nbsp; &nbsp; &nbsp; &nbsp; &nbsp; &nbsp; &nbsp; &nbsp;<\/p>\n\n\n\n<figure class=\"wp-block-image size-large\"><a href=\"https:\/\/i0.wp.com\/elterritorialweb.com.ar\/web\/wp-content\/uploads\/2022\/08\/IMG-20220822-WA0061.jpg\"><img data-recalc-dims=\"1\" decoding=\"async\" width=\"640\" height=\"476\" data-src=\"https:\/\/i0.wp.com\/elterritorialweb.com.ar\/web\/wp-content\/uploads\/2022\/08\/IMG-20220822-WA0061.jpg?resize=640%2C476\" alt=\"\" class=\"wp-image-43991 lazyload\" data-srcset=\"https:\/\/i0.wp.com\/elterritorialweb.com.ar\/web\/wp-content\/uploads\/2022\/08\/IMG-20220822-WA0061.jpg?resize=1024%2C762&amp;ssl=1 1024w, https:\/\/i0.wp.com\/elterritorialweb.com.ar\/web\/wp-content\/uploads\/2022\/08\/IMG-20220822-WA0061.jpg?resize=300%2C223&amp;ssl=1 300w, https:\/\/i0.wp.com\/elterritorialweb.com.ar\/web\/wp-content\/uploads\/2022\/08\/IMG-20220822-WA0061.jpg?resize=768%2C571&amp;ssl=1 768w, https:\/\/i0.wp.com\/elterritorialweb.com.ar\/web\/wp-content\/uploads\/2022\/08\/IMG-20220822-WA0061.jpg?w=1280&amp;ssl=1 1280w\" data-sizes=\"(max-width: 640px) 100vw, 640px\" src=\"data:image\/svg+xml;base64,PHN2ZyB3aWR0aD0iMSIgaGVpZ2h0PSIxIiB4bWxucz0iaHR0cDovL3d3dy53My5vcmcvMjAwMC9zdmciPjwvc3ZnPg==\" style=\"--smush-placeholder-width: 640px; --smush-placeholder-aspect-ratio: 640\/476;\" \/><\/a><\/figure>\n\n\n\n<p>Las palabras de bienvenida estuvieron a cargo del director de la instituci\u00f3n anfitriona, Walter Leguizam\u00f3n, quien expres\u00f3: \u00abEstamos siendo part\u00edcipes de una muestra m\u00e1s de la visi\u00f3n progresista del gobierno del Dr. Gerardo Zamora, que impulsa la educaci\u00f3n&nbsp;como una inversi\u00f3n\u00bb.<\/p>\n\n\n\n<p>En su discurso, el mandatario dijo: \u00abEs una gran satisfacci\u00f3n para m\u00ed estar aqu\u00ed porque dejamos inauguradas obras, entre ellas viviendas sociales que se suman a 108 que hace tiempo dej\u00f3 concretado el vicegobernador en esta localidad. Quiero agradecer el trabajo de este programa y en donde nosotros consideramos fundamentalmente el esfuerzo de las instituciones y que beneficia a familias de sectores vulnerables para que vivan en una condici\u00f3n saludable y combatiendo el mal de chagas. Esto tambi\u00e9n moviliza la econom\u00eda en la zona y en la provincia; por eso convocamos a que participen todas las instituciones\u00bb. &nbsp; &nbsp; <\/p>\n\n\n\n<figure class=\"wp-block-image size-large\"><a href=\"https:\/\/i0.wp.com\/elterritorialweb.com.ar\/web\/wp-content\/uploads\/2022\/08\/IMG-20220822-WA0056.jpg\"><img data-recalc-dims=\"1\" decoding=\"async\" width=\"640\" height=\"426\" data-src=\"https:\/\/i0.wp.com\/elterritorialweb.com.ar\/web\/wp-content\/uploads\/2022\/08\/IMG-20220822-WA0056.jpg?resize=640%2C426\" alt=\"\" class=\"wp-image-43986 lazyload\" data-srcset=\"https:\/\/i0.wp.com\/elterritorialweb.com.ar\/web\/wp-content\/uploads\/2022\/08\/IMG-20220822-WA0056.jpg?resize=1024%2C682&amp;ssl=1 1024w, https:\/\/i0.wp.com\/elterritorialweb.com.ar\/web\/wp-content\/uploads\/2022\/08\/IMG-20220822-WA0056.jpg?resize=300%2C200&amp;ssl=1 300w, https:\/\/i0.wp.com\/elterritorialweb.com.ar\/web\/wp-content\/uploads\/2022\/08\/IMG-20220822-WA0056.jpg?resize=768%2C512&amp;ssl=1 768w, https:\/\/i0.wp.com\/elterritorialweb.com.ar\/web\/wp-content\/uploads\/2022\/08\/IMG-20220822-WA0056.jpg?w=1280&amp;ssl=1 1280w\" data-sizes=\"(max-width: 640px) 100vw, 640px\" src=\"data:image\/svg+xml;base64,PHN2ZyB3aWR0aD0iMSIgaGVpZ2h0PSIxIiB4bWxucz0iaHR0cDovL3d3dy53My5vcmcvMjAwMC9zdmciPjwvc3ZnPg==\" style=\"--smush-placeholder-width: 640px; --smush-placeholder-aspect-ratio: 640\/426;\" \/><\/a><\/figure>\n\n\n\n<p>Sobre las obras educativas, destac\u00f3: \u00abEsta inauguraci\u00f3n en materia educativa nos une como un pilar fundamental de igualdad para todos, un camino necesario para el progreso con el mismo equipamiento y posiblidades para todos a lo largo y lo ancho de Santiago del Estero, quiero destacar adem\u00e1s la vocaci\u00f3n docente que son el futuro de nuestra patria\u00bb.&nbsp; &nbsp; &nbsp; &nbsp; &nbsp; &nbsp; <\/p>\n\n\n\n<p>Agreg\u00f3: \u00abEs importante seguir cuidandonos y mantener la presencialidad en clases, todo esto es gracias a la campa\u00f1a de vacunaci\u00f3n donde debemos continuar vacunandonos. Nos comprometemos a trabajar juntos haciendo todo el esfuerzo para no caer en desequilibrio y continuar con el camino de esperanza\u00bb. &nbsp;<\/p>\n","protected":false},"excerpt":{"rendered":"<p>En la oportunidad tambi\u00e9n anunci\u00f3 la construcci\u00f3n de un nuevo local para el Jard\u00edn de Infantes N\u00b0 829 del Lote 52, y una ampliaci\u00f3n en el Hogar Albergue Agrot\u00e9cnico de Los Jur\u00edes.  <\/p>\n","protected":false},"author":2,"featured_media":43985,"comment_status":"open","ping_status":"open","sticky":false,"template":"","format":"standard","meta":{"om_disable_all_campaigns":false,"_monsterinsights_skip_tracking":false,"_monsterinsights_sitenote_active":false,"_monsterinsights_sitenote_note":"","_monsterinsights_sitenote_category":0,"_uf_show_specific_survey":0,"_uf_disable_surveys":false,"jetpack_post_was_ever_published":false,"_jetpack_newsletter_access":"","_jetpack_dont_email_post_to_subs":false,"_jetpack_newsletter_tier_id":0,"_jetpack_memberships_contains_paywalled_content":false,"_jetpack_memberships_contains_paid_content":false,"footnotes":"","jetpack_publicize_message":"","jetpack_publicize_feature_enabled":true,"jetpack_social_post_already_shared":false,"jetpack_social_options":{"image_generator_settings":{"template":"highway","default_image_id":0,"font":"","enabled":false},"version":2}},"categories":[21],"tags":[],"class_list":["post-43984","post","type-post","status-publish","format-standard","has-post-thumbnail","hentry","category-locales"],"aioseo_notices":[],"views":9,"jetpack_publicize_connections":[],"jetpack_featured_media_url":"https:\/\/i0.wp.com\/elterritorialweb.com.ar\/web\/wp-content\/uploads\/2022\/08\/IMG-20220822-WA0053.jpg?fit=1280%2C853&ssl=1","jetpack_sharing_enabled":true,"_links":{"self":[{"href":"https:\/\/elterritorialweb.com.ar\/web\/wp-json\/wp\/v2\/posts\/43984","targetHints":{"allow":["GET"]}}],"collection":[{"href":"https:\/\/elterritorialweb.com.ar\/web\/wp-json\/wp\/v2\/posts"}],"about":[{"href":"https:\/\/elterritorialweb.com.ar\/web\/wp-json\/wp\/v2\/types\/post"}],"author":[{"embeddable":true,"href":"https:\/\/elterritorialweb.com.ar\/web\/wp-json\/wp\/v2\/users\/2"}],"replies":[{"embeddable":true,"href":"https:\/\/elterritorialweb.com.ar\/web\/wp-json\/wp\/v2\/comments?post=43984"}],"version-history":[{"count":2,"href":"https:\/\/elterritorialweb.com.ar\/web\/wp-json\/wp\/v2\/posts\/43984\/revisions"}],"predecessor-version":[{"id":44010,"href":"https:\/\/elterritorialweb.com.ar\/web\/wp-json\/wp\/v2\/posts\/43984\/revisions\/44010"}],"wp:featuredmedia":[{"embeddable":true,"href":"https:\/\/elterritorialweb.com.ar\/web\/wp-json\/wp\/v2\/media\/43985"}],"wp:attachment":[{"href":"https:\/\/elterritorialweb.com.ar\/web\/wp-json\/wp\/v2\/media?parent=43984"}],"wp:term":[{"taxonomy":"category","embeddable":true,"href":"https:\/\/elterritorialweb.com.ar\/web\/wp-json\/wp\/v2\/categories?post=43984"},{"taxonomy":"post_tag","embeddable":true,"href":"https:\/\/elterritorialweb.com.ar\/web\/wp-json\/wp\/v2\/tags?post=43984"}],"curies":[{"name":"wp","href":"https:\/\/api.w.org\/{rel}","templated":true}]}}