{"id":43996,"date":"2022-08-23T16:56:40","date_gmt":"2022-08-23T16:56:40","guid":{"rendered":"http:\/\/elterritorialweb.com.ar\/web\/?p=43996"},"modified":"2022-08-23T16:56:42","modified_gmt":"2022-08-23T16:56:42","slug":"urismo-el-santiagueno-ricardo-sosa-encabeza-delegacion-argentina-en-mexico","status":"publish","type":"post","link":"https:\/\/elterritorialweb.com.ar\/web\/urismo-el-santiagueno-ricardo-sosa-encabeza-delegacion-argentina-en-mexico\/","title":{"rendered":"URISMO: EL SANTIAGUE\u00d1O RICARDO SOSA ENCABEZA DELEGACI\u00d3N ARGENTINA EN M\u00c9XICO"},"content":{"rendered":"\n<p>De origen santiague\u00f1o, Sosa coordina la misi\u00f3n comercial que est\u00e1 compuesta por 15 empresarios tur\u00edsticos de nuestro pa\u00eds, m\u00e1s las aerol\u00edneas Copa Airlines y Aerom\u00e9xico, quienes buscar\u00e1n realizar acuerdos comerciales con m\u00e1s de 250 operadores tur\u00edsticos mexicanos a trav\u00e9s acciones que tendr\u00e1n lugar en las ciudades de M\u00e9xico, Guadalajara y Monterrey como parte del evento global \u201cBuy Argentina\u201d que lleva adelante el Inprotur con la colaboraci\u00f3n de la C\u00e1mara Argentina de Turismo.<\/p>\n\n\n\n<p>En ese sentido, el primer evento se realizar\u00e1 este 23 de agosto en CDMX a partir de las 8,30 de la ma\u00f1ana, donde ya tienen comprometida la asistencia 115 empresarios mexicanos, el 24 de agosto habr\u00e1 otro encuentro comercial en la ciudad de Guadalajara con la asistencia de m\u00e1s de 90 empresarios mexicanos y la actividad se cerrar\u00e1 en Monterrey el 25 de agosto, donde participar\u00e1n otros 80 empresarios del norte de ese pa\u00eds.<\/p>\n\n\n\n<p>El objetivo es fortalecer la comercializaci\u00f3n de paquetes tur\u00edsticos, seguir posicionando a la rep\u00fablica Argentina y tener relaciones directas con los principales tour operadores mexicanos, teniendo en cuenta que en los primeros siete meses de este a\u00f1o, este mercado recuper\u00f3 un 51% la cantidad de turistas que ingresaban en la prepandemia.<\/p>\n\n\n\n<p>Por otro lado, se debe recordar que Sosa ya vino encabezando delegaciones argentinas en diferentes pa\u00edses. Hace dos semanas atr\u00e1s estuvo en el Buy Argentina que se realiz\u00f3 en Santiago de Chile con la participaci\u00f3n de 25 empresas argentinas y tres aerol\u00edneas. En el mes de abril pasado ya se hab\u00eda realizado otro evento similar en Uruguay, donde se expuso toda la oferta de nieve de la Patagonia argentina. All\u00ed estuvieron presentes el Ministro de Turismo y Deportes, Mat\u00edas Lammens, acompa\u00f1ado de Sosa y representantes de la C\u00e1mara Argentina de Turismo.<\/p>\n\n\n\n<p>El 30 de agosto, Sosa tambi\u00e9n encabezar\u00e1 la delegaci\u00f3n argentina que realizar\u00e1 el Buy Argentina en la ciudad de Salvador de Bah\u00eda, en Brasil, donde se tiene previsto generar este evento de comercializaci\u00f3n para continuar consolidando este mercado y potenciar la oferta de asientos que tienen las diferentes aerol\u00edneas hacia nuestro pa\u00eds.<\/p>\n","protected":false},"excerpt":{"rendered":"<p>El Secretario Ejecutivo del Instituto Nacional de Promoci\u00f3n Tur\u00edstica (Inprotur), Ricardo Sosa, encabezar\u00e1 la delegaci\u00f3n argentina que realizar\u00e1 durante esta semana una misi\u00f3n de comercializaci\u00f3n tur\u00edstica en tres ciudades de M\u00e9xico, en el marco del proceso de reactivaci\u00f3n tur\u00edstica que vive la rep\u00fablica Argentina.<\/p>\n","protected":false},"author":2,"featured_media":43997,"comment_status":"open","ping_status":"open","sticky":false,"template":"","format":"standard","meta":{"om_disable_all_campaigns":false,"_monsterinsights_skip_tracking":false,"_monsterinsights_sitenote_active":false,"_monsterinsights_sitenote_note":"","_monsterinsights_sitenote_category":0,"_uf_show_specific_survey":0,"_uf_disable_surveys":false,"jetpack_post_was_ever_published":false,"_jetpack_newsletter_access":"","_jetpack_dont_email_post_to_subs":false,"_jetpack_newsletter_tier_id":0,"_jetpack_memberships_contains_paywalled_content":false,"_jetpack_memberships_contains_paid_content":false,"footnotes":"","jetpack_publicize_message":"","jetpack_publicize_feature_enabled":true,"jetpack_social_post_already_shared":false,"jetpack_social_options":{"image_generator_settings":{"template":"highway","default_image_id":0,"font":"","enabled":false},"version":2}},"categories":[29],"tags":[],"class_list":["post-43996","post","type-post","status-publish","format-standard","has-post-thumbnail","hentry","category-turismo"],"aioseo_notices":[],"views":6,"jetpack_publicize_connections":[],"jetpack_featured_media_url":"https:\/\/i0.wp.com\/elterritorialweb.com.ar\/web\/wp-content\/uploads\/2022\/08\/BUY-MEXICO-2022.jpeg?fit=1280%2C854&ssl=1","jetpack_sharing_enabled":true,"_links":{"self":[{"href":"https:\/\/elterritorialweb.com.ar\/web\/wp-json\/wp\/v2\/posts\/43996","targetHints":{"allow":["GET"]}}],"collection":[{"href":"https:\/\/elterritorialweb.com.ar\/web\/wp-json\/wp\/v2\/posts"}],"about":[{"href":"https:\/\/elterritorialweb.com.ar\/web\/wp-json\/wp\/v2\/types\/post"}],"author":[{"embeddable":true,"href":"https:\/\/elterritorialweb.com.ar\/web\/wp-json\/wp\/v2\/users\/2"}],"replies":[{"embeddable":true,"href":"https:\/\/elterritorialweb.com.ar\/web\/wp-json\/wp\/v2\/comments?post=43996"}],"version-history":[{"count":1,"href":"https:\/\/elterritorialweb.com.ar\/web\/wp-json\/wp\/v2\/posts\/43996\/revisions"}],"predecessor-version":[{"id":43998,"href":"https:\/\/elterritorialweb.com.ar\/web\/wp-json\/wp\/v2\/posts\/43996\/revisions\/43998"}],"wp:featuredmedia":[{"embeddable":true,"href":"https:\/\/elterritorialweb.com.ar\/web\/wp-json\/wp\/v2\/media\/43997"}],"wp:attachment":[{"href":"https:\/\/elterritorialweb.com.ar\/web\/wp-json\/wp\/v2\/media?parent=43996"}],"wp:term":[{"taxonomy":"category","embeddable":true,"href":"https:\/\/elterritorialweb.com.ar\/web\/wp-json\/wp\/v2\/categories?post=43996"},{"taxonomy":"post_tag","embeddable":true,"href":"https:\/\/elterritorialweb.com.ar\/web\/wp-json\/wp\/v2\/tags?post=43996"}],"curies":[{"name":"wp","href":"https:\/\/api.w.org\/{rel}","templated":true}]}}