{"id":43999,"date":"2022-08-23T17:12:36","date_gmt":"2022-08-23T17:12:36","guid":{"rendered":"http:\/\/elterritorialweb.com.ar\/web\/?p=43999"},"modified":"2022-08-23T17:12:37","modified_gmt":"2022-08-23T17:12:37","slug":"invitan-a-las-xvi-jornadas-santiaguenas-de-cardiologia-y-la-1-jornada-provincial-de-enfermeria-en-el-forum","status":"publish","type":"post","link":"https:\/\/elterritorialweb.com.ar\/web\/invitan-a-las-xvi-jornadas-santiaguenas-de-cardiologia-y-la-1-jornada-provincial-de-enfermeria-en-el-forum\/","title":{"rendered":"INVITAN A LAS XVI JORNADAS SANTIAGUE\u00d1AS DE CARDIOLOG\u00cdA Y LA 1\u00b0 JORNADA PROVINCIAL DE ENFERMER\u00cdA EN EL F\u00d3RUM"},"content":{"rendered":"\n<p>El evento cuenta con la colaboraci\u00f3n de la Federaci\u00f3n Argentina de Cardiolog\u00eda y en la misma fecha tendr\u00e1 lugar la 1\u00aa Jornada Provincial de Enfermer\u00eda.<br>Para mantener una constante actualizaci\u00f3n, profesionales referentes de todo el pa\u00eds abordar\u00e1n tem\u00e1ticas relacionadas con distintas especialidades como chagas, enfermedades coronarias, insuficiencia card\u00edaca, arritmias, entre otras. Tambi\u00e9n habr\u00e1 actividades destinadas a la participaci\u00f3n de la comunidad con plaza saludable, controles de presi\u00f3n y talleres desde las 16.<br>Mediante conferencia de prensa realizada en el F\u00f3rum, el presidente de la Sociedad de Cardiolog\u00eda SDE, Mauro Ruise, junto al miembro de la comisi\u00f3n directiva, Santiago Coreoleu, brindaron informaci\u00f3n detallada del evento.<br>\u201cEsta jornada intensiva comenzar\u00e1 a las 8.30 y ser\u00e1 muy especial el reencuentro entre colegas donde nos vamos a actualizar en temas de importancia para los cardi\u00f3logos y relacionados con otros m\u00e9dicos especialistas como nefr\u00f3logos, hemat\u00f3logos, diabet\u00f3logos, neum\u00f3logos, adem\u00e1s de m\u00f3dulos destinados para todos los enfermeros de la provincia\u201d, explic\u00f3 Ruise.<br>A su turno, el Dr. Coroleu afirm\u00f3: \u201cTodos los especialistas hoy en d\u00eda nos encargamos de actualizarnos permanentemente ,ya tenemos m\u00e1s de 200 inscriptos donde simult\u00e1neamente cardi\u00f3logos, enfermeros, t\u00e9cnicos y la comunidad podr\u00e1n disfrutar de las actividades\u201d.<\/p>\n","protected":false},"excerpt":{"rendered":"<p>El Ministerio de Salud de la Provincia y la Sociedad de Cardiolog\u00eda de Santiago del Estero invitan a participar de las XVI Jornadas Santiague\u00f1as de Cardiolog\u00eda que se desarrollar\u00e1n el 26 de agosto en el F\u00f3rum Centro de Convenciones.<\/p>\n","protected":false},"author":2,"featured_media":44000,"comment_status":"open","ping_status":"open","sticky":false,"template":"","format":"standard","meta":{"om_disable_all_campaigns":false,"_monsterinsights_skip_tracking":false,"_monsterinsights_sitenote_active":false,"_monsterinsights_sitenote_note":"","_monsterinsights_sitenote_category":0,"_uf_show_specific_survey":0,"_uf_disable_surveys":false,"jetpack_post_was_ever_published":false,"_jetpack_newsletter_access":"","_jetpack_dont_email_post_to_subs":false,"_jetpack_newsletter_tier_id":0,"_jetpack_memberships_contains_paywalled_content":false,"_jetpack_memberships_contains_paid_content":false,"footnotes":"","jetpack_publicize_message":"","jetpack_publicize_feature_enabled":true,"jetpack_social_post_already_shared":false,"jetpack_social_options":{"image_generator_settings":{"template":"highway","default_image_id":0,"font":"","enabled":false},"version":2}},"categories":[21],"tags":[],"class_list":["post-43999","post","type-post","status-publish","format-standard","has-post-thumbnail","hentry","category-locales"],"aioseo_notices":[],"views":6,"jetpack_publicize_connections":[],"jetpack_featured_media_url":"https:\/\/i0.wp.com\/elterritorialweb.com.ar\/web\/wp-content\/uploads\/2022\/08\/WhatsApp-Image-2022-08-22-at-12.46.21-PM.jpeg?fit=1280%2C853&ssl=1","jetpack_sharing_enabled":true,"_links":{"self":[{"href":"https:\/\/elterritorialweb.com.ar\/web\/wp-json\/wp\/v2\/posts\/43999","targetHints":{"allow":["GET"]}}],"collection":[{"href":"https:\/\/elterritorialweb.com.ar\/web\/wp-json\/wp\/v2\/posts"}],"about":[{"href":"https:\/\/elterritorialweb.com.ar\/web\/wp-json\/wp\/v2\/types\/post"}],"author":[{"embeddable":true,"href":"https:\/\/elterritorialweb.com.ar\/web\/wp-json\/wp\/v2\/users\/2"}],"replies":[{"embeddable":true,"href":"https:\/\/elterritorialweb.com.ar\/web\/wp-json\/wp\/v2\/comments?post=43999"}],"version-history":[{"count":1,"href":"https:\/\/elterritorialweb.com.ar\/web\/wp-json\/wp\/v2\/posts\/43999\/revisions"}],"predecessor-version":[{"id":44001,"href":"https:\/\/elterritorialweb.com.ar\/web\/wp-json\/wp\/v2\/posts\/43999\/revisions\/44001"}],"wp:featuredmedia":[{"embeddable":true,"href":"https:\/\/elterritorialweb.com.ar\/web\/wp-json\/wp\/v2\/media\/44000"}],"wp:attachment":[{"href":"https:\/\/elterritorialweb.com.ar\/web\/wp-json\/wp\/v2\/media?parent=43999"}],"wp:term":[{"taxonomy":"category","embeddable":true,"href":"https:\/\/elterritorialweb.com.ar\/web\/wp-json\/wp\/v2\/categories?post=43999"},{"taxonomy":"post_tag","embeddable":true,"href":"https:\/\/elterritorialweb.com.ar\/web\/wp-json\/wp\/v2\/tags?post=43999"}],"curies":[{"name":"wp","href":"https:\/\/api.w.org\/{rel}","templated":true}]}}