{"id":44007,"date":"2022-08-23T17:31:58","date_gmt":"2022-08-23T17:31:58","guid":{"rendered":"http:\/\/elterritorialweb.com.ar\/web\/?p=44007"},"modified":"2022-08-23T17:31:58","modified_gmt":"2022-08-23T17:31:58","slug":"este-no-es-un-juicio-a-cristina-kirchner-es-un-juicio-al-peronismo","status":"publish","type":"post","link":"https:\/\/elterritorialweb.com.ar\/web\/este-no-es-un-juicio-a-cristina-kirchner-es-un-juicio-al-peronismo\/","title":{"rendered":"\u00abESTE NO ES UN JUICIO A CRISTINA KIRCHNER, ES UN JUICIO AL PERONISMO\u00bb"},"content":{"rendered":"\n<p>La vicepresidenta Cristina Fern\u00e1ndez de Kirchner sostuvo este martes que el juicio de Vialidad no es un proceso \u00abcontra Cristina Kirchner\u00bb sino que es \u00abun juicio al peronismo, a los gobiernos nacionales y populares, a los que peleamos por una mejora del salario, de las jubilaciones y la obra p\u00fablica\u00bb.<\/p>\n\n\n\n<p>\u00abMe preocupa mucho la situaci\u00f3n de millones de argentinos. Esto tiene que ver con todo. Necesitan dirigentes disciplinarios y funcionarios que hagan lo que el poder real quiere\u00bb, dijo la expresidenta en un mensaje a trav\u00e9s de YouTube con el que ejerci\u00f3 su \u00abderecho a la defensa\u00bb ante las acusaciones y nuevas pruebas incorporadas por la fiscal\u00eda en el \u00faltimo tramo del debate oral por el presunto direccionamiento de la obra p\u00fablica en Santa Cruz, en el marco de la exposici\u00f3n de sus alegatos, luego de la cual el tribunal se neg\u00f3 a concederle la posibilidad de ampliar su declaraci\u00f3n indagatoria.<\/p>\n\n\n\n<p>Fern\u00e1ndez de Kirchner dijo adem\u00e1s que los fiscales de la causa Vialidad piden 12 a\u00f1os de detenci\u00f3n por \u00ablos 12 a\u00f1os del mejor gobierno que tuvo la Argentina en las \u00faltimas d\u00e9cadas: el de N\u00e9stor Kirchner y mis dos mandatos\u00bb, ante lo que agreg\u00f3:\u00a0<strong>\u00abNos piden 12 a\u00f1os por la memoria, la verdad y la justicia, por el FMI, por las AFJP, por el salario de los laburantes, Por eso me van a estigmatizar y condenar. Si naciera 20 veces, 20 veces har\u00eda lo mismo\u00bb<\/strong>.<\/p>\n\n\n\n<p>\u00abEsto es lo que quer\u00eda decir en el tribunal.&nbsp;<strong>Mostrarles lo que hab\u00eda encontrado a los fiscales y preguntar c\u00f3mo fue que no siguieron investigando de donde ven\u00edan los 9 millones de d\u00f3lares que Jos\u00e9 L\u00f3pez intent\u00f3 ocultar en un convento<\/strong>\u00ab, dijo la expresidenta al finalizar su mensaje que fue seguido por miles de usuarios de Youtube.<\/p>\n\n\n\n<p>La exmandataria cuestion\u00f3 adem\u00e1s la \u00abferoz campa\u00f1a pol\u00edtica y medi\u00e1tica\u00bb montada en el marco del juicio denominado Vialidad, al realizar su \u00abderecho de defensa\u00bb, y asegur\u00f3 que el juicio denominado Vialidad \u00abempez\u00f3 con una ficci\u00f3n, un gui\u00f3n que adem\u00e1s de bastante malo, era falso\u00bb ya que \u00abnada de lo que dijeron los fiscales fue probado sino que, al contrario, se comprob\u00f3 que era exactamente al rev\u00e9s de lo que se dec\u00eda\u00bb.<\/p>\n\n\n\n<p>En otro pasaje, Fern\u00e1ndez de Kirchner afirm\u00f3 que\u00a0<strong>\u00abdesde el 2019\u00bb viene asegurando que la causa Vialidad \u00abest\u00e1 armada\u00bb<\/strong>, y dijo que \u00abmuchos de los testimonios propuestos por los fiscales Sergio Mola y Diego Luciani finalmente colapsaron\u00bb en el marco del juicio, al tiempo que cuestion\u00f3 la cobertura del caso de los diarios Clar\u00edn y La Naci\u00f3n, a los que tild\u00f3 de ser \u00ablas dos naves insignias del &#8216;lawfare'\u00bb.<\/p>\n\n\n\n<p>\u00ab<strong>Cuando dije que ten\u00edan la sentencia escrita, me qued\u00e9 corta<\/strong>. Cuando llegamos al gobierno en 2019, desde el macrismo, comenzaron a aparecer las cosas que hab\u00edan hecho en materia judicial\u00bb, afirm\u00f3 la expresidenta.<\/p>\n\n\n\n<p>Adem\u00e1s, la vicepresidenta sostuvo que&nbsp;<strong>\u00abnada de lo que dijeron los fiscales fue probado\u00bb&nbsp;<\/strong>y \u00abni siquiera leyeron las pruebas que recabaron\u00bb en el marco de la causa denominada Vialidad.<\/p>\n\n\n\n<p>\u00abNo solamente no fue probado, sino que se comprob\u00f3 que era exactamente al rev\u00e9s de lo que dec\u00edan. Lo pudimos ver a trav\u00e9s de los testimonios de m\u00e1s de 100 testigos citados por el Ministerio P\u00fablico Fiscal\u00bb, se\u00f1al\u00f3.<\/p>\n\n\n\n<p>Al ejercer su \u00abderecho a la defensa\u00bb por su canal de YouTube, la exmandataria mostr\u00f3&nbsp;<strong>comunicaciones entre el empresario Nicol\u00e1s Caputo -amigo del expresidente Mauricio Macri- y el exsecretario de Obras P\u00fablicas Jos\u00e9 L\u00f3pez, que demuestran la \u00abfamiliaridad\u00bb que hab\u00eda entre ambos.<\/strong><\/p>\n\n\n\n<p>En ese sentido,&nbsp;Fern\u00e1ndez de Kirchner&nbsp;<strong>cuestion\u00f3 que los fiscales Diego Luciani y Sergo Mola no hayan observado, en el marco del juicio oral por la causa Vialidad, la \u00abfrecuencia y la familiaridad de la relaci\u00f3n\u00bb entre Caputo y L\u00f3pez<\/strong>, probada en documentaci\u00f3n con registros de llamadas entre ellos.<\/p>\n\n\n\n<p>La vicepresidenta sostuvo adem\u00e1s que los fiscales de la causa Vialidad \u00abno vieron que hab\u00eda una asociaci\u00f3n il\u00edcita\u00bb entre Jos\u00e9 L\u00f3pez y empresarios relacionados con el macrismo como Nicol\u00e1s Caputo y Eduardo Guti\u00e9rrez.\u00a0\u00abCuando el fiscal Diego Luciani dice &#8216;donde uno aprieta sale pus&#8217;, tiene raz\u00f3n; sale la pus de ustedes, los macristas\u00bb, dijo Fern\u00e1ndez de Kirchner, quien agreg\u00f3 que\u00a0<strong>no tiene la m\u00e1s \u00abm\u00ednima duda\u00bb de que los 9 millones de d\u00f3lares que L\u00f3pez llev\u00f3 a un convento en Luj\u00e1n pertenec\u00edan a esos empresarios.<\/strong><\/p>\n\n\n\n<p>Cristina Kirchner adem\u00e1s asever\u00f3 que&nbsp;<strong>\u00abse va a demostrar que adem\u00e1s de mentirosos, los fiscales no trabajaron. No leyeron las pruebas que consta de 9 mil fojas\u00bb<\/strong>.<\/p>\n\n\n\n<h3 class=\"wp-block-heading\">\u00abUstedes huyen\u00bb<\/h3>\n\n\n\n<p>La vicepresidenta cuestion\u00f3 adem\u00e1s al dirigente de Juntos por el Cambio y representante en el Parlasur, Fabian \u00abPep\u00edn\u00bb Rodr\u00edguez Sim\u00f3n, quien \u00abse encuentra hace m\u00e1s de 600 d\u00edas pr\u00f3fugo\u00bb de la Justicia.<\/p>\n\n\n\n<p><strong>\u00abNosotros nos presentamos en la Justicia, Ustedes huyen. Ante la primera citaci\u00f3n que tienen huyen\u00bb<\/strong>, afirm\u00f3 la expresidenta.<\/p>\n\n\n\n<p>As\u00ed lo afirm\u00f3 la ex mandataria y actual Vicepresidenta al ejercer por YouTube su \u00abderecho de defensa\u00bb desde su despacho en el Senado de la Naci\u00f3n, luego de que el tribunal que la juzga por el supuesto direccionamiento de la obra p\u00fablica en Santa Cruz rechazara su pedido de ampliaci\u00f3n de indagatoria tras la exposici\u00f3n del alegato de los fiscales.<\/p>\n","protected":false},"excerpt":{"rendered":"<p>Tras la negativa del tribunal a concederle la posibilidad de ampliar su indagatoria, la exmandataria utiliz\u00f3 la plataforma YouTube para expresarse respecto a la causa denominada Vialidad.<\/p>\n","protected":false},"author":2,"featured_media":44008,"comment_status":"open","ping_status":"open","sticky":false,"template":"","format":"standard","meta":{"om_disable_all_campaigns":false,"_monsterinsights_skip_tracking":false,"_monsterinsights_sitenote_active":false,"_monsterinsights_sitenote_note":"","_monsterinsights_sitenote_category":0,"_uf_show_specific_survey":0,"_uf_disable_surveys":false,"jetpack_post_was_ever_published":false,"_jetpack_newsletter_access":"","_jetpack_dont_email_post_to_subs":false,"_jetpack_newsletter_tier_id":0,"_jetpack_memberships_contains_paywalled_content":false,"_jetpack_memberships_contains_paid_content":false,"footnotes":"","jetpack_publicize_message":"","jetpack_publicize_feature_enabled":true,"jetpack_social_post_already_shared":false,"jetpack_social_options":{"image_generator_settings":{"template":"highway","default_image_id":0,"font":"","enabled":false},"version":2}},"categories":[4,18],"tags":[],"class_list":["post-44007","post","type-post","status-publish","format-standard","has-post-thumbnail","hentry","category-destacadas","category-politica"],"aioseo_notices":[],"views":5,"jetpack_publicize_connections":[],"jetpack_featured_media_url":"https:\/\/i0.wp.com\/elterritorialweb.com.ar\/web\/wp-content\/uploads\/2022\/08\/CRISTINA-KIRCHNER.jpg?fit=960%2C640&ssl=1","jetpack_sharing_enabled":true,"_links":{"self":[{"href":"https:\/\/elterritorialweb.com.ar\/web\/wp-json\/wp\/v2\/posts\/44007","targetHints":{"allow":["GET"]}}],"collection":[{"href":"https:\/\/elterritorialweb.com.ar\/web\/wp-json\/wp\/v2\/posts"}],"about":[{"href":"https:\/\/elterritorialweb.com.ar\/web\/wp-json\/wp\/v2\/types\/post"}],"author":[{"embeddable":true,"href":"https:\/\/elterritorialweb.com.ar\/web\/wp-json\/wp\/v2\/users\/2"}],"replies":[{"embeddable":true,"href":"https:\/\/elterritorialweb.com.ar\/web\/wp-json\/wp\/v2\/comments?post=44007"}],"version-history":[{"count":1,"href":"https:\/\/elterritorialweb.com.ar\/web\/wp-json\/wp\/v2\/posts\/44007\/revisions"}],"predecessor-version":[{"id":44009,"href":"https:\/\/elterritorialweb.com.ar\/web\/wp-json\/wp\/v2\/posts\/44007\/revisions\/44009"}],"wp:featuredmedia":[{"embeddable":true,"href":"https:\/\/elterritorialweb.com.ar\/web\/wp-json\/wp\/v2\/media\/44008"}],"wp:attachment":[{"href":"https:\/\/elterritorialweb.com.ar\/web\/wp-json\/wp\/v2\/media?parent=44007"}],"wp:term":[{"taxonomy":"category","embeddable":true,"href":"https:\/\/elterritorialweb.com.ar\/web\/wp-json\/wp\/v2\/categories?post=44007"},{"taxonomy":"post_tag","embeddable":true,"href":"https:\/\/elterritorialweb.com.ar\/web\/wp-json\/wp\/v2\/tags?post=44007"}],"curies":[{"name":"wp","href":"https:\/\/api.w.org\/{rel}","templated":true}]}}