{"id":44021,"date":"2022-08-23T22:59:52","date_gmt":"2022-08-23T22:59:52","guid":{"rendered":"http:\/\/elterritorialweb.com.ar\/web\/?p=44021"},"modified":"2022-08-23T23:00:14","modified_gmt":"2022-08-23T23:00:14","slug":"importantes-avances-en-la-asamblea-de-gobernadores-del-norte-grande-en-jujuy","status":"publish","type":"post","link":"https:\/\/elterritorialweb.com.ar\/web\/importantes-avances-en-la-asamblea-de-gobernadores-del-norte-grande-en-jujuy\/","title":{"rendered":"IMPORTANTES AVANCES EN LA ASAMBLEA DE  GOBERNADORES DEL NORTE GRANDE EN JUJUY"},"content":{"rendered":"\n<p>Gerardo Morales, en su condici\u00f3n de mandatario anfitri\u00f3n, dio la bienvenida a los representantes de las provincias integrantes de este espacio que tiene como presidente pro t\u00e9mpore al gobernador de Santiago del Estero, Gerardo Zamora.<\/p>\n\n\n\n<p>Tambi\u00e9n fueron parte de la mesa el jefe de Gabinete de la Naci\u00f3n, Juan Manzur; el ministro de Turismo y Deportes de la Naci\u00f3n, Mat\u00edas Lammens; el secretario general del Consejo Federal de Inversiones, Ignacio Lamothe; la secretaria de Energ\u00eda de la Naci\u00f3n, Flavia Roy\u00f3n, y la secretaria de Comercio del Ministerio del Interior, Paula Espa\u00f1ol.<\/p>\n\n\n\n<figure class=\"wp-block-image size-large\"><a href=\"https:\/\/i0.wp.com\/elterritorialweb.com.ar\/web\/wp-content\/uploads\/2022\/08\/WhatsApp-Image-2022-08-23-at-3.41.24-PM-1.jpeg\"><img data-recalc-dims=\"1\" decoding=\"async\" width=\"640\" height=\"429\" data-src=\"https:\/\/i0.wp.com\/elterritorialweb.com.ar\/web\/wp-content\/uploads\/2022\/08\/WhatsApp-Image-2022-08-23-at-3.41.24-PM-1.jpeg?resize=640%2C429\" alt=\"\" class=\"wp-image-44023 lazyload\" data-srcset=\"https:\/\/i0.wp.com\/elterritorialweb.com.ar\/web\/wp-content\/uploads\/2022\/08\/WhatsApp-Image-2022-08-23-at-3.41.24-PM-1.jpeg?resize=1024%2C687&amp;ssl=1 1024w, https:\/\/i0.wp.com\/elterritorialweb.com.ar\/web\/wp-content\/uploads\/2022\/08\/WhatsApp-Image-2022-08-23-at-3.41.24-PM-1.jpeg?resize=300%2C201&amp;ssl=1 300w, https:\/\/i0.wp.com\/elterritorialweb.com.ar\/web\/wp-content\/uploads\/2022\/08\/WhatsApp-Image-2022-08-23-at-3.41.24-PM-1.jpeg?resize=768%2C516&amp;ssl=1 768w, https:\/\/i0.wp.com\/elterritorialweb.com.ar\/web\/wp-content\/uploads\/2022\/08\/WhatsApp-Image-2022-08-23-at-3.41.24-PM-1.jpeg?w=1302&amp;ssl=1 1302w\" data-sizes=\"(max-width: 640px) 100vw, 640px\" src=\"data:image\/svg+xml;base64,PHN2ZyB3aWR0aD0iMSIgaGVpZ2h0PSIxIiB4bWxucz0iaHR0cDovL3d3dy53My5vcmcvMjAwMC9zdmciPjwvc3ZnPg==\" style=\"--smush-placeholder-width: 640px; --smush-placeholder-aspect-ratio: 640\/429;\" \/><\/a><\/figure>\n\n\n\n<p>Adem\u00e1s, asistieron los gobernadores de Chaco, Jorge Capitanich; de Formosa, Gildo Insfr\u00e1n; de Catamarca, Ra\u00fal Jalil; de Salta, Gustavo S\u00e1enz; de Misiones, Oscar Herrera Ahuad, y de Corrientes, Gustavo Vald\u00e9s, y a los vicegobernadores de Tucum\u00e1n, Sergio Mansilla, y de La Rioja, Florencia L\u00f3pez.<br>Tras la reuni\u00f3n, los gobernadores dieron a conocer las principales conclusiones, entre las que se destacan la fecha de la pr\u00f3xima asamblea, programada para el 8 de septiembre en Chaco.<\/p>\n\n\n\n<p>Durante esta 12\u00b0 asamblea fue tratada la segmentaci\u00f3n de subsidios de electricidad y gas con logros importantes; se dio a conocer el Manual de Marca de Norte Grande; tambi\u00e9n se defini\u00f3 para el 8 de septiembre la realizaci\u00f3n de la Expo Norte Grande en la provincia de Chaco y en este marco se realizar\u00e1 tambi\u00e9n la primera reuni\u00f3n de Agencia de Promoci\u00f3n de Inversiones y Comercio Exterior.<\/p>\n\n\n\n<p>Por otra parte, el Consejo Federal de Inversiones dio a conocer los nuevos avances del Plan de Estrategia Log\u00edstica del Norte Grande y se analiz\u00f3 la Ley de Garant\u00eda de Inversiones para la firma de convenios que se encuentran para tratamiento parlamentario.<\/p>\n\n\n\n<figure class=\"wp-block-image size-large\"><a href=\"https:\/\/i0.wp.com\/elterritorialweb.com.ar\/web\/wp-content\/uploads\/2022\/08\/WhatsApp-Image-2022-08-23-at-3.41.24-PM.jpeg\"><img data-recalc-dims=\"1\" decoding=\"async\" width=\"640\" height=\"391\" data-src=\"https:\/\/i0.wp.com\/elterritorialweb.com.ar\/web\/wp-content\/uploads\/2022\/08\/WhatsApp-Image-2022-08-23-at-3.41.24-PM.jpeg?resize=640%2C391\" alt=\"\" class=\"wp-image-44025 lazyload\" data-srcset=\"https:\/\/i0.wp.com\/elterritorialweb.com.ar\/web\/wp-content\/uploads\/2022\/08\/WhatsApp-Image-2022-08-23-at-3.41.24-PM.jpeg?resize=1024%2C626&amp;ssl=1 1024w, https:\/\/i0.wp.com\/elterritorialweb.com.ar\/web\/wp-content\/uploads\/2022\/08\/WhatsApp-Image-2022-08-23-at-3.41.24-PM.jpeg?resize=300%2C183&amp;ssl=1 300w, https:\/\/i0.wp.com\/elterritorialweb.com.ar\/web\/wp-content\/uploads\/2022\/08\/WhatsApp-Image-2022-08-23-at-3.41.24-PM.jpeg?resize=768%2C470&amp;ssl=1 768w, https:\/\/i0.wp.com\/elterritorialweb.com.ar\/web\/wp-content\/uploads\/2022\/08\/WhatsApp-Image-2022-08-23-at-3.41.24-PM.jpeg?w=1534&amp;ssl=1 1534w, https:\/\/i0.wp.com\/elterritorialweb.com.ar\/web\/wp-content\/uploads\/2022\/08\/WhatsApp-Image-2022-08-23-at-3.41.24-PM.jpeg?w=1280 1280w\" data-sizes=\"(max-width: 640px) 100vw, 640px\" src=\"data:image\/svg+xml;base64,PHN2ZyB3aWR0aD0iMSIgaGVpZ2h0PSIxIiB4bWxucz0iaHR0cDovL3d3dy53My5vcmcvMjAwMC9zdmciPjwvc3ZnPg==\" style=\"--smush-placeholder-width: 640px; --smush-placeholder-aspect-ratio: 640\/391;\" \/><\/a><\/figure>\n\n\n\n<p>Durante la asamblea tambi\u00e9n se mantuvo una video conferencia con el embajador argentino en Estados Unidos, Jorge Arg\u00fcello, con quien definieron los puntos de la misi\u00f3n conjunta que los gobernadores de la regi\u00f3n realizar\u00e1n durante siete d\u00edas al pa\u00eds del norte, a partir del 25 de septiembre, con actividades programadas en Washington y Nueva York<\/p>\n\n\n\n<p>Tambi\u00e9n se destacaron los pasos importantes que se dieron para alcanzar los objetivos de los 1.000 megavatios de energ\u00eda renovable para las 10 provincias y se trataron los temas relacionados con la problem\u00e1tica del cupo de combustible y gas para la regi\u00f3n.<\/p>\n\n\n\n<figure class=\"wp-block-image size-large\"><a href=\"https:\/\/i0.wp.com\/elterritorialweb.com.ar\/web\/wp-content\/uploads\/2022\/08\/WhatsApp-Image-2022-08-23-at-3.41.24-PM-2.jpeg\"><img data-recalc-dims=\"1\" decoding=\"async\" width=\"640\" height=\"427\" data-src=\"https:\/\/i0.wp.com\/elterritorialweb.com.ar\/web\/wp-content\/uploads\/2022\/08\/WhatsApp-Image-2022-08-23-at-3.41.24-PM-2.jpeg?resize=640%2C427\" alt=\"\" class=\"wp-image-44024 lazyload\" data-srcset=\"https:\/\/i0.wp.com\/elterritorialweb.com.ar\/web\/wp-content\/uploads\/2022\/08\/WhatsApp-Image-2022-08-23-at-3.41.24-PM-2.jpeg?resize=1024%2C683&amp;ssl=1 1024w, https:\/\/i0.wp.com\/elterritorialweb.com.ar\/web\/wp-content\/uploads\/2022\/08\/WhatsApp-Image-2022-08-23-at-3.41.24-PM-2.jpeg?resize=300%2C200&amp;ssl=1 300w, https:\/\/i0.wp.com\/elterritorialweb.com.ar\/web\/wp-content\/uploads\/2022\/08\/WhatsApp-Image-2022-08-23-at-3.41.24-PM-2.jpeg?resize=768%2C512&amp;ssl=1 768w, https:\/\/i0.wp.com\/elterritorialweb.com.ar\/web\/wp-content\/uploads\/2022\/08\/WhatsApp-Image-2022-08-23-at-3.41.24-PM-2.jpeg?resize=1536%2C1024&amp;ssl=1 1536w, https:\/\/i0.wp.com\/elterritorialweb.com.ar\/web\/wp-content\/uploads\/2022\/08\/WhatsApp-Image-2022-08-23-at-3.41.24-PM-2.jpeg?w=1599&amp;ssl=1 1599w, https:\/\/i0.wp.com\/elterritorialweb.com.ar\/web\/wp-content\/uploads\/2022\/08\/WhatsApp-Image-2022-08-23-at-3.41.24-PM-2.jpeg?w=1280 1280w\" data-sizes=\"(max-width: 640px) 100vw, 640px\" src=\"data:image\/svg+xml;base64,PHN2ZyB3aWR0aD0iMSIgaGVpZ2h0PSIxIiB4bWxucz0iaHR0cDovL3d3dy53My5vcmcvMjAwMC9zdmciPjwvc3ZnPg==\" style=\"--smush-placeholder-width: 640px; --smush-placeholder-aspect-ratio: 640\/427;\" \/><\/a><\/figure>\n\n\n\n<p>Los mandatarios provinciales tambi\u00e9n pudieron escuchar a los representantes de la Confederaci\u00f3n Argentina de Mediana Empresa (Came) y de la Uniones Industriales de las distintas provincias, ocasi\u00f3n en la que se reafirm\u00f3 el compromiso de trabajar en una agenda en com\u00fan con este sector.<\/p>\n\n\n\n<p>Antes de finalizar, Zamora destac\u00f3 el acompa\u00f1amiento del jefe de Gabinete de la Naci\u00f3n, del ministro de Turismo y Deportes; del CFI y de las secretar\u00edas de Energ\u00eda de la Naci\u00f3n y del Ministerio del Interior, para seguir trabajando en la construcci\u00f3n de un pa\u00eds m\u00e1s federal y con menos asimetr\u00edas.<\/p>\n","protected":false},"excerpt":{"rendered":"<p>La ciudad de San Salvador de Jujuy fue sede este martes de la 12\u00b0 Asamblea de Gobernadores del Norte Grande Argentino, donde los representantes de las diez provincias integrantes, junto con funcionarios de la Naci\u00f3n, dieron importantes avances en distintos temas que forman parte de la agenda regional.<\/p>\n","protected":false},"author":2,"featured_media":44022,"comment_status":"open","ping_status":"open","sticky":false,"template":"","format":"standard","meta":{"om_disable_all_campaigns":false,"_monsterinsights_skip_tracking":false,"_monsterinsights_sitenote_active":false,"_monsterinsights_sitenote_note":"","_monsterinsights_sitenote_category":0,"_uf_show_specific_survey":0,"_uf_disable_surveys":false,"jetpack_post_was_ever_published":false,"_jetpack_newsletter_access":"","_jetpack_dont_email_post_to_subs":false,"_jetpack_newsletter_tier_id":0,"_jetpack_memberships_contains_paywalled_content":false,"_jetpack_memberships_contains_paid_content":false,"footnotes":"","jetpack_publicize_message":"","jetpack_publicize_feature_enabled":true,"jetpack_social_post_already_shared":false,"jetpack_social_options":{"image_generator_settings":{"template":"highway","default_image_id":0,"font":"","enabled":false},"version":2}},"categories":[4,18],"tags":[],"class_list":["post-44021","post","type-post","status-publish","format-standard","has-post-thumbnail","hentry","category-destacadas","category-politica"],"aioseo_notices":[],"views":6,"jetpack_publicize_connections":[],"jetpack_featured_media_url":"https:\/\/i0.wp.com\/elterritorialweb.com.ar\/web\/wp-content\/uploads\/2022\/08\/WhatsApp-Image-2022-08-23-at-3.41.23-PM.jpeg?fit=1599%2C1066&ssl=1","jetpack_sharing_enabled":true,"_links":{"self":[{"href":"https:\/\/elterritorialweb.com.ar\/web\/wp-json\/wp\/v2\/posts\/44021","targetHints":{"allow":["GET"]}}],"collection":[{"href":"https:\/\/elterritorialweb.com.ar\/web\/wp-json\/wp\/v2\/posts"}],"about":[{"href":"https:\/\/elterritorialweb.com.ar\/web\/wp-json\/wp\/v2\/types\/post"}],"author":[{"embeddable":true,"href":"https:\/\/elterritorialweb.com.ar\/web\/wp-json\/wp\/v2\/users\/2"}],"replies":[{"embeddable":true,"href":"https:\/\/elterritorialweb.com.ar\/web\/wp-json\/wp\/v2\/comments?post=44021"}],"version-history":[{"count":1,"href":"https:\/\/elterritorialweb.com.ar\/web\/wp-json\/wp\/v2\/posts\/44021\/revisions"}],"predecessor-version":[{"id":44026,"href":"https:\/\/elterritorialweb.com.ar\/web\/wp-json\/wp\/v2\/posts\/44021\/revisions\/44026"}],"wp:featuredmedia":[{"embeddable":true,"href":"https:\/\/elterritorialweb.com.ar\/web\/wp-json\/wp\/v2\/media\/44022"}],"wp:attachment":[{"href":"https:\/\/elterritorialweb.com.ar\/web\/wp-json\/wp\/v2\/media?parent=44021"}],"wp:term":[{"taxonomy":"category","embeddable":true,"href":"https:\/\/elterritorialweb.com.ar\/web\/wp-json\/wp\/v2\/categories?post=44021"},{"taxonomy":"post_tag","embeddable":true,"href":"https:\/\/elterritorialweb.com.ar\/web\/wp-json\/wp\/v2\/tags?post=44021"}],"curies":[{"name":"wp","href":"https:\/\/api.w.org\/{rel}","templated":true}]}}