{"id":44027,"date":"2022-08-23T23:10:53","date_gmt":"2022-08-23T23:10:53","guid":{"rendered":"http:\/\/elterritorialweb.com.ar\/web\/?p=44027"},"modified":"2022-08-23T23:22:20","modified_gmt":"2022-08-23T23:22:20","slug":"natividad-nassif-participa-de-una-reunion-del-consejo-federal-de-la-salud","status":"publish","type":"post","link":"https:\/\/elterritorialweb.com.ar\/web\/natividad-nassif-participa-de-una-reunion-del-consejo-federal-de-la-salud\/","title":{"rendered":"NATIVIDAD NASSIF PARTICIPA DE UNA REUNI\u00d3N DEL CONSEJO FEDERAL DE LA SALUD"},"content":{"rendered":"\n<p>La ministra de Salud, Natividad Nassif, participa de una nueva reuni\u00f3n del Consejo Federal de Salud, junto a sus pares de todo el pa\u00eds, encabezada por Carla Vizzotti como titular de la cartera nacional.<\/p>\n\n\n\n<p>Durante las jornadas se realizar\u00e1 el acto de promulgaci\u00f3n de la Ley de Prevenci\u00f3n y Control de la Resistencia Antimicrobiana y se presentar\u00e1 la estrategia OPS sobre enfermedades cr\u00f3nicas y no trasmisibles con la presencia de la representante de OPS\/OMS, Dra. Eva Llopis.<\/p>\n\n\n\n<p>En esa instancia, se abordar\u00e1n las leyes relacionadas a las enfermedades cr\u00f3nicas no transmisibles: los avances de la Ley de Promoci\u00f3n de la Alimentaci\u00f3n Saludable, las leyes de Muerte S\u00fabita, de Enfermedad Cel\u00edaca, de Cuidado Paliativos y de Diabetes.<\/p>\n\n\n\n<p>Por otro lado, junto a las autoridades del Instituto Nacional del C\u00e1ncer se tratar\u00e1n las estrategias de Screening de HPV, Colorrectal, Mama, la Ley de Oncopediatr\u00eda; el programa de cuidados paliativos y la provisi\u00f3n medicamentos oncol\u00f3gicos.<\/p>\n\n\n\n<p>Tambi\u00e9n con motivo de cumplirse los 35 a\u00f1os del Hospital Garrahan se compartir\u00e1 un balance y pr\u00f3ximos desaf\u00edos del centro de salud pedi\u00e1trico. La situaci\u00f3n actual de la viruela s\u00edmica, las directrices de procuraci\u00f3n de \u00f3rganos y tejidos, los Programas Incluir Salud y \u201cHay equipo\u201d, adem\u00e1s de la Estrategia Federal de Abordaje Integral de Salud Mental y Consumos problem\u00e1ticos, ser\u00e1n otros temas que los ministros debatir\u00e1n durante la reuni\u00f3n.<\/p>\n","protected":false},"excerpt":{"rendered":"<p>Con una intensa agenda la reuni\u00f3n se extender\u00e1 hasta este mi\u00e9rcoles 24 de agosto en la Ciudad Aut\u00f3noma de Buenos Aires.<\/p>\n","protected":false},"author":2,"featured_media":44028,"comment_status":"open","ping_status":"open","sticky":false,"template":"","format":"standard","meta":{"om_disable_all_campaigns":false,"_monsterinsights_skip_tracking":false,"_monsterinsights_sitenote_active":false,"_monsterinsights_sitenote_note":"","_monsterinsights_sitenote_category":0,"_uf_show_specific_survey":0,"_uf_disable_surveys":false,"jetpack_post_was_ever_published":false,"_jetpack_newsletter_access":"","_jetpack_dont_email_post_to_subs":false,"_jetpack_newsletter_tier_id":0,"_jetpack_memberships_contains_paywalled_content":false,"_jetpack_memberships_contains_paid_content":false,"footnotes":"","jetpack_publicize_message":"","jetpack_publicize_feature_enabled":true,"jetpack_social_post_already_shared":false,"jetpack_social_options":{"image_generator_settings":{"template":"highway","default_image_id":0,"font":"","enabled":false},"version":2}},"categories":[3],"tags":[],"class_list":["post-44027","post","type-post","status-publish","format-standard","has-post-thumbnail","hentry","category-salud"],"aioseo_notices":[],"views":10,"jetpack_publicize_connections":[],"jetpack_featured_media_url":"https:\/\/i0.wp.com\/elterritorialweb.com.ar\/web\/wp-content\/uploads\/2022\/08\/WhatsApp-Image-2022-08-23-at-5.25.53-PM.jpeg?fit=1280%2C960&ssl=1","jetpack_sharing_enabled":true,"_links":{"self":[{"href":"https:\/\/elterritorialweb.com.ar\/web\/wp-json\/wp\/v2\/posts\/44027","targetHints":{"allow":["GET"]}}],"collection":[{"href":"https:\/\/elterritorialweb.com.ar\/web\/wp-json\/wp\/v2\/posts"}],"about":[{"href":"https:\/\/elterritorialweb.com.ar\/web\/wp-json\/wp\/v2\/types\/post"}],"author":[{"embeddable":true,"href":"https:\/\/elterritorialweb.com.ar\/web\/wp-json\/wp\/v2\/users\/2"}],"replies":[{"embeddable":true,"href":"https:\/\/elterritorialweb.com.ar\/web\/wp-json\/wp\/v2\/comments?post=44027"}],"version-history":[{"count":2,"href":"https:\/\/elterritorialweb.com.ar\/web\/wp-json\/wp\/v2\/posts\/44027\/revisions"}],"predecessor-version":[{"id":44031,"href":"https:\/\/elterritorialweb.com.ar\/web\/wp-json\/wp\/v2\/posts\/44027\/revisions\/44031"}],"wp:featuredmedia":[{"embeddable":true,"href":"https:\/\/elterritorialweb.com.ar\/web\/wp-json\/wp\/v2\/media\/44028"}],"wp:attachment":[{"href":"https:\/\/elterritorialweb.com.ar\/web\/wp-json\/wp\/v2\/media?parent=44027"}],"wp:term":[{"taxonomy":"category","embeddable":true,"href":"https:\/\/elterritorialweb.com.ar\/web\/wp-json\/wp\/v2\/categories?post=44027"},{"taxonomy":"post_tag","embeddable":true,"href":"https:\/\/elterritorialweb.com.ar\/web\/wp-json\/wp\/v2\/tags?post=44027"}],"curies":[{"name":"wp","href":"https:\/\/api.w.org\/{rel}","templated":true}]}}