{"id":44032,"date":"2022-08-23T23:32:07","date_gmt":"2022-08-23T23:32:07","guid":{"rendered":"http:\/\/elterritorialweb.com.ar\/web\/?p=44032"},"modified":"2022-08-23T23:36:19","modified_gmt":"2022-08-23T23:36:19","slug":"la-banda-proyectaran-peliculas-de-san-martin-en-la-casa-del-bicentenario","status":"publish","type":"post","link":"https:\/\/elterritorialweb.com.ar\/web\/la-banda-proyectaran-peliculas-de-san-martin-en-la-casa-del-bicentenario\/","title":{"rendered":"LA BANDA: PROYECTAR\u00c1N PEL\u00cdCULAS DE SAN MART\u00cdN EN LA CASA DEL BICENTENARIO"},"content":{"rendered":"\n<p>La iniciativa se llevar\u00e1 a cabo en la Casa del Bicentenario ubicada en la Plaza Mauricio Rojas sobre Av. Besares; este Mi\u00e9rcoles 24 del corriente mes en dos funciones; una a las 10<br>En la oportunidad, la subsecretaria del \u00e1rea Stella Maris Mirolo y la directora de la Casa del Bicentenario, Daniela Olivera, expresaron que \u201cesta actividad se realiza en el marco de los 172\u00ba Aniversario del Paso a la Inmortalidad del Libertador General Jos\u00e9 Francisco de San Mart\u00edn, a la proyecci\u00f3n de pel\u00edculas nacionales para conmemorar al Libertador de nuestra Patria, con entrada libre y gratuita\u201d.<\/p>\n\n\n\n<figure class=\"wp-block-image size-large\"><a href=\"https:\/\/i0.wp.com\/elterritorialweb.com.ar\/web\/wp-content\/uploads\/2022\/08\/WhatsApp-Image-2022-08-23-at-5.47.59-PM.jpeg\"><img data-recalc-dims=\"1\" decoding=\"async\" width=\"610\" height=\"1024\" data-src=\"https:\/\/i0.wp.com\/elterritorialweb.com.ar\/web\/wp-content\/uploads\/2022\/08\/WhatsApp-Image-2022-08-23-at-5.47.59-PM.jpeg?resize=610%2C1024\" alt=\"\" class=\"wp-image-44034 lazyload\" data-srcset=\"https:\/\/i0.wp.com\/elterritorialweb.com.ar\/web\/wp-content\/uploads\/2022\/08\/WhatsApp-Image-2022-08-23-at-5.47.59-PM.jpeg?resize=610%2C1024&amp;ssl=1 610w, https:\/\/i0.wp.com\/elterritorialweb.com.ar\/web\/wp-content\/uploads\/2022\/08\/WhatsApp-Image-2022-08-23-at-5.47.59-PM.jpeg?resize=179%2C300&amp;ssl=1 179w, https:\/\/i0.wp.com\/elterritorialweb.com.ar\/web\/wp-content\/uploads\/2022\/08\/WhatsApp-Image-2022-08-23-at-5.47.59-PM.jpeg?w=720&amp;ssl=1 720w\" data-sizes=\"(max-width: 610px) 100vw, 610px\" src=\"data:image\/svg+xml;base64,PHN2ZyB3aWR0aD0iMSIgaGVpZ2h0PSIxIiB4bWxucz0iaHR0cDovL3d3dy53My5vcmcvMjAwMC9zdmciPjwvc3ZnPg==\" style=\"--smush-placeholder-width: 610px; --smush-placeholder-aspect-ratio: 610\/1024;\" \/><\/a><\/figure>\n\n\n\n<p>Asimismo, explicaron que \u201cRevoluci\u00f3n\u201d, dirigida por Leandro Ipi\u00f1a y protagonizada por Rodrigo de la Serna, entrelaza el inter\u00e9s intimista de su narraci\u00f3n con un despliegue visual de dimensiones avasallantes para cubrir ese primer cruce de Los Andes en el que San Mart\u00edn se plante\u00f3 la liberaci\u00f3n de toda Sudam\u00e9rica de los virreinatos.<br>Por otra parte, \u2018El encuentro de Guayaquil\u2019, protagonizada por Pablo Echarri narra el encuentro entre Jos\u00e9 de San Mart\u00edn y Sim\u00f3n Bol\u00edvar. A nivel hist\u00f3rico, sin recursos suficientes para revertir la situaci\u00f3n militar del Per\u00fa, San Mart\u00edn vio c\u00f3mo se debilitaba su posici\u00f3n pol\u00edtica en Lima. Recurre entonces a Bol\u00edvar, que ten\u00eda un fuerte respaldo pol\u00edtico y militar. La pel\u00edcula recorre la charla entre San Mart\u00edn y Bol\u00edvar en la ciudad de Guayaquil, tratando de desentra\u00f1ar sobre qu\u00e9 hablaron los dos grandes h\u00e9roes latinoamericanos, y de esta forma, poner de relieve el pensamiento de estos hombres.<\/p>\n\n\n\n<figure class=\"wp-block-image size-large\"><a href=\"https:\/\/i0.wp.com\/elterritorialweb.com.ar\/web\/wp-content\/uploads\/2022\/08\/WhatsApp-Image-2022-08-23-at-5.47.59-PM-1.jpeg\"><img data-recalc-dims=\"1\" decoding=\"async\" width=\"607\" height=\"1024\" data-src=\"https:\/\/i0.wp.com\/elterritorialweb.com.ar\/web\/wp-content\/uploads\/2022\/08\/WhatsApp-Image-2022-08-23-at-5.47.59-PM-1.jpeg?resize=607%2C1024\" alt=\"\" class=\"wp-image-44035 lazyload\" data-srcset=\"https:\/\/i0.wp.com\/elterritorialweb.com.ar\/web\/wp-content\/uploads\/2022\/08\/WhatsApp-Image-2022-08-23-at-5.47.59-PM-1.jpeg?resize=607%2C1024&amp;ssl=1 607w, https:\/\/i0.wp.com\/elterritorialweb.com.ar\/web\/wp-content\/uploads\/2022\/08\/WhatsApp-Image-2022-08-23-at-5.47.59-PM-1.jpeg?resize=178%2C300&amp;ssl=1 178w, https:\/\/i0.wp.com\/elterritorialweb.com.ar\/web\/wp-content\/uploads\/2022\/08\/WhatsApp-Image-2022-08-23-at-5.47.59-PM-1.jpeg?w=720&amp;ssl=1 720w\" data-sizes=\"(max-width: 607px) 100vw, 607px\" src=\"data:image\/svg+xml;base64,PHN2ZyB3aWR0aD0iMSIgaGVpZ2h0PSIxIiB4bWxucz0iaHR0cDovL3d3dy53My5vcmcvMjAwMC9zdmciPjwvc3ZnPg==\" style=\"--smush-placeholder-width: 607px; --smush-placeholder-aspect-ratio: 607\/1024;\" \/><\/a><\/figure>\n\n\n\n<p>Ambas filmaciones se proyectar\u00e1n el 24 de agosto, en las instalaciones de mencionada instituci\u00f3n, siendo as\u00ed, \u2018Revoluci\u00f3n, El cruce de los Andes\u2019 a las 10 y \u2018El encuentro de Guayaquil\u2019 a las 15 horas.<\/p>\n","protected":false},"excerpt":{"rendered":"<p>La Municipalidad de La Banda, a trav\u00e9s de la Subsecretar\u00eda de Educaci\u00f3n, invita a la comunidad a participar de la proyecci\u00f3n de pel\u00edculas sobre la vida de San Mart\u00edn, en el marco de un nuevo aniversario de su paso a la inmortalidad.<\/p>\n","protected":false},"author":2,"featured_media":44033,"comment_status":"open","ping_status":"open","sticky":false,"template":"","format":"standard","meta":{"om_disable_all_campaigns":false,"_monsterinsights_skip_tracking":false,"_monsterinsights_sitenote_active":false,"_monsterinsights_sitenote_note":"","_monsterinsights_sitenote_category":0,"_uf_show_specific_survey":0,"_uf_disable_surveys":false,"jetpack_post_was_ever_published":false,"_jetpack_newsletter_access":"","_jetpack_dont_email_post_to_subs":false,"_jetpack_newsletter_tier_id":0,"_jetpack_memberships_contains_paywalled_content":false,"_jetpack_memberships_contains_paid_content":false,"footnotes":"","jetpack_publicize_message":"","jetpack_publicize_feature_enabled":true,"jetpack_social_post_already_shared":false,"jetpack_social_options":{"image_generator_settings":{"template":"highway","default_image_id":0,"font":"","enabled":false},"version":2}},"categories":[20],"tags":[],"class_list":["post-44032","post","type-post","status-publish","format-standard","has-post-thumbnail","hentry","category-especysociales"],"aioseo_notices":[],"views":10,"jetpack_publicize_connections":[],"jetpack_featured_media_url":"https:\/\/i0.wp.com\/elterritorialweb.com.ar\/web\/wp-content\/uploads\/2022\/08\/PELICULA-SAN-MARTIN.jpg?fit=1474%2C870&ssl=1","jetpack_sharing_enabled":true,"_links":{"self":[{"href":"https:\/\/elterritorialweb.com.ar\/web\/wp-json\/wp\/v2\/posts\/44032","targetHints":{"allow":["GET"]}}],"collection":[{"href":"https:\/\/elterritorialweb.com.ar\/web\/wp-json\/wp\/v2\/posts"}],"about":[{"href":"https:\/\/elterritorialweb.com.ar\/web\/wp-json\/wp\/v2\/types\/post"}],"author":[{"embeddable":true,"href":"https:\/\/elterritorialweb.com.ar\/web\/wp-json\/wp\/v2\/users\/2"}],"replies":[{"embeddable":true,"href":"https:\/\/elterritorialweb.com.ar\/web\/wp-json\/wp\/v2\/comments?post=44032"}],"version-history":[{"count":1,"href":"https:\/\/elterritorialweb.com.ar\/web\/wp-json\/wp\/v2\/posts\/44032\/revisions"}],"predecessor-version":[{"id":44036,"href":"https:\/\/elterritorialweb.com.ar\/web\/wp-json\/wp\/v2\/posts\/44032\/revisions\/44036"}],"wp:featuredmedia":[{"embeddable":true,"href":"https:\/\/elterritorialweb.com.ar\/web\/wp-json\/wp\/v2\/media\/44033"}],"wp:attachment":[{"href":"https:\/\/elterritorialweb.com.ar\/web\/wp-json\/wp\/v2\/media?parent=44032"}],"wp:term":[{"taxonomy":"category","embeddable":true,"href":"https:\/\/elterritorialweb.com.ar\/web\/wp-json\/wp\/v2\/categories?post=44032"},{"taxonomy":"post_tag","embeddable":true,"href":"https:\/\/elterritorialweb.com.ar\/web\/wp-json\/wp\/v2\/tags?post=44032"}],"curies":[{"name":"wp","href":"https:\/\/api.w.org\/{rel}","templated":true}]}}