{"id":44037,"date":"2022-08-23T23:39:05","date_gmt":"2022-08-23T23:39:05","guid":{"rendered":"http:\/\/elterritorialweb.com.ar\/web\/?p=44037"},"modified":"2022-08-23T23:52:21","modified_gmt":"2022-08-23T23:52:21","slug":"el-planetario-movil-360-llego-a-la-banda-con-una-novedosa-propuesta-audiovisual","status":"publish","type":"post","link":"https:\/\/elterritorialweb.com.ar\/web\/el-planetario-movil-360-llego-a-la-banda-con-una-novedosa-propuesta-audiovisual\/","title":{"rendered":"EL PLANETARIO M\u00d3VIL 360\u00b0 LLEG\u00d3 A LA BANDA CON UNA NOVEDOSA PROPUESTA AUDIOVISUAL"},"content":{"rendered":"\n<p>En la oportunidad participaron 5 instituciones educativas con sus niveles inicial, primario y secundario, como es el caso del Colegio Miguel \u00c1ngel. El encargado de esta actividad, Emanuel Carrizo, explic\u00f3 lo siguiente: \u00abLa misma consiste en brindar unas proyecciones a 360\u00b0 donde los alumnos pueden disfrutar de im\u00e1genes sobre astronom\u00eda, dinosaurios, cultura Maya y biolog\u00eda con las aventuras de Darwin, en cada funci\u00f3n que dura 30 minutos.<br>El contenido de las proyecciones est\u00e1 orientado para alumnos de nivel inicial, primario y secundario, para que los alumnos vean una manera distinta de estudiar y poder trabajar en el aula y divertirse a la vez\u00bb.<br>Agreg\u00f3: \u00abLa respuesta de los colegios en esta primera jornada en la ciudad de La Banda fue muy positiva. Los chicos sal\u00edan del domo impactado con las im\u00e1genes y emocionado por la experiencia.<br>Por tal motivo, la idea es visitar diferentes instituciones educativas durante esta semana y posiblemente la semana que viene tambi\u00e9n ya que estamos recorriendo el pa\u00eds con esta novedosa propuesta\u00bb.<br>La pr\u00f3xima funci\u00f3n del Planetario M\u00f3vil ser\u00e1 el mi\u00e9rcoles 24 de agosto en la Escuela N\u00b01244. Los interesados en solicitar un turno para una funci\u00f3n lo pueden hacer a trav\u00e9s del siguiente n\u00famero 1173606937 (Nanci).<br>Finalmente, desde la empresa Full Dome Planetario M\u00f3vil Argentina agradecieron la colaboraci\u00f3n del municipio bande\u00f1o por ceder el espacio f\u00edsico para la primera jornada y por la difusi\u00f3n de la actividad.<\/p>\n","protected":false},"excerpt":{"rendered":"<p>Con el acompa\u00f1amiento de la Municipalidad de La Banda se desarroll\u00f3 con \u00e9xito la primera jornada de proyecciones a 360\u00b0 en el domo del Planetario M\u00f3vil que estuvo ubicado en el Patin\u00f3dromo Municipal.<\/p>\n","protected":false},"author":2,"featured_media":44038,"comment_status":"open","ping_status":"open","sticky":false,"template":"","format":"standard","meta":{"om_disable_all_campaigns":false,"_monsterinsights_skip_tracking":false,"_monsterinsights_sitenote_active":false,"_monsterinsights_sitenote_note":"","_monsterinsights_sitenote_category":0,"_uf_show_specific_survey":0,"_uf_disable_surveys":false,"jetpack_post_was_ever_published":false,"_jetpack_newsletter_access":"","_jetpack_dont_email_post_to_subs":false,"_jetpack_newsletter_tier_id":0,"_jetpack_memberships_contains_paywalled_content":false,"_jetpack_memberships_contains_paid_content":false,"footnotes":"","jetpack_publicize_message":"","jetpack_publicize_feature_enabled":true,"jetpack_social_post_already_shared":false,"jetpack_social_options":{"image_generator_settings":{"template":"highway","default_image_id":0,"font":"","enabled":false},"version":2}},"categories":[21],"tags":[],"class_list":["post-44037","post","type-post","status-publish","format-standard","has-post-thumbnail","hentry","category-locales"],"aioseo_notices":[],"views":10,"jetpack_publicize_connections":[],"jetpack_featured_media_url":"https:\/\/i0.wp.com\/elterritorialweb.com.ar\/web\/wp-content\/uploads\/2022\/08\/WhatsApp-Image-2022-08-23-at-5.47.58-PM.jpeg?fit=1531%2C1007&ssl=1","jetpack_sharing_enabled":true,"_links":{"self":[{"href":"https:\/\/elterritorialweb.com.ar\/web\/wp-json\/wp\/v2\/posts\/44037","targetHints":{"allow":["GET"]}}],"collection":[{"href":"https:\/\/elterritorialweb.com.ar\/web\/wp-json\/wp\/v2\/posts"}],"about":[{"href":"https:\/\/elterritorialweb.com.ar\/web\/wp-json\/wp\/v2\/types\/post"}],"author":[{"embeddable":true,"href":"https:\/\/elterritorialweb.com.ar\/web\/wp-json\/wp\/v2\/users\/2"}],"replies":[{"embeddable":true,"href":"https:\/\/elterritorialweb.com.ar\/web\/wp-json\/wp\/v2\/comments?post=44037"}],"version-history":[{"count":2,"href":"https:\/\/elterritorialweb.com.ar\/web\/wp-json\/wp\/v2\/posts\/44037\/revisions"}],"predecessor-version":[{"id":44044,"href":"https:\/\/elterritorialweb.com.ar\/web\/wp-json\/wp\/v2\/posts\/44037\/revisions\/44044"}],"wp:featuredmedia":[{"embeddable":true,"href":"https:\/\/elterritorialweb.com.ar\/web\/wp-json\/wp\/v2\/media\/44038"}],"wp:attachment":[{"href":"https:\/\/elterritorialweb.com.ar\/web\/wp-json\/wp\/v2\/media?parent=44037"}],"wp:term":[{"taxonomy":"category","embeddable":true,"href":"https:\/\/elterritorialweb.com.ar\/web\/wp-json\/wp\/v2\/categories?post=44037"},{"taxonomy":"post_tag","embeddable":true,"href":"https:\/\/elterritorialweb.com.ar\/web\/wp-json\/wp\/v2\/tags?post=44037"}],"curies":[{"name":"wp","href":"https:\/\/api.w.org\/{rel}","templated":true}]}}