{"id":44040,"date":"2022-08-23T23:44:18","date_gmt":"2022-08-23T23:44:18","guid":{"rendered":"http:\/\/elterritorialweb.com.ar\/web\/?p=44040"},"modified":"2022-08-23T23:44:18","modified_gmt":"2022-08-23T23:44:18","slug":"nediani-acompano-el-trabajo-de-erradicacion-de-basurales-en-espacios-publicos","status":"publish","type":"post","link":"https:\/\/elterritorialweb.com.ar\/web\/nediani-acompano-el-trabajo-de-erradicacion-de-basurales-en-espacios-publicos\/","title":{"rendered":"NEDIANI ACOMPA\u00d1\u00d3 EL TRABAJO DE ERRADICACI\u00d3N DE BASURALES EN ESPACIOS P\u00daBLICOS"},"content":{"rendered":"\n<p>En la ma\u00f1ana del martes, personal de la Secretar\u00eda de Servicios, a trav\u00e9s de las direcciones de Higiene y Riego, moviliz\u00f3 una flota de 20 camiones recolectores y palas mec\u00e1nicas para levantar la gran cantidad de residuos arrojados en inmediaciones a uno de los principales accesos al barrio 17 de Octubre.<br>En este sentido, Nediani, manifest\u00f3: \u00abQuiero agradecer al personal de la Secretar\u00eda de Servicios P\u00fablicos por el trabajo permanente que realizan erradicando basurales que forman en los espacios p\u00fablicos por el accionar de vecinos desaprensivos y en este sentido queremos pedir la colaboraci\u00f3n de todos\u00bb.<br>Agreg\u00f3: \u00abNo solo les pedimos tener m\u00e1s conciencia a la hora de arrojar la basura en cualquier lado, porque les recordamos que esto es una infracci\u00f3n por lo que puede ser denunciado por quienes vean est\u00e1n conductas. Esta denuncia puede ser realizada en Obrador San Carlos de lunes a viernes de 8 a 12. As\u00ed tambi\u00e9n si quieren llegarse a avisar que hay basura acumulada en alg\u00fan sector pueden hacerlo porque es una forma en la que podemos continuar restaurando el v\u00ednculo con el vecino\u00bb.<\/p>\n\n\n\n<figure class=\"wp-block-image size-large\"><a href=\"https:\/\/i0.wp.com\/elterritorialweb.com.ar\/web\/wp-content\/uploads\/2022\/08\/WhatsApp-Image-2022-08-23-at-5.51.07-PM.jpeg\"><img data-recalc-dims=\"1\" decoding=\"async\" width=\"640\" height=\"343\" data-src=\"https:\/\/i0.wp.com\/elterritorialweb.com.ar\/web\/wp-content\/uploads\/2022\/08\/WhatsApp-Image-2022-08-23-at-5.51.07-PM.jpeg?resize=640%2C343\" alt=\"\" class=\"wp-image-44041 lazyload\" data-srcset=\"https:\/\/i0.wp.com\/elterritorialweb.com.ar\/web\/wp-content\/uploads\/2022\/08\/WhatsApp-Image-2022-08-23-at-5.51.07-PM.jpeg?resize=1024%2C548&amp;ssl=1 1024w, https:\/\/i0.wp.com\/elterritorialweb.com.ar\/web\/wp-content\/uploads\/2022\/08\/WhatsApp-Image-2022-08-23-at-5.51.07-PM.jpeg?resize=300%2C161&amp;ssl=1 300w, https:\/\/i0.wp.com\/elterritorialweb.com.ar\/web\/wp-content\/uploads\/2022\/08\/WhatsApp-Image-2022-08-23-at-5.51.07-PM.jpeg?resize=768%2C411&amp;ssl=1 768w, https:\/\/i0.wp.com\/elterritorialweb.com.ar\/web\/wp-content\/uploads\/2022\/08\/WhatsApp-Image-2022-08-23-at-5.51.07-PM.jpeg?w=1089&amp;ssl=1 1089w\" data-sizes=\"(max-width: 640px) 100vw, 640px\" src=\"data:image\/svg+xml;base64,PHN2ZyB3aWR0aD0iMSIgaGVpZ2h0PSIxIiB4bWxucz0iaHR0cDovL3d3dy53My5vcmcvMjAwMC9zdmciPjwvc3ZnPg==\" style=\"--smush-placeholder-width: 640px; --smush-placeholder-aspect-ratio: 640\/343;\" \/><\/a><\/figure>\n\n\n\n<p>Por su parte el secretario de Servicios P\u00fablicos, Cristian Mendoza, manifest\u00f3: \u00abContinuando por esta l\u00ednea trasladar por el intendente vamos a comenzar a habilitar Unidades Operativas en los diferentes barrios para que los vecinos puedan llegarse y gestionar diferencias inquietudes que tengan en relaci\u00f3n a la limpieza y mantenimiento de la ciudad\u00bb.<br>Las tareas se complementaron con la fumigaci\u00f3n en todo el sector para controlar la proliferaci\u00f3n de mosquitos y alima\u00f1as.<\/p>\n","protected":false},"excerpt":{"rendered":"<p>El intendente Roger Nediani supervis\u00f3 el desarrollo de un operativo integral de erradicaci\u00f3n de un basural de amplias dimensiones en el acceso al barrio 17 de Octubre sobre Ruta Provincial N\u00b0 8.<\/p>\n","protected":false},"author":2,"featured_media":44042,"comment_status":"open","ping_status":"open","sticky":false,"template":"","format":"standard","meta":{"om_disable_all_campaigns":false,"_monsterinsights_skip_tracking":false,"_monsterinsights_sitenote_active":false,"_monsterinsights_sitenote_note":"","_monsterinsights_sitenote_category":0,"_uf_show_specific_survey":0,"_uf_disable_surveys":false,"jetpack_post_was_ever_published":false,"_jetpack_newsletter_access":"","_jetpack_dont_email_post_to_subs":false,"_jetpack_newsletter_tier_id":0,"_jetpack_memberships_contains_paywalled_content":false,"_jetpack_memberships_contains_paid_content":false,"footnotes":"","jetpack_publicize_message":"","jetpack_publicize_feature_enabled":true,"jetpack_social_post_already_shared":false,"jetpack_social_options":{"image_generator_settings":{"template":"highway","default_image_id":0,"font":"","enabled":false},"version":2}},"categories":[21],"tags":[],"class_list":["post-44040","post","type-post","status-publish","format-standard","has-post-thumbnail","hentry","category-locales"],"aioseo_notices":[],"views":8,"jetpack_publicize_connections":[],"jetpack_featured_media_url":"https:\/\/i0.wp.com\/elterritorialweb.com.ar\/web\/wp-content\/uploads\/2022\/08\/WhatsApp-Image-2022-08-23-at-5.51.08-PM.jpeg?fit=1280%2C845&ssl=1","jetpack_sharing_enabled":true,"_links":{"self":[{"href":"https:\/\/elterritorialweb.com.ar\/web\/wp-json\/wp\/v2\/posts\/44040","targetHints":{"allow":["GET"]}}],"collection":[{"href":"https:\/\/elterritorialweb.com.ar\/web\/wp-json\/wp\/v2\/posts"}],"about":[{"href":"https:\/\/elterritorialweb.com.ar\/web\/wp-json\/wp\/v2\/types\/post"}],"author":[{"embeddable":true,"href":"https:\/\/elterritorialweb.com.ar\/web\/wp-json\/wp\/v2\/users\/2"}],"replies":[{"embeddable":true,"href":"https:\/\/elterritorialweb.com.ar\/web\/wp-json\/wp\/v2\/comments?post=44040"}],"version-history":[{"count":1,"href":"https:\/\/elterritorialweb.com.ar\/web\/wp-json\/wp\/v2\/posts\/44040\/revisions"}],"predecessor-version":[{"id":44043,"href":"https:\/\/elterritorialweb.com.ar\/web\/wp-json\/wp\/v2\/posts\/44040\/revisions\/44043"}],"wp:featuredmedia":[{"embeddable":true,"href":"https:\/\/elterritorialweb.com.ar\/web\/wp-json\/wp\/v2\/media\/44042"}],"wp:attachment":[{"href":"https:\/\/elterritorialweb.com.ar\/web\/wp-json\/wp\/v2\/media?parent=44040"}],"wp:term":[{"taxonomy":"category","embeddable":true,"href":"https:\/\/elterritorialweb.com.ar\/web\/wp-json\/wp\/v2\/categories?post=44040"},{"taxonomy":"post_tag","embeddable":true,"href":"https:\/\/elterritorialweb.com.ar\/web\/wp-json\/wp\/v2\/tags?post=44040"}],"curies":[{"name":"wp","href":"https:\/\/api.w.org\/{rel}","templated":true}]}}